{"id":465251,"date":"2025-10-15T15:59:12","date_gmt":"2025-10-15T15:59:12","guid":{"rendered":"https:\/\/www.europesays.com\/fr\/465251\/"},"modified":"2025-10-15T15:59:12","modified_gmt":"2025-10-15T15:59:12","slug":"jean-jacques-goldman-je-ne-connaissais-pas-trop-cetait-un-mec-qui-chantait-aigue-et-je-netais-pas-fan-absolu","status":"publish","type":"post","link":"https:\/\/www.europesays.com\/fr\/465251\/","title":{"rendered":"Jean-Jacques Goldman, je ne connaissais pas trop. C&rsquo;\u00e9tait un mec qui chantait aigu\u00eb et je n&rsquo;\u00e9tais pas fan absolu"},"content":{"rendered":"<p class=\"ap-StoryElement ap-StoryElement--mb ap-StoryText\">De sa voix douce, il vient nous parler d&rsquo;H\u00e9ritage Goldman 2 dont il est le directeur artistique. Ce nouveau spectacle mettant \u00e0 l&rsquo;honneur les morceaux du golden-boy de la chanson fran\u00e7aise passe par Forest National le dimanche 19 octobre. Mais aussi de G\u00e9n\u00e9ration C\u00e9line, concept sensiblement identique centr\u00e9 sur l&rsquo;\u0153uvre de C\u00e9line Dion qui fera \u00e9tape au m\u00eame endroit le 19 f\u00e9vrier. Pour un retrait\u00e9, voil\u00e0 deux gros b\u00e9b\u00e9s sur les bras\u2026<\/p>\n<p><a href=\"https:\/\/www.dhnet.be\/medias\/musique\/2021\/10\/09\/jean-jacques-goldman-un-paradoxe-magnifique-et-hors-norme-E7M6SW6IHJGT3BMG5OGEWZ5XIY\/\" target=\"_blank\" rel=\"noopener noreferrer\" class=\"ap-StoryInterstitialLink ap-StoryElement ap-StoryElement--mb\">Jean-Jacques Goldman, un paradoxe magnifique et hors-norme<\/a><\/p>\n<p class=\"text-left ap-StoryElement ap-StoryElement--mb ap-StoryText\"><b>Quelle diff\u00e9rence y a-t-il entre le premier H\u00e9ritage Goldman et la deuxi\u00e8me version qui arrive le 19 octobre<\/b> <b>?<\/b><\/p>\n<p class=\"text-left ap-StoryElement ap-StoryElement--mb ap-StoryText\">\u00ab\u00a0Hormis le fait que <a href=\"https:\/\/www.dhnet.be\/medias\/musique\/2022\/01\/22\/jean-jacques-goldman-comme-vous-ne-lavez-jamais-entendu-3ZSTX5LDYZCI7LDABXWX6XU3SQ\/\" target=\"_self\" rel=\"noopener\">l&rsquo;\u00e9quipe \u00e9tait remani\u00e9e, parce que Michael (Jones, NdlR) a arr\u00eat\u00e9<\/a>, ce qui \u00e9tait pr\u00e9vu, on a laiss\u00e9 la place \u00e0 la nouvelle g\u00e9n\u00e9ration et on a un peu chang\u00e9 le r\u00e9pertoire. On a ajout\u00e9 des chansons que Jean-Jacques a \u00e9crites pour les autres. Les gens vont d\u00e9couvrir des tubes comme &lsquo;A\u00efcha&rsquo; (Khaled, NdlR), &lsquo;L&rsquo;envie&rsquo; (Johnny Hallyday, NdlR), \u00ab\u00a0Il me dit que je suis belle\u00a0\u00bb (Patricia Kaas, NdlR), sans savoir peut-\u00eatre que c&rsquo;est Jean-Jacques qui les a \u00e9crites. \u00c7a montre son immense carri\u00e8re comme auteur-compositeur\u00a0\u00bb<\/p>\n<p class=\"text-left ap-StoryElement ap-StoryElement--mb ap-StoryText\"><b>Comment a-t-il accueilli l&rsquo;id\u00e9e<\/b> <b>?<\/b><\/p>\n<p class=\"ap-StoryElement ap-StoryElement--mb ap-StoryText\">\u00ab\u00a0Quand je lui ai dit que j&rsquo;ai fait une nouvelle version du spectacle avec ces titres-l\u00e0, il ne se rappelait plus qu&rsquo;il avait \u00e9crit \u00e7a. Ou plut\u00f4t, il ne savait pas que, dans le cadre d&rsquo;un spectacle comme H\u00e9ritage Goldman, \u00e7a pouvait aussi \u00eatre des tubes connus. Pour les gens qui ont d\u00e9j\u00e0 vu le premier H\u00e9ritage Goldman, celui-ci est, je pense, un peu mieux m\u00eame. Plus rod\u00e9, plus fun encore.\u00a0\u00bb<\/p>\n<p class=\"text-left ap-StoryElement ap-StoryElement--mb ap-StoryText\"><b>Vous soumettez tout \u00e0 Jean-Jacques Goldman<\/b> <b>? Il faut son aval<\/b> <b>?<\/b><\/p>\n<p class=\"text-left ap-StoryElement ap-StoryElement--mb ap-StoryText\">\u00ab\u00a0Pas du tout. Il n&rsquo;en a un peu rien \u00e0 faire. Il me dit : &lsquo;je te fais confiance&rsquo;. C&rsquo;est plus par amiti\u00e9 pour lui que je lui en parle, ce sont quand m\u00eame ses chansons. Lui, il ne veut pas s&rsquo;en m\u00ealer, il est juste heureux de savoir qu&rsquo;il y a de jeunes g\u00e9n\u00e9rations qui chantent ses chansons. Et des gens heureux de venir taper des mains et chanter.\u00a0\u00bb<\/p>\n<p><a href=\"https:\/\/www.dhnet.be\/medias\/2024\/04\/10\/jean-jacques-goldman-cest-lartiste-qui-minspire-le-plus-en-france-qui-est-joseph-kamel-le-musicien-aux-multiples-casquettes-BA7LYGDMNBARHIFAZRRK52KAKE\/\" target=\"_blank\" rel=\"noopener noreferrer\" class=\"ap-StoryInterstitialLink ap-StoryElement ap-StoryElement--mb\">\u00ab\u00a0Jean-Jacques Goldman, c&rsquo;est l&rsquo;artiste qui m&rsquo;inspire le plus en France \u00ab\u00a0: qui est Joseph Kamel, le musicien aux multiples casquettes<\/a><\/p>\n<p class=\"text-left ap-StoryElement ap-StoryElement--mb ap-StoryText\"><b>Cette confiance fait de vous le gardien du temple<\/b> <b>?<\/b><\/p>\n<p class=\"text-left ap-StoryElement ap-StoryElement--mb ap-StoryText\">\u00ab\u00a0C&rsquo;est ce qu&rsquo;on dit, oui. Il y a longtemps, il m&rsquo;a dit : &lsquo;tu sais, quand on va beaucoup parler de ces choses-l\u00e0, et que moi je ne le ferai plus, ben ce sera un peu \u00e0 toi de le faire toi. Parce qu&rsquo;au moins toi, tu sais de quoi tu parles. Sinon, ils vont poser des questions \u00e0 des gens qui n&rsquo;ont jamais rien vu et qui diront des choses fausses.\u00a0\u00bb<\/p>\n<p class=\"text-left ap-StoryElement ap-StoryElement--mb ap-StoryText\"><b>Vous n&rsquo;aviez jamais imagin\u00e9, \u00e0 l&rsquo;\u00e9poque qu&rsquo;un jour vous alliez d\u00e9fendre son \u0153uvre \u00e0 sa place<\/b> <b>?<\/b><\/p>\n<p class=\"text-left ap-StoryElement ap-StoryElement--mb ap-StoryText\">\u00ab\u00a0On est amis en dehors de la musique. J&rsquo;aime autant qu&rsquo;on parle de mon ami avec les bons mots, c&rsquo;est tout. Au d\u00e9but, je ne voulais pas faire ces spectacles. Si j&rsquo;ai finalement accept\u00e9, c&rsquo;est parce que je me suis demand\u00e9 si cela allait \u00eatre fait dans le respect de ce que Jean-Jacques aurait fait. Aussi parce qu&rsquo;on m&rsquo;a donn\u00e9 carte blanche pour tout : choix des musiciens, des chanteurs, du r\u00e9pertoire, de la mise en sc\u00e8ne. C&rsquo;est une gr\u00e2ce qu&rsquo;on nous fait aussi, donc c&rsquo;est difficile de refuser.\u00a0\u00bb<\/p>\n<p class=\"text-left ap-StoryElement ap-StoryElement--mb ap-StoryText\"><b>S&rsquo;agissant du r\u00e9pertoire, ne choisir<\/b> <b>\u00ab\u00a0que\u00a0\u00bb 25 titres de Jean-Jacques Goldman, ce doit \u00eatre un cr\u00e8ve-c\u0153ur<\/b> <b>?<\/b><\/p>\n<p class=\"ap-StoryElement ap-StoryElement--mb ap-StoryText\">\u00ab\u00a0Surtout qu&rsquo;ici, comme on a ajout\u00e9 des morceaux qu&rsquo;il a \u00e9crits pour d&rsquo;autres, il a fallu enlever certains des siens. C&rsquo;\u00e9tait un petit peu mortif\u00e8re, mais on est arriv\u00e9 \u00e0 un bon \u00e9quilibre.\u00a0\u00bb<\/p>\n<p class=\"ap-StoryElement ap-StoryElement--mb ap-StoryText\"><b>Il y a une marque de fabrique Jean-Jacques Goldman. On entend deux ou trois mesures, on sait que c&rsquo;est une de ses chansons\u2026<\/b><\/p>\n<p class=\"ap-StoryElement ap-StoryElement--mb ap-StoryText\">\u00ab\u00a0C&rsquo;est l&rsquo;avantage avec Jean-Jacques. Comme tout n&rsquo;est pas bas\u00e9 uniquement sur sa voix mais aussi sur l&rsquo;\u00e9criture, il suffit de respecter l&rsquo;\u00e9motion qu&rsquo;il a donn\u00e9e au moment o\u00f9 il a \u00e9crit la chanson pour que \u00e7a soit juste. Et m\u00eame si la voix est assez diff\u00e9rente, les gens s&rsquo;y retrouvent. Ils arrivent \u00e0 oublier pendant deux heures que Jean-Jacques n&rsquo;est pas l\u00e0. Parce que la chanson est forte, les textes sont l\u00e0, et la mani\u00e8re d&rsquo;interpr\u00e9ter d\u00e9gage le m\u00eame style d&rsquo;\u00e9motion que Jean-Jacques a voulu donner. Ce n&rsquo;est pas une parodie.\u00a0\u00bb<\/p>\n<p><a href=\"https:\/\/www.dhnet.be\/medias\/musique\/2014\/08\/22\/le-business-de-jean-jacques-goldman-DDMY2Y2DJREAJCGWIM4ZAOVE64\/\" target=\"_blank\" rel=\"noopener noreferrer\" class=\"ap-StoryInterstitialLink ap-StoryElement ap-StoryElement--mb\">Le business de Jean-Jacques Goldman<\/a><\/p>\n<p class=\"text-left ap-StoryElement ap-StoryElement--mb ap-StoryText\"><b>C&rsquo;est la marque des plus grands de voir d&rsquo;autres interpr\u00e9ter leurs tubes et le public sortir avec le sourire<\/b> <b>?<\/b><\/p>\n<p class=\"text-left ap-StoryElement ap-StoryElement--mb ap-StoryText\">\u00ab\u00a0C&rsquo;est ce qu&rsquo;on appelle les standards. C&rsquo;est la force de Paul McCartney. Il y a au moins dix fois par jour quelqu&rsquo;un qui joue &lsquo;Yesterday&rsquo;. L&rsquo;\u0153uvre a d\u00e9pass\u00e9 le ma\u00eetre. Il y a m\u00eame des reprises qui sont presque plus connues que l&rsquo;originale. Combien de gamins pensent qu\u00a0\u00bbHallelujah&rsquo; a \u00e9t\u00e9 \u00e9crite par Jeff Buckley alors que c&rsquo;est Leonard Cohen. Ils ne connaissent pas la version originale. Jean-Jacques, c&rsquo;est \u00e7a. Quand il passe dans des endroits, il entend des gens qui chantent ses chansons et il se dit : &lsquo;j&rsquo;ai \u00e9crit quelque chose qui me d\u00e9passe, qui est pass\u00e9 de la post\u00e9rit\u00e9.\u00a0\u00bb<\/p>\n<blockquote class=\"ap-StoryQuote ap-StoryQuote--pullquote\"><p>guillement<\/p>\n<p class=\"ap-StoryQuote-text\">Avec Jean-Jacques, on \u00e9tait libre de mettre du violon ou de la vielle \u00e0 roue sur un truc duTop 50.\u00a0\u00bb<\/p>\n<\/blockquote>\n<p class=\"ap-StoryElement ap-StoryElement--mb ap-StoryText\"><b>Comment \u00e9tait-ce de travailler avec lui ?<\/b><\/p>\n<p class=\"ap-StoryElement ap-StoryElement--mb ap-StoryText\">\u00ab\u00a0La seule chose que je puisse faire, c&rsquo;est comparer avec les autres. Avec Jean-Jacques, \u00e7a a toujours \u00e9t\u00e9 un rythme sans aucune pression. Au lieu de faire un album et de se dire qu&rsquo;on y va \u00e0 fond pendant quelques mois, on travaillait sur quatre titres, on arr\u00eatait un mois, puis on revenait sur quatre titres, le temps de dig\u00e9rer ce qu&rsquo;on a fait. On mettait neuf mois pour faire un album mais par tranches. Il n&rsquo;y a jamais eu de pression, \u00e7a s&rsquo;est toujours fait dans la facilit\u00e9.\u00a0\u00bb<\/p>\n<p><a href=\"https:\/\/www.dhnet.be\/medias\/livresbd\/2023\/08\/24\/jean-jacques-goldman-je-suis-triste-pour-les-gens-qui-se-font-duper-en-achetant-ces-livres-qui-parlent-de-moi-AWAGUFC4AJALFGJYVEVY5WSETA\/\" target=\"_blank\" rel=\"noopener noreferrer\" class=\"ap-StoryInterstitialLink ap-StoryElement ap-StoryElement--mb\">Jean-Jacques Goldman: \u00ab\u00a0Je suis triste pour les gens qui se font duper en achetant ces livres qui parlent de moi\u00a0\u00bb<\/a><\/p>\n<p class=\"text-left ap-StoryElement ap-StoryElement--mb ap-StoryText\"><b>Quel \u00e9tait votre r\u00f4le quand vous travailliez avec lui<\/b> <b>?<\/b><\/p>\n<p class=\"text-left ap-StoryElement ap-StoryElement--mb ap-StoryText\">\u00ab\u00a0J&rsquo;\u00e9tais apporteur d&rsquo;id\u00e9es, le r\u00e9servoir d&rsquo;id\u00e9es. Donc, je pouvais explorer les choses. Lui, il disait oui ou non, c&rsquo;est le jeu. \u00c7a me permettait de dire : &lsquo;si on mettait un c\u0153ur d&rsquo;arm\u00e9e rouge l\u00e0 ?&rsquo; Ou : &lsquo;si on mettait des voix bulgares ?&rsquo; Ce qui \u00e9tait cool \u00e0 l&rsquo;\u00e9poque, c&rsquo;est qu&rsquo;il n&rsquo;y avait pas de probl\u00e8me de budget. On pouvait se permettre de faire des exp\u00e9rimentations qu&rsquo;on ne pouvait pas faire avec des artistes qui d\u00e9butaient. Car avec ces derniers, il fallait faire attention au quota de radio et il y avait des contraintes musicales. Avec Jean-Jacques, on \u00e9tait libre de mettre du violon ou de la vielle \u00e0 roue sur un truc duTop 50.\u00a0\u00bb<\/p>\n<p class=\"text-left ap-StoryElement ap-StoryElement--mb ap-StoryText\"><b>J&rsquo;avais \u00e9t\u00e9 surpris en regardant le DVD qui accompagnait <\/b><b>Chanson pour les pieds<\/b><b>, de voir Jean-Jacques Goldman, d&rsquo;ailleurs croqu\u00e9 par Zep, en charentaises qui enregistre entre quatre matelas entass\u00e9s dans une chambre. C&rsquo;est inhabituel pour un chanteur qui vend des millions de disques\u2026<\/b><\/p>\n<p class=\"ap-StoryElement ap-StoryElement--mb ap-StoryText\">\u00ab\u00a0Jean-Jacques voulait enregistrer un nouvel album mais sans bouger de chez lui. Il \u00e9tait bien \u00e0 Marseille. Il m&rsquo;avait demand\u00e9 si techniquement, il \u00e9tait possible d&rsquo;enregistrer chez lui et non dans un studio. On s&rsquo;en fout des studios sauf quand il s&rsquo;agit de mixer parce qu&rsquo;il y a des contraintes sonores \u00e0 respecter. On a enregistr\u00e9 dans un trois-pi\u00e8ces, sans contraintes de temps puisqu&rsquo;on ne payait rien. On \u00e9tait \u00e0 la maison, c&rsquo;\u00e9tait d\u00e9tendu. C&rsquo;est l\u00e0 que le meilleur de l&rsquo;artiste va sortir. J&rsquo;ai fait \u00e7a avec beaucoup d&rsquo;artistes. J&rsquo;ai enregistr\u00e9 \u00e0 la montagne, \u00e0 la mer, dans un manoir \u00e0 Bretagne\u2026 Je venais avec mon petit camion. On a enregistr\u00e9 la chanson &lsquo;Bienvenue chez moi&rsquo; avec Florent Pagny, dans la grange de ses parents, en Bourgogne. Celle de son enfance. Il n&rsquo;y avait m\u00eame pas de porte, il fallait mettre le camion devant pour la fermer la nuit.\u00a0\u00bb<\/p>\n<p><a href=\"https:\/\/www.dhnet.be\/lifestyle\/people\/2025\/09\/25\/jean-jacques-goldman-a-londres-cest-fini-J7FEINTLZ5DFNJ4N75HOCIOEYA\/\" target=\"_blank\" rel=\"noopener noreferrer\" class=\"ap-StoryInterstitialLink ap-StoryElement ap-StoryElement--mb\">Jean-Jacques Goldman \u00e0 Londres, c&rsquo;est fini !<\/a><\/p>\n<blockquote class=\"ap-StoryQuote ap-StoryQuote--pullquote\"><p>guillement<\/p>\n<p class=\"ap-StoryQuote-text\">Il sait faire des m\u00e9lodies qui touchent, avec des mots simples mais pas simplistes. Il n&rsquo;en fait pas trop non plus.\u00a0\u00bb<\/p>\n<\/blockquote>\n<p class=\"ap-StoryElement ap-StoryElement--mb ap-StoryText\"><b>Vous souvenez-vous de votre premi\u00e8re rencontre avec Jean-Jacques Goldman ?<\/b><\/p>\n<p class=\"text-left ap-StoryElement ap-StoryElement--mb ap-StoryText\">\u00ab\u00a0Tr\u00e8s bien. J&rsquo;\u00e9tais chez RTL, \u00e0 Paris, avec le groupe Canada pour promouvoir notre single. Il \u00e9tait l\u00e0 aussi, dans la m\u00eame \u00e9mission. Il nous a remarqu\u00e9s parce qu&rsquo;assis par terre dans les couloirs, on chantait du Crosby, Still &amp; Nash, \u00e0 4 voix. On aimait \u00e7a et lui aussi \u00e9tait fan. Le courant est tout de suite pass\u00e9 parce qu&rsquo;on avait les m\u00eames r\u00e9f\u00e9rences musicales : rock, rock sudiste, etc. Il a ador\u00e9 le groupe et l&rsquo;album, et il nous a propos\u00e9 de faire la premi\u00e8re partie de sa tourn\u00e9e. On a dit : &lsquo;attends, on va r\u00e9fl\u00e9chir&rsquo;. Deux secondes plus tard, c&rsquo;\u00e9tait oui et on a jou\u00e9 devant 5000 personnes. C&rsquo;est comme \u00e7a que l&rsquo;amiti\u00e9 s&rsquo;est cr\u00e9\u00e9e et que je l&rsquo;ai d\u00e9couvert. Parce que moi, Jean-Jacques Goldman, je ne connaissais pas trop. C&rsquo;\u00e9tait un mec qui chantait aigu\u00eb et je n&rsquo;\u00e9tais pas fan absolu de \u00e7a. Mais en l&rsquo;observant sur le c\u00f4t\u00e9 quand il montait sur sc\u00e8ne, j&rsquo;ai vu ce qu&rsquo;il se passait entre le public et lui. Qu&rsquo;est-ce qu&rsquo;il donne aux gens et ce que les gens lui rendent, c&rsquo;est magique.\u00a0\u00bb<\/p>\n<p class=\"ap-StoryElement ap-StoryElement--mb ap-StoryText\"><b>Elle s&rsquo;explique comment cette magie Jean-Jacques Goldman ?<\/b><\/p>\n<p class=\"text-left ap-StoryElement ap-StoryElement--mb ap-StoryText\">\u00ab\u00a0Je ne sais pas, il y a un truc qui vient comme \u00e7a. Ce qui est certain, c&rsquo;est qu&rsquo;il aime les gens et qu&rsquo;il est l\u00e0 pour leur raconter une histoire avec sinc\u00e9rit\u00e9. Et puis, c&rsquo;est un excellent songwriter. Il sait faire des m\u00e9lodies qui touchent, avec des mots simples mais pas simplistes. Il n&rsquo;en fait pas trop non plus. Je pense que c&rsquo;est \u00e7a qui a march\u00e9, cette esp\u00e8ce de sinc\u00e9rit\u00e9, de ne pas tricher, et dire les choses avec talent. Et puis, l&rsquo;intelligence aussi, de ne pas trop jouer la star. C&rsquo;est un mec simple qui aimait sa vie d&rsquo;avant, corder des raquettes de tennis dans le magasin de sport, et qui trouvait que sa vie de musicien \u00e9tait aussi sympa. C&rsquo;est quelqu&rsquo;un qui dit bonjour, au revoir, boit de l&rsquo;eau, fait du v\u00e9lo. Il n&rsquo;a pas une Rolls\u2026 La sc\u00e8ne ne lui manque pas. <a href=\"https:\/\/www.dhnet.be\/medias\/musique\/2023\/12\/11\/non-jean-jacques-goldman-nest-pas-a-la-retraite-H3A6BR7SOBDA7AWR3NWK4FIP7A\/\" target=\"_self\" rel=\"noopener\">Il n&rsquo;a pas besoin d&rsquo;avoir cet orgasme sur sc\u00e8ne avec des gens qui l&rsquo;adulent comme l&rsquo;expliquait Mick Jagger. Ni de mourir sur sc\u00e8ne comme l&rsquo;avait d\u00e9clar\u00e9 Aznavour. <\/a>Jean-Jacques Goldman est devenu chanteur par d\u00e9pit. C&rsquo;est parce qu&rsquo;il n&rsquo;arrivait pas \u00e0 placer ses chansons qu&rsquo;il les a chant\u00e9es lui-m\u00eame. Et \u00e7a a march\u00e9. Mais en v\u00e9rit\u00e9, sa vraie passion, c&rsquo;est d&rsquo;\u00eatre seul dans son studio et d&rsquo;\u00e9crire des chansons. Il ne se consid\u00e8re pas comme le meilleur artiste du monde. Les meilleurs, pour lui, ce sont les autres. Vocalement, il consid\u00e8re qu&rsquo;il n&rsquo;est pas un chanteur. Pas compar\u00e9 \u00e0 C\u00e9line Dion, par exemple. Il dit qu&rsquo;il n&rsquo;est pas capable de faire ce qu&rsquo;elle fait. Cette humilit\u00e9, cette sinc\u00e9rit\u00e9, \u00e7a joue.\u00a0\u00bb<\/p>\n<p class=\"text-left ap-StoryElement ap-StoryElement--mb ap-StoryText\">H\u00e9ritage Goldman 2 : le 19 octobre \u00e0 Forest National. Infos et r\u00e9servations : <a href=\"https:\/\/www.forest-national.be\/fr\/evenement\/lhritage-goldman-2-a195878d\" target=\"_self\" rel=\"noopener\">www.forest-national.be<\/a> ou <a href=\"https:\/\/www.ticketmaster.be\/event\/l-heritage-goldman-2-billets\/64731?language=fr-be\" target=\"_self\" rel=\"noopener\">www.ticketmaster.be<\/a><\/p>\n<p class=\"text-left ap-StoryElement ap-StoryElement--mb ap-StoryText\">G\u00e9n\u00e9ration C\u00e9line : le 19 f\u00e9vrier \u00e0 Forest National. Infos et r\u00e9servations : <a href=\"https:\/\/www.forest-national.be\/fr\/evenement\/gnration-cline-c6b4d236\" target=\"_self\" rel=\"noopener\">www.forest-national.be<\/a> ou <a href=\"https:\/\/www.ticketmaster.be\/event\/generation-celine-billets\/65025?language=fr-be\" target=\"_self\" rel=\"noopener\">www.ticketmaster.be<\/a><\/p>\n<p><a href=\"https:\/\/www.dhnet.be\/medias\/television\/2021\/09\/24\/le-jour-ou-jean-jacques-goldman-a-traite-un-clip-realise-par-celine-dion-de-film-erotique-italien-LPNU4OX2KZFXZFVLFMFLRLMWXQ\/\" target=\"_blank\" rel=\"noopener noreferrer\" class=\"ap-StoryInterstitialLink ap-StoryElement ap-StoryElement--mb\">Le jour o\u00f9 Jean-Jacques Goldman a trait\u00e9 un clip r\u00e9alis\u00e9 par C\u00e9line Dion de \u00ab\u00a0film \u00e9rotique italien\u00a0\u00bb\u2026<\/a><\/p>\n","protected":false},"excerpt":{"rendered":"De sa voix douce, il vient nous parler d&rsquo;H\u00e9ritage Goldman 2 dont il est le directeur artistique. Ce&hellip;\n","protected":false},"author":2,"featured_media":465252,"comment_status":"","ping_status":"","sticky":false,"template":"","format":"standard","meta":{"footnotes":""},"categories":[1355],"tags":[11,1697,58,59,39716,1011,27,58900,820,1361,873],"class_list":{"0":"post-465251","1":"post","2":"type-post","3":"status-publish","4":"format-standard","5":"has-post-thumbnail","7":"category-musique","8":"tag-actualites","9":"tag-concert","10":"tag-divertissement","11":"tag-entertainment","12":"tag-forest-national","13":"tag-fr","14":"tag-france","15":"tag-goldman-jean-jacques","16":"tag-live","17":"tag-music","18":"tag-musique"},"share_on_mastodon":{"url":"https:\/\/pubeurope.com\/@fr\/115379016023059506","error":""},"_links":{"self":[{"href":"https:\/\/www.europesays.com\/fr\/wp-json\/wp\/v2\/posts\/465251","targetHints":{"allow":["GET"]}}],"collection":[{"href":"https:\/\/www.europesays.com\/fr\/wp-json\/wp\/v2\/posts"}],"about":[{"href":"https:\/\/www.europesays.com\/fr\/wp-json\/wp\/v2\/types\/post"}],"author":[{"embeddable":true,"href":"https:\/\/www.europesays.com\/fr\/wp-json\/wp\/v2\/users\/2"}],"replies":[{"embeddable":true,"href":"https:\/\/www.europesays.com\/fr\/wp-json\/wp\/v2\/comments?post=465251"}],"version-history":[{"count":0,"href":"https:\/\/www.europesays.com\/fr\/wp-json\/wp\/v2\/posts\/465251\/revisions"}],"wp:featuredmedia":[{"embeddable":true,"href":"https:\/\/www.europesays.com\/fr\/wp-json\/wp\/v2\/media\/465252"}],"wp:attachment":[{"href":"https:\/\/www.europesays.com\/fr\/wp-json\/wp\/v2\/media?parent=465251"}],"wp:term":[{"taxonomy":"category","embeddable":true,"href":"https:\/\/www.europesays.com\/fr\/wp-json\/wp\/v2\/categories?post=465251"},{"taxonomy":"post_tag","embeddable":true,"href":"https:\/\/www.europesays.com\/fr\/wp-json\/wp\/v2\/tags?post=465251"}],"curies":[{"name":"wp","href":"https:\/\/api.w.org\/{rel}","templated":true}]}}