{"id":465255,"date":"2025-10-15T16:01:25","date_gmt":"2025-10-15T16:01:25","guid":{"rendered":"https:\/\/www.europesays.com\/fr\/465255\/"},"modified":"2025-10-15T16:01:25","modified_gmt":"2025-10-15T16:01:25","slug":"gastro-enterite-3-nourrissons-decedes-a-la-reunion-des-investigations-en-cours-linfo-re","status":"publish","type":"post","link":"https:\/\/www.europesays.com\/fr\/465255\/","title":{"rendered":"Gastro-ent\u00e9rite : 3 nourrissons d\u00e9c\u00e9d\u00e9s \u00e0 La R\u00e9union, des investigations en cours &#8211; LINFO.re"},"content":{"rendered":"<p>La R\u00e9union est en phase \u00e9pid\u00e9mique de gastro-ent\u00e9rite. Les enfants de moins de 2 ans sont particuli\u00e8rement touch\u00e9s. Selon l\u2019ARS, deux d\u00e9c\u00e8s signal\u00e9s en lien avec des cas de gastro-ent\u00e9rite aigu\u00eb sont en cours d\u2019investigation. Mal soign\u00e9e, l\u2019inflammation de la paroi de l\u2019estomac et de l\u2019intestin peut \u00eatre mortelle. Les autorit\u00e9s sanitaires rappellent l\u2019importance des gestes de pr\u00e9vention.<\/p>\n<p style=\"text-align: justify;\">Vomissements, diarrh\u00e9es, crampes abdominales\u00a0: la gastro-ent\u00e9rite fait son retour sur l\u2019\u00eele. Les enfants de moins de 5 ans sont les plus touch\u00e9s, avec plus d\u2019un quart des cas recens\u00e9s.<\/p>\n<p>Selon Sant\u00e9 publique France, 78 passages aux urgences ont \u00e9t\u00e9 enregistr\u00e9s entre fin septembre et d\u00e9but octobre, contre 44 \u00e0 la mi-septembre. Dans les pharmacies, les conseils restent les m\u00eames\u00a0: l\u2019hygi\u00e8ne est le meilleur moyen de se prot\u00e9ger. \u00ab\u00a0\u00a0Il faut penser \u00e0 bien r\u00e9hydrater l\u2019enfant, aller voir le m\u00e9decin, il peut y avoir de la fi\u00e8vre \u00e9galement. Il faut \u00eatre vigilant si jamais il y a des sympt\u00f4mes importants, notamment chez les moins de 2 ans\u00a0\u00bb, explique No\u00e9line Caroff, pharmacienne.<\/p>\n<p>Les services de r\u00e9animation p\u00e9diatrique de l\u2019\u00eele ont alert\u00e9 l\u2019ARS \u00e0 la suite de trois d\u00e9c\u00e8s de nourrissons. Deux cas sont en cours d\u2019investigation, li\u00e9s \u00e0 des cas de gastro-ent\u00e9rite aigu\u00eb.\u00a0\u00ab\u00a0\u00a0On est dans un contexte d\u2019\u00e9pid\u00e9mie avec une gastro qui frappe surtout les enfants. Les agents infectieux n\u2019ont rien de particulier, ce sont des virus classiques. Il est important d\u2019informer les parents sur la vitesse de d\u00e9shydratation du nourrisson. Les nourrissons sont extr\u00eamement fragiles. Le moindre petit d\u00e9s\u00e9quilibre peut les conduire dans un \u00e9tat de sant\u00e9 gravissime\u00a0\u00bb, confirme le professeur Xavier Deparis, directeur de la veille s\u00e9curit\u00e9 sanitaire \u00e0 l\u2019ARS.<\/p>\n<p>Chaque ann\u00e9e, la gastro-ent\u00e9rite touche des milliers de R\u00e9unionnais. Des gestes simples peuvent suffire \u00e0 \u00e9viter la contamination, surtout en p\u00e9riode de forte circulation virale.<\/p>\n","protected":false},"excerpt":{"rendered":"La R\u00e9union est en phase \u00e9pid\u00e9mique de gastro-ent\u00e9rite. Les enfants de moins de 2 ans sont particuli\u00e8rement touch\u00e9s.&hellip;\n","protected":false},"author":2,"featured_media":465256,"comment_status":"","ping_status":"","sticky":false,"template":"","format":"standard","meta":{"footnotes":""},"categories":[10],"tags":[47,1011,27,72,6335,1922,6336,7224,71],"class_list":{"0":"post-465255","1":"post","2":"type-post","3":"status-publish","4":"format-standard","5":"has-post-thumbnail","7":"category-sante","8":"tag-actualite","9":"tag-fr","10":"tag-france","11":"tag-health","12":"tag-home-page","13":"tag-info","14":"tag-la-reunion","15":"tag-newsletter-soir","16":"tag-sante"},"share_on_mastodon":{"url":"https:\/\/pubeurope.com\/@fr\/115379023825725596","error":""},"_links":{"self":[{"href":"https:\/\/www.europesays.com\/fr\/wp-json\/wp\/v2\/posts\/465255","targetHints":{"allow":["GET"]}}],"collection":[{"href":"https:\/\/www.europesays.com\/fr\/wp-json\/wp\/v2\/posts"}],"about":[{"href":"https:\/\/www.europesays.com\/fr\/wp-json\/wp\/v2\/types\/post"}],"author":[{"embeddable":true,"href":"https:\/\/www.europesays.com\/fr\/wp-json\/wp\/v2\/users\/2"}],"replies":[{"embeddable":true,"href":"https:\/\/www.europesays.com\/fr\/wp-json\/wp\/v2\/comments?post=465255"}],"version-history":[{"count":0,"href":"https:\/\/www.europesays.com\/fr\/wp-json\/wp\/v2\/posts\/465255\/revisions"}],"wp:featuredmedia":[{"embeddable":true,"href":"https:\/\/www.europesays.com\/fr\/wp-json\/wp\/v2\/media\/465256"}],"wp:attachment":[{"href":"https:\/\/www.europesays.com\/fr\/wp-json\/wp\/v2\/media?parent=465255"}],"wp:term":[{"taxonomy":"category","embeddable":true,"href":"https:\/\/www.europesays.com\/fr\/wp-json\/wp\/v2\/categories?post=465255"},{"taxonomy":"post_tag","embeddable":true,"href":"https:\/\/www.europesays.com\/fr\/wp-json\/wp\/v2\/tags?post=465255"}],"curies":[{"name":"wp","href":"https:\/\/api.w.org\/{rel}","templated":true}]}}