{"id":465260,"date":"2025-10-15T16:04:15","date_gmt":"2025-10-15T16:04:15","guid":{"rendered":"https:\/\/www.europesays.com\/fr\/465260\/"},"modified":"2025-10-15T16:04:15","modified_gmt":"2025-10-15T16:04:15","slug":"une-mauvaise-nouvelle-et-une-nouveaute","status":"publish","type":"post","link":"https:\/\/www.europesays.com\/fr\/465260\/","title":{"rendered":"une mauvaise nouvelle et une nouveaut\u00e9"},"content":{"rendered":"<p>Comme attendu, Apple d\u00e9voile son nouveau MacBook Pro. Etranget\u00e9 du calendrier, il passe \u00e0 la puce M5, mais Apple n\u2019annonce pas de puces M5 Pro ni M5 Max.<\/p>\n<p><a href=\"https:\/\/images.frandroid.com\/wp-content\/uploads\/2025\/10\/apple-macbook-pro-14-in-hero-251015-resized.jpeg\" target=\"_blank\" class=\"article-content__figure\" rel=\"noopener\"><img fetchpriority=\"high\" decoding=\"async\" loading=\"eager\" width=\"1200\" height=\"675\" src=\"https:\/\/www.europesays.com\/fr\/wp-content\/uploads\/2025\/10\/apple-macbook-pro-14-in-hero-251015-resized.jpeg\" alt=\"\" class=\"wp-image-2832935 wp-image wp-image\"  \/><\/a><\/p>\n<p>Les lancements de MacBook chez Apple se suivent, mais ne se ressemblent pas.<\/p>\n<p>Parfoisn la marque renouvelle son MacBook Air, parfois la marque modifie ses MacBook Pro 14 et 16 pouces, et parfois elle se contente d\u2019un changement du mod\u00e8le interm\u00e9diaire, le MacBook Pro 14 qui n\u2019int\u00e8gre pas une puce \u00ab Pro \u00bb ou \u00ab Max \u00bb.<\/p>\n<p>Nous sommes dans ce dernier cas avec l\u2019annonce de ce mercredi 15 octobre. Apple ne touche pas au MacBook Air M4 ni aux MacBook Pro M4 Pro et M4 Max, mais annonce un MacBook Pro M5 14 pouces.<\/p>\n<p>Les nouveaut\u00e9s<\/p>\n<p>La plus importante nouveaut\u00e9, c\u2019est \u00e9videmment le passage de la puce Apple M4 \u00e0 la puce Apple M5. Comme sur l\u2019A19 Pro d\u2019Apple, la grande nouveaut\u00e9 de la puce est l\u2019int\u00e9gration d\u2019un \u00ab acc\u00e9l\u00e9rateur neuronal \u00bb dans chaque c\u0153ur de la puce graphique, pour booster les performances en IA.<\/p>\n<p>Pour le reste, on garde la m\u00eame configuration m\u00e9moire (16 \u00e0 32 Go), mais c\u00f4t\u00e9 stockage Apple ajoute une configuration 4 To qui n\u2019existait pas sur la g\u00e9n\u00e9ration pr\u00e9c\u00e9dente.<\/p>\n<p>L\u2019\u00e9cran ne bouge pas non plus : miniLED Liquid Retina XDR avec une d\u00e9finition 3024 x 1964 pixels, une fr\u00e9quence jusqu\u2019\u00e0 120 Hz, et une luminosit\u00e9 jusqu\u2019\u00e0 1600 nits en HDR.<\/p>\n<p>Plus de chargeur dans la boite<\/p>\n<p>La mauvaise nouvelle, \u00e9crite en petit en bas des caract\u00e9ristiques techniques\u00a0: l\u2019adaptateur secteur est d\u00e9sormais vendu s\u00e9par\u00e9ment.<\/p>\n<p><a href=\"https:\/\/images.frandroid.com\/wp-content\/uploads\/2025\/10\/capture-decran-2025-10-15-a-152418.jpg\" target=\"_blank\" class=\"article-content__figure\" rel=\"noopener\"><img loading=\"lazy\" decoding=\"async\" width=\"1200\" height=\"359\" src=\"https:\/\/www.europesays.com\/fr\/wp-content\/uploads\/2025\/10\/capture-decran-2025-10-15-a-152418-1200x359.jpg\" alt=\"\" class=\"wp-image-2832963 wp-image\"  \/><\/a>Screenshot<\/p>\n<p>Les fans de l\u2019iPhone ne seront pas totalement surpris, mais cela fait un peu plus mal quand on parle d\u2019un PC portable qui demande un chargeur 70W pour fonctionner.<\/p>\n<p>Prix et date de sortie<\/p>\n<p>Le MacBook Pro M5 est annonc\u00e9 \u00e0 partir de 1799 euros pour une date de sortie fix\u00e9e au mercredi 22 octobre. <\/p>\n<p>Il faut noter que c\u2019est 100 euros de moins que le prix de lancement du MacBook Pro M4, lanc\u00e9 \u00e0 1899 euros en novembre 2024.<\/p>\n","protected":false},"excerpt":{"rendered":"Comme attendu, Apple d\u00e9voile son nouveau MacBook Pro. Etranget\u00e9 du calendrier, il passe \u00e0 la puce M5, mais&hellip;\n","protected":false},"author":2,"featured_media":465261,"comment_status":"","ping_status":"","sticky":false,"template":"","format":"standard","meta":{"footnotes":""},"categories":[7],"tags":[58901,58902,270,1011,27,14357,43,40,41,39,42,44],"class_list":{"0":"post-465260","1":"post","2":"type-post","3":"status-publish","4":"format-standard","5":"has-post-thumbnail","7":"category-sciences-et-technologies","8":"tag-apple-m5","9":"tag-apple-macbook-pro","10":"tag-breaking","11":"tag-fr","12":"tag-france","13":"tag-officialisation","14":"tag-science","15":"tag-science-and-technology","16":"tag-sciences","17":"tag-sciences-et-technologies","18":"tag-technologies","19":"tag-technology"},"share_on_mastodon":{"url":"https:\/\/pubeurope.com\/@fr\/115379036755491411","error":""},"_links":{"self":[{"href":"https:\/\/www.europesays.com\/fr\/wp-json\/wp\/v2\/posts\/465260","targetHints":{"allow":["GET"]}}],"collection":[{"href":"https:\/\/www.europesays.com\/fr\/wp-json\/wp\/v2\/posts"}],"about":[{"href":"https:\/\/www.europesays.com\/fr\/wp-json\/wp\/v2\/types\/post"}],"author":[{"embeddable":true,"href":"https:\/\/www.europesays.com\/fr\/wp-json\/wp\/v2\/users\/2"}],"replies":[{"embeddable":true,"href":"https:\/\/www.europesays.com\/fr\/wp-json\/wp\/v2\/comments?post=465260"}],"version-history":[{"count":0,"href":"https:\/\/www.europesays.com\/fr\/wp-json\/wp\/v2\/posts\/465260\/revisions"}],"wp:featuredmedia":[{"embeddable":true,"href":"https:\/\/www.europesays.com\/fr\/wp-json\/wp\/v2\/media\/465261"}],"wp:attachment":[{"href":"https:\/\/www.europesays.com\/fr\/wp-json\/wp\/v2\/media?parent=465260"}],"wp:term":[{"taxonomy":"category","embeddable":true,"href":"https:\/\/www.europesays.com\/fr\/wp-json\/wp\/v2\/categories?post=465260"},{"taxonomy":"post_tag","embeddable":true,"href":"https:\/\/www.europesays.com\/fr\/wp-json\/wp\/v2\/tags?post=465260"}],"curies":[{"name":"wp","href":"https:\/\/api.w.org\/{rel}","templated":true}]}}