{"id":465266,"date":"2025-10-15T16:07:11","date_gmt":"2025-10-15T16:07:11","guid":{"rendered":"https:\/\/www.europesays.com\/fr\/465266\/"},"modified":"2025-10-15T16:07:11","modified_gmt":"2025-10-15T16:07:11","slug":"menaces-dexclusion-les-ministres-lr-cherchent-la-bonne-contre-attaque","status":"publish","type":"post","link":"https:\/\/www.europesays.com\/fr\/465266\/","title":{"rendered":"menac\u00e9s d\u2019exclusion, les ministres LR cherchent la bonne contre-attaque"},"content":{"rendered":"<p>\n    <strong>INFO LE FIGARO &#8211; <\/strong>Nomm\u00e9es contre l\u2019avis des R\u00e9publicains, les six personnalit\u00e9s de droite se sont discr\u00e8tement r\u00e9unies lundi, en fin de journ\u00e9e, au minist\u00e8re de l\u2019Agriculture.<\/p>\n<p class=\"fig-paragraph\">Il fallait bien se retrouver apr\u00e8s la temp\u00eate. Dimanche soir, alors qu\u2019un communiqu\u00e9 tardif de l\u2019\u00c9lys\u00e9e annon\u00e7ait enfin la composition du second gouvernement Lecornu, Les R\u00e9publicains (LR) voyaient leurs craintes se confirmer. Comme ils le redoutaient, des \u00abd\u00e9bauchages\u00bb eurent bien lieu, avec pas moins de six ministres issus de la droite. Parmi eux, trois sont des \u00abreconduits\u00bb (Annie Genevard \u00e0 l\u2019Agriculture, Rachida Dati \u00e0 la Culture, et Philippe Tabarot aux Transports) et trois sont des \u00abentrants\u00bb (Vincent Jeanbrun \u00e0 la Ville et au Logement, Nicolas Forissier au Commerce ext\u00e9rieur, et S\u00e9bastien Martin \u00e0 l\u2019Industrie).<\/p>\n<p class=\"fig-paragraph\">Nomm\u00e9s contre l\u2019avis de leur camp, dont\u00a0<a href=\"http:\/\/www.lefigaro.fr\/politique\/bruno-retailleau-chef-a-plein-temps-d-un-parti-desuni-20251013\" target=\"_blank\" data-fig-type=\"Article\" rel=\"noopener\" data-gtm-custom-categorie=\"navigation\" data-gtm-custom-action=\"crossclick\" data-gtm-custom-label=\"Contextuel\" data-gtm-event=\"customEventSPE\" data-fig-domain=\"LEFIGARO\">le Bureau politique (BP) et les militants ont vot\u00e9 tr\u00e8s majoritairement pour un \u00absoutien sans participation\u00bb<\/a>, les int\u00e9ress\u00e9s ont \u00e9t\u00e9 vis\u00e9s dans la foul\u00e9e par une proc\u00e9dure d\u2019exclusion d\u00e9cid\u00e9e par Bruno Retailleau. \u00c0 qui ils cherchent, selon nos informations, la bonne fa\u00e7on de riposter. Les protagonistes se sont d\u2019ailleurs r\u00e9unis au minist\u00e8re\u2026<\/p>\n<p class=\"fig-premium-paywall__infos\">\n        Cet article est r\u00e9serv\u00e9 aux abonn\u00e9s.        Il vous reste 68% \u00e0 d\u00e9couvrir.\n    <\/p>\n<p>                <img  data- alt=\"Le Figaro\" class=\"fig-img--complete fig-img\"\/><\/p>\n<p class=\"fig-premium-paywall__title\">Vous avez envie de lire la suite ?<\/p>\n<p class=\"fig-premium-paywall__subtitle\">D\u00e9bloquez tous les articles imm\u00e9diatement.<\/p>\n<p class=\"fig-premium-paywall__connect\">\n                D\u00e9j\u00e0 abonn\u00e9\u00a0?                <a class=\"fig-premium-paywall__connect-link\" href=\"https:\/\/connect.lefigaro.fr\/login?client=horizon_web&amp;type=main&amp;redirect_uri=https%3A%2F%2Fwww.lefigaro.fr%2Fpolitique%2Fgouvernement-lecornu-menaces-d-exclusion-les-ministres-lr-cherchent-la-bonne-contre-attaque-20251015\" data-js-gtm=\"{&quot;customCategorie&quot;: &quot;conversion&quot;, &quot;customAction&quot;: &quot;before_Landing_Connexion_paywall_auto&quot;, &quot;customLabel&quot;: &quot;bGVmaWdhcm8uZnJfXzFmMGE5Yzc5LWNlMTktNmM0MC1hM2UxLWNkMjBiM2Q4OGVjN19fTmV3c0ZsYXNo_Gouvernement Lecornu\u00a0: menac\u00e9s d\u2019exclusion, les ministres LR cherchent la bonne contre-attaque_374&quot;, &quot;customIDSPE&quot;: &quot;bGVmaWdhcm8uZnJfXzFmMGE5Yzc5LWNlMTktNmM0MC1hM2UxLWNkMjBiM2Q4OGVjN19fTmV3c0ZsYXNo&quot;, &quot;event&quot;: &quot;customEventSPE&quot;}\" target=\"_blank\" rel=\"noopener\"><br \/>\n                    Connectez-vous<br \/>\n                <\/a>\n            <\/p>\n","protected":false},"excerpt":{"rendered":"INFO LE FIGARO &#8211; Nomm\u00e9es contre l\u2019avis des R\u00e9publicains, les six personnalit\u00e9s de droite se sont discr\u00e8tement r\u00e9unies&hellip;\n","protected":false},"author":2,"featured_media":465267,"comment_status":"","ping_status":"","sticky":false,"template":"","format":"standard","meta":{"footnotes":""},"categories":[4],"tags":[11,40857,1013,1011,27,6319,12,25,11067],"class_list":{"0":"post-465266","1":"post","2":"type-post","3":"status-publish","4":"format-standard","5":"has-post-thumbnail","7":"category-france","8":"tag-actualites","9":"tag-annie-genevard","10":"tag-bruno-retailleau","11":"tag-fr","12":"tag-france","13":"tag-les-republicains","14":"tag-news","15":"tag-republique-francaise","16":"tag-sebastien-lecornu"},"share_on_mastodon":{"url":"https:\/\/pubeurope.com\/@fr\/115379047476749652","error":""},"_links":{"self":[{"href":"https:\/\/www.europesays.com\/fr\/wp-json\/wp\/v2\/posts\/465266","targetHints":{"allow":["GET"]}}],"collection":[{"href":"https:\/\/www.europesays.com\/fr\/wp-json\/wp\/v2\/posts"}],"about":[{"href":"https:\/\/www.europesays.com\/fr\/wp-json\/wp\/v2\/types\/post"}],"author":[{"embeddable":true,"href":"https:\/\/www.europesays.com\/fr\/wp-json\/wp\/v2\/users\/2"}],"replies":[{"embeddable":true,"href":"https:\/\/www.europesays.com\/fr\/wp-json\/wp\/v2\/comments?post=465266"}],"version-history":[{"count":0,"href":"https:\/\/www.europesays.com\/fr\/wp-json\/wp\/v2\/posts\/465266\/revisions"}],"wp:featuredmedia":[{"embeddable":true,"href":"https:\/\/www.europesays.com\/fr\/wp-json\/wp\/v2\/media\/465267"}],"wp:attachment":[{"href":"https:\/\/www.europesays.com\/fr\/wp-json\/wp\/v2\/media?parent=465266"}],"wp:term":[{"taxonomy":"category","embeddable":true,"href":"https:\/\/www.europesays.com\/fr\/wp-json\/wp\/v2\/categories?post=465266"},{"taxonomy":"post_tag","embeddable":true,"href":"https:\/\/www.europesays.com\/fr\/wp-json\/wp\/v2\/tags?post=465266"}],"curies":[{"name":"wp","href":"https:\/\/api.w.org\/{rel}","templated":true}]}}