{"id":465270,"date":"2025-10-15T16:09:12","date_gmt":"2025-10-15T16:09:12","guid":{"rendered":"https:\/\/www.europesays.com\/fr\/465270\/"},"modified":"2025-10-15T16:09:12","modified_gmt":"2025-10-15T16:09:12","slug":"cinq-nouvelles-magistrates-en-poste-la-justice-attaquee-riposte","status":"publish","type":"post","link":"https:\/\/www.europesays.com\/fr\/465270\/","title":{"rendered":"cinq nouvelles magistrates en poste, la \u00ab justice attaqu\u00e9e \u00bb riposte"},"content":{"rendered":"<p>Elle n\u2019a pas tra\u00een\u00e9 \u00e0 exprimer sa r\u00e9probation. Ce furent m\u00eame ses premiers mots en introduction, mercredi, de l\u2019audience d\u2019installation de cinq nouvelles magistrates. Anne Gaches, procureure de la R\u00e9publique, est all\u00e9e droit au but.<\/p>\n<p>\u00ab Il y a quelques semaines, la justice a \u00e9t\u00e9 attaqu\u00e9e dans sa l\u00e9gitimit\u00e9 et \u00e9corch\u00e9e dans sa stabilit\u00e9. Apr\u00e8s le rendu de leur d\u00e9cision, des juges ont fait l\u2019objet de menaces de mort. L\u2019arriv\u00e9e de nouveaux coll\u00e8gues prend tout son sens en ces temps de tourmente\u2026 \u00bb<\/p>\n<p>  \u00ab La justice doit \u00eatre la m\u00eame pour tous \u00bb<\/p>\n<p>Toute r\u00e9f\u00e9rence <a href=\"https:\/\/www.leprogres.fr\/faits-divers-justice\/2025\/10\/01\/des-propos-outranciers-et-dangereux-plusieurs-avocats-deposent-plainte-contre-nicolas-sarkozy\" target=\"_blank\" rel=\"noopener\">aux remous qui ont accompagn\u00e9 la condamnation de Nicolas Sarkozy<\/a> n\u2019est bien \u00e9videmment pas fortuite, m\u00eame si le nom de l\u2019ancien pr\u00e9sident de la R\u00e9publique n\u2019a pas \u00e9t\u00e9 cit\u00e9. C\u2019est d\u2019ailleurs sur la m\u00eame ligne que les deux chefs de juridiction st\u00e9phanois d\u00e9fendent la \u00ab maison \u00bb : Fran\u00e7ois Xavier Manteaux, pr\u00e9sident du tribunal judiciaire, a conclu l\u2019audience en soulignant que \u00ab l\u2019institution a d\u00fb faire face \u00e0 un flot de critiques de la part de personnes qui ont eu les responsabilit\u00e9s les plus \u00e9minentes, mais la justice doit \u00eatre la m\u00eame pour tous \u00bb.<\/p>\n<p>Une fois ces comptes r\u00e9gl\u00e9s est venue l\u2019heure d\u2019une autre addition. <a href=\"https:\/\/www.leprogres.fr\/faits-divers-justice\/2024\/10\/07\/tribunal-judiciaire-neuf-nouveaux-magistrats-sont-arrives\" target=\"_blank\" rel=\"noopener\">Beaucoup plus optimiste<\/a>. Outre quatre greffiers et cinq agents administratifs, le tribunal judiciaire de Saint-\u00c9tienne accueille cinq nouvelles magistrates : quatre au si\u00e8ge, \u00ab dont l\u2019effectif, pour la premi\u00e8re fois depuis longtemps, est complet \u00bb, et une pour le parquet.<\/p>\n<p>Pascale Hygont Dartigues prend la vice-pr\u00e9sidence en charge des enfants. Elle conna\u00eet d\u00e9j\u00e0 Saint-Etienne pour y avoir exerc\u00e9 comme juge des enfants puis de l\u2019application des peines. Sophie May, apr\u00e8s une carri\u00e8re d\u2019avocate sp\u00e9cialis\u00e9e dans le contentieux du droit social, a int\u00e9gr\u00e9 la magistrature en 2023 et sera responsable \u00e0 Saint-Etienne du contentieux de la liquidation des r\u00e9gimes matrimoniaux.<\/p>\n<p>  Le service de l\u2019instruction d\u00e9sormais au complet<\/p>\n<p>Bertille Catheland arrive de Lyon, elle sera vice-pr\u00e9sidente en charge de l\u2019instruction et doyen des juges d\u2019instruction. Mathilde Lesman, la \u00ab benjamine du si\u00e8ge \u00bb, commence sa carri\u00e8re dans des fonctions de juge d\u2019instruction. Avec ces deux arriv\u00e9es, le service de l\u2019instruction est d\u00e9sormais au complet.<\/p>\n<p>Enfin, Florie Lanoir, tout juste dipl\u00f4m\u00e9e de l\u2019\u00c9cole nationale de la magistrature \u00e0 Bordeaux, a choisi comme premier poste celui de substitut \u00e0 Saint-Etienne. Confidence : la jeune femme a r\u00e9ussi \u00e0 la fois l\u2019examen du barreau et le concours d\u2019entr\u00e9e dans la magistrature, vers laquelle elle s\u2019est finalement tourn\u00e9e. \u00ab Ses six premi\u00e8res semaines au parquet de Saint-\u00c9tienne sont impressionnantes \u00bb, souligne la procureure.<\/p>\n<p>En cette rentr\u00e9e 2025, le tribunal judiciaire de Saint-Etienne se trouve donc f\u00e9minis\u00e9. Rajeuni. \u00ab Plus de 40 % des magistrats ont moins de 45 ans \u00bb a soulign\u00e9 le pr\u00e9sident Manteaux. Et toujours autant sollicit\u00e9. \u00ab Dans cette juridiction attachante et sympathique, conclut avec humour Anne Gaches, le travail manque bien moins que le personnel pour le faire ! \u00bb.<\/p>\n","protected":false},"excerpt":{"rendered":"Elle n\u2019a pas tra\u00een\u00e9 \u00e0 exprimer sa r\u00e9probation. Ce furent m\u00eame ses premiers mots en introduction, mercredi, de&hellip;\n","protected":false},"author":2,"featured_media":465271,"comment_status":"","ping_status":"","sticky":false,"template":"","format":"standard","meta":{"footnotes":""},"categories":[9653],"tags":[1111,11,2430,271,272,7539,1777,674,274,107,1011,27,3367,12,25,4001,7538],"class_list":{"0":"post-465270","1":"post","2":"type-post","3":"status-publish","4":"format-standard","5":"has-post-thumbnail","7":"category-saint-etienne","8":"tag-actu","9":"tag-actualites","10":"tag-auvergne-rhone-alpes","11":"tag-crime","12":"tag-delit-et-contravention","13":"tag-edition-loire-sud","14":"tag-eu","15":"tag-europe","16":"tag-faits-divers-justice","17":"tag-fil-info","18":"tag-fr","19":"tag-france","20":"tag-loire","21":"tag-news","22":"tag-republique-francaise","23":"tag-saint-etienne","24":"tag-saint-etienne-ville"},"share_on_mastodon":{"url":"https:\/\/pubeurope.com\/@fr\/115379055319929268","error":""},"_links":{"self":[{"href":"https:\/\/www.europesays.com\/fr\/wp-json\/wp\/v2\/posts\/465270","targetHints":{"allow":["GET"]}}],"collection":[{"href":"https:\/\/www.europesays.com\/fr\/wp-json\/wp\/v2\/posts"}],"about":[{"href":"https:\/\/www.europesays.com\/fr\/wp-json\/wp\/v2\/types\/post"}],"author":[{"embeddable":true,"href":"https:\/\/www.europesays.com\/fr\/wp-json\/wp\/v2\/users\/2"}],"replies":[{"embeddable":true,"href":"https:\/\/www.europesays.com\/fr\/wp-json\/wp\/v2\/comments?post=465270"}],"version-history":[{"count":0,"href":"https:\/\/www.europesays.com\/fr\/wp-json\/wp\/v2\/posts\/465270\/revisions"}],"wp:featuredmedia":[{"embeddable":true,"href":"https:\/\/www.europesays.com\/fr\/wp-json\/wp\/v2\/media\/465271"}],"wp:attachment":[{"href":"https:\/\/www.europesays.com\/fr\/wp-json\/wp\/v2\/media?parent=465270"}],"wp:term":[{"taxonomy":"category","embeddable":true,"href":"https:\/\/www.europesays.com\/fr\/wp-json\/wp\/v2\/categories?post=465270"},{"taxonomy":"post_tag","embeddable":true,"href":"https:\/\/www.europesays.com\/fr\/wp-json\/wp\/v2\/tags?post=465270"}],"curies":[{"name":"wp","href":"https:\/\/api.w.org\/{rel}","templated":true}]}}