{"id":465272,"date":"2025-10-15T16:10:12","date_gmt":"2025-10-15T16:10:12","guid":{"rendered":"https:\/\/www.europesays.com\/fr\/465272\/"},"modified":"2025-10-15T16:10:12","modified_gmt":"2025-10-15T16:10:12","slug":"le-corps-de-lancien-moniteur-de-judo-de-blois-retrouve-pendu-pres-de-saint-etienne","status":"publish","type":"post","link":"https:\/\/www.europesays.com\/fr\/465272\/","title":{"rendered":"Le corps de l\u2019ancien moniteur de judo de Blois retrouv\u00e9 pendu pr\u00e8s de Saint-\u00c9tienne"},"content":{"rendered":"<p>Il avait disparu de son domicile \u00e0 Reventin-Vaugris (Is\u00e8re), le 11\u00a0mai dernier. Sa moto avait \u00e9t\u00e9 retrouv\u00e9e en lisi\u00e8re de for\u00eat, dans le massif du Pilat, au sud-est de Saint-\u00c9tienne (Loire). Depuis, les gendarmes n\u2019ont pas trouv\u00e9 trace de Christophe Barbereau malgr\u00e9 une battue qui avait rassembl\u00e9 200 personnes \u00e0 l\u2019appel de sa s\u0153ur. Les recherches en \u00e9taient rest\u00e9es l\u00e0 jusqu\u2019\u00e0 la macabre d\u00e9couverte faite samedi 11\u00a0octobre 2025, pr\u00e8s de P\u00e9lussin (Loire), par un chasseur comme l\u2019a r\u00e9v\u00e9l\u00e9 <a target=\"_blank\" href=\"https:\/\/www.ledauphine.com\/faits-divers-justice\/2025\/10\/13\/faits-divers-loire-isere-le-cadavre-decouvert-portait-les-memes-vetements-que-le-prof-de-philosophie-disparu\" rel=\"noopener\">Le Dauphin\u00e9 lib\u00e9r\u00e9<\/a>.\u00a0Le chasseur est tomb\u00e9 sur un corps en d\u00e9composition visiblement d\u00e9c\u00e9d\u00e9 par pendaison. Les gendarmes appel\u00e9s sur place ont constat\u00e9 que les v\u00eatements correspondaient \u00e0 ceux que portait l\u2019enseignant en philosophie. Par ailleurs, son casque de moto et une pi\u00e8ce d\u2019identit\u00e9 ont \u00e9t\u00e9 retrouv\u00e9s \u00e0 proximit\u00e9.<\/p>\n<p>Une autopsie a \u00e9t\u00e9 ordonn\u00e9e par le parquet de Saint-\u00c9tienne, ainsi qu\u2019un comparatif ADN entrepris avec un pr\u00e9l\u00e8vement r\u00e9alis\u00e9 sur une brosse \u00e0 dents, dans le cadre de l\u2019enqu\u00eate ouverte initialement pour disparition inqui\u00e9tante par le parquet de Vienne (Is\u00e8re). <a target=\"_blank\" href=\"https:\/\/www.lefigaro.fr\/lyon\/le-corps-du-professeur-de-philosophie-disparu-depuis-5-mois-retrouve-pendu-dans-le-massif-du-pilat-20251015\" rel=\"noopener\">Le Figaro<\/a> indique que la d\u00e9pouille mortelle est bien celle de\u00a0Christophe Barbereau comme le lui a confirm\u00e9 le procureur de Saint-\u00c9tienne.<\/p>\n<p>Une plainte d\u00e9pos\u00e9e \u00e0 Blois<\/p>\n<p>Cette affaire de disparition avait pris une autre tournure avec la r\u00e9v\u00e9lation d\u2019une enqu\u00eate pour viol et agression sexuelle visant cet enseignant \u00e2g\u00e9 de 44\u00a0ans, apr\u00e8s le d\u00e9p\u00f4t de plaintes de jeunes femmes \u00e0 qui il avait enseign\u00e9 le judo il y a une dizaine d\u2019ann\u00e9es. <a title=\"lien vers le site NR\" target=\"_self\" href=\"https:\/\/www.lanouvellerepublique.fr\/blois\/porte-disparu-un-ancien-moniteur-de-judo-de-blois-vise-par-une-enquete-pour-viol-1748626834\" rel=\"noopener\">L\u2019une de ces plaintes avait \u00e9t\u00e9 d\u00e9pos\u00e9e au commissariat de Blois<\/a>, le 3\u00a0f\u00e9vrier 2025.\u00a0Le professeur venait d\u2019apprendre l\u2019existence de ces accusations quand il a disparu apr\u00e8s avoir laiss\u00e9 un message \u00e0 l\u2019une des plaignantes. \u00c0 son domicile, les forces de l\u2019ordre ont retrouv\u00e9 plusieurs lettres d\u2019adieu \u00e0 destination de sa famille, ainsi qu\u2019\u00e0 ses \u00e9l\u00e8ves. Natif d\u2019Orl\u00e9ans, Christophe Barbereau avait \u00e9t\u00e9 moniteur au Blois judo ainsi qu\u2019\u00e0 Mer et Avaray, du d\u00e9but des ann\u00e9es 2000 jusqu\u2019au milieu des ann\u00e9es 2010.<\/p>\n","protected":false},"excerpt":{"rendered":"Il avait disparu de son domicile \u00e0 Reventin-Vaugris (Is\u00e8re), le 11\u00a0mai dernier. Sa moto avait \u00e9t\u00e9 retrouv\u00e9e en&hellip;\n","protected":false},"author":2,"featured_media":465273,"comment_status":"","ping_status":"","sticky":false,"template":"","format":"standard","meta":{"footnotes":""},"categories":[9653],"tags":[1392,1111,11,2430,3469,1777,674,274,1011,27,4368,12,25,4001],"class_list":{"0":"post-465272","1":"post","2":"type-post","3":"status-publish","4":"format-standard","5":"has-post-thumbnail","7":"category-saint-etienne","8":"tag-a-la-une-local","9":"tag-actu","10":"tag-actualites","11":"tag-auvergne-rhone-alpes","12":"tag-blois","13":"tag-eu","14":"tag-europe","15":"tag-faits-divers-justice","16":"tag-fr","17":"tag-france","18":"tag-loir-et-cher","19":"tag-news","20":"tag-republique-francaise","21":"tag-saint-etienne"},"share_on_mastodon":{"url":"https:\/\/pubeurope.com\/@fr\/115379059264259832","error":""},"_links":{"self":[{"href":"https:\/\/www.europesays.com\/fr\/wp-json\/wp\/v2\/posts\/465272","targetHints":{"allow":["GET"]}}],"collection":[{"href":"https:\/\/www.europesays.com\/fr\/wp-json\/wp\/v2\/posts"}],"about":[{"href":"https:\/\/www.europesays.com\/fr\/wp-json\/wp\/v2\/types\/post"}],"author":[{"embeddable":true,"href":"https:\/\/www.europesays.com\/fr\/wp-json\/wp\/v2\/users\/2"}],"replies":[{"embeddable":true,"href":"https:\/\/www.europesays.com\/fr\/wp-json\/wp\/v2\/comments?post=465272"}],"version-history":[{"count":0,"href":"https:\/\/www.europesays.com\/fr\/wp-json\/wp\/v2\/posts\/465272\/revisions"}],"wp:featuredmedia":[{"embeddable":true,"href":"https:\/\/www.europesays.com\/fr\/wp-json\/wp\/v2\/media\/465273"}],"wp:attachment":[{"href":"https:\/\/www.europesays.com\/fr\/wp-json\/wp\/v2\/media?parent=465272"}],"wp:term":[{"taxonomy":"category","embeddable":true,"href":"https:\/\/www.europesays.com\/fr\/wp-json\/wp\/v2\/categories?post=465272"},{"taxonomy":"post_tag","embeddable":true,"href":"https:\/\/www.europesays.com\/fr\/wp-json\/wp\/v2\/tags?post=465272"}],"curies":[{"name":"wp","href":"https:\/\/api.w.org\/{rel}","templated":true}]}}