{"id":465276,"date":"2025-10-15T16:12:16","date_gmt":"2025-10-15T16:12:16","guid":{"rendered":"https:\/\/www.europesays.com\/fr\/465276\/"},"modified":"2025-10-15T16:12:16","modified_gmt":"2025-10-15T16:12:16","slug":"nancy-balade-urbaine-a-linterieur-des-fortifications","status":"publish","type":"post","link":"https:\/\/www.europesays.com\/fr\/465276\/","title":{"rendered":"Nancy. Balade urbaine \u00e0 l\u2019int\u00e9rieur des fortifications"},"content":{"rendered":"<p>Le Comit\u00e9 FFRandonn\u00e9e 54 reconduit pour la 29e\u00a0 ann\u00e9e la Randonn\u00e9e d\u2019automne. La balade de 5,5\u00a0km, dure 2\u00a0h\u00a030 \u00e0 3\u00a0h, elle sera accompagn\u00e9e et comment\u00e9e par les animateurs des clubs de randonn\u00e9e du Comit\u00e9 et permettra de d\u00e9couvrir Nancy \u00e0 travers l\u2019Histoire\u00a0: depuis la ville du Moyen-\u00c2ge et ses ruelles \u00e9troites \u00e0 la ville neuve de Charles III et ses rues de construction g\u00e9om\u00e9trique, tout en cherchant des traces des anciennes fortifications. Les organisateurs esp\u00e8rent accueillir entre 400 \u00e0 500 participants.<\/p>\n<p class=\"note\">Dimanche 19\u00a0octobre de 13\u00a0h\u00a030 \u00e0 15\u00a0h depuis le Jardin Godron (en bas de la rue Ste-Catherine). D\u00e9parts en groupe de 20 personnes. Inscription sur place\u00a0: 4\u00a0\u20ac par personne\u00a0; gratuit pour les moins de 12 ans. \u25b6 \u2002 Comit\u00e9 FFRandonn\u00e9e 54 au 03\u00a083\u00a018\u00a095\u00a058. meurthe-et-moselle@ffrandonnee.fr<\/p>\n","protected":false},"excerpt":{"rendered":"Le Comit\u00e9 FFRandonn\u00e9e 54 reconduit pour la 29e\u00a0 ann\u00e9e la Randonn\u00e9e d\u2019automne. La balade de 5,5\u00a0km, dure 2\u00a0h\u00a030&hellip;\n","protected":false},"author":2,"featured_media":465277,"comment_status":"","ping_status":"","sticky":false,"template":"","format":"standard","meta":{"footnotes":""},"categories":[9635],"tags":[1111,11,7782,1687,1704,1777,674,1011,27,775,1702,1703,12,25],"class_list":{"0":"post-465276","1":"post","2":"type-post","3":"status-publish","4":"format-standard","5":"has-post-thumbnail","7":"category-nancy","8":"tag-actu","9":"tag-actualites","10":"tag-balades-et-randonnees","11":"tag-culture-loisirs","12":"tag-edition-nancy-et-agglomeration","13":"tag-eu","14":"tag-europe","15":"tag-fr","16":"tag-france","17":"tag-grand-est","18":"tag-nancy","19":"tag-nancy-ville-54b","20":"tag-news","21":"tag-republique-francaise"},"share_on_mastodon":{"url":"https:\/\/pubeurope.com\/@fr\/115379067048175879","error":""},"_links":{"self":[{"href":"https:\/\/www.europesays.com\/fr\/wp-json\/wp\/v2\/posts\/465276","targetHints":{"allow":["GET"]}}],"collection":[{"href":"https:\/\/www.europesays.com\/fr\/wp-json\/wp\/v2\/posts"}],"about":[{"href":"https:\/\/www.europesays.com\/fr\/wp-json\/wp\/v2\/types\/post"}],"author":[{"embeddable":true,"href":"https:\/\/www.europesays.com\/fr\/wp-json\/wp\/v2\/users\/2"}],"replies":[{"embeddable":true,"href":"https:\/\/www.europesays.com\/fr\/wp-json\/wp\/v2\/comments?post=465276"}],"version-history":[{"count":0,"href":"https:\/\/www.europesays.com\/fr\/wp-json\/wp\/v2\/posts\/465276\/revisions"}],"wp:featuredmedia":[{"embeddable":true,"href":"https:\/\/www.europesays.com\/fr\/wp-json\/wp\/v2\/media\/465277"}],"wp:attachment":[{"href":"https:\/\/www.europesays.com\/fr\/wp-json\/wp\/v2\/media?parent=465276"}],"wp:term":[{"taxonomy":"category","embeddable":true,"href":"https:\/\/www.europesays.com\/fr\/wp-json\/wp\/v2\/categories?post=465276"},{"taxonomy":"post_tag","embeddable":true,"href":"https:\/\/www.europesays.com\/fr\/wp-json\/wp\/v2\/tags?post=465276"}],"curies":[{"name":"wp","href":"https:\/\/api.w.org\/{rel}","templated":true}]}}