{"id":465278,"date":"2025-10-15T16:13:12","date_gmt":"2025-10-15T16:13:12","guid":{"rendered":"https:\/\/www.europesays.com\/fr\/465278\/"},"modified":"2025-10-15T16:13:12","modified_gmt":"2025-10-15T16:13:12","slug":"toulon-se-prepare-a-accueillir-les-assises-de-leconomie-maritime","status":"publish","type":"post","link":"https:\/\/www.europesays.com\/fr\/465278\/","title":{"rendered":"Toulon se pr\u00e9pare \u00e0 accueillir les Assises de l&rsquo;Economie maritime"},"content":{"rendered":"<p>La sixi\u00e8me \u00e9dition des Assises de l&rsquo;Economie maritime et du littoral se d\u00e9roulera, cette ann\u00e9e, \u00e0 Toulon. Les 30 novembre et 1er d\u00e9cembre, le Centre de Congr\u00e8s Neptune devrait accueillir plus de 1000 participants. Cet \u00e9v\u00e8nement, organis\u00e9 par nos confr\u00e8res du Marin et des Echos, en collaboration avec le Cluster Maritime Fran\u00e7ais, permet de r\u00e9unir chaque ann\u00e9e les professionnels du monde maritime. Durant deux jours, diff\u00e9rentes conf\u00e9rences sont pr\u00e9vues avec des th\u00e8mes tr\u00e8s divers, allant des investissements dans le maritime aux ports du futur, en passant par l&rsquo;apr\u00e8s-crise \u00e9conomique et les \u00e9nergies marines renouvelables. <br \/>L&rsquo;an dernier, les Assises avaient connu une affluence record, 1400 personnes ayant particip\u00e9 \u00e0 ce rendez-vous, qui se d\u00e9roulait \u00e0 Brest.  <br \/>_______________________________________________<\/p>\n","protected":false},"excerpt":{"rendered":"La sixi\u00e8me \u00e9dition des Assises de l&rsquo;Economie maritime et du littoral se d\u00e9roulera, cette ann\u00e9e, \u00e0 Toulon. Les&hellip;\n","protected":false},"author":2,"featured_media":465279,"comment_status":"","ping_status":"","sticky":false,"template":"","format":"standard","meta":{"footnotes":""},"categories":[9619],"tags":[1111,11,6130,6141,6131,6138,2380,6135,554,1777,6136,674,1011,27,6139,6134,3135,6128,567,6129,6127,12,6132,4838,882,6133,25,6140,6137,2310],"class_list":{"0":"post-465278","1":"post","2":"type-post","3":"status-publish","4":"format-standard","5":"has-post-thumbnail","7":"category-toulon","8":"tag-actu","9":"tag-actualites","10":"tag-chantiers","11":"tag-commando","12":"tag-construction-navale","13":"tag-costa","14":"tag-croisiere","15":"tag-dcns","16":"tag-defense","17":"tag-eu","18":"tag-euronaval","19":"tag-europe","20":"tag-fr","21":"tag-france","22":"tag-fremm","23":"tag-interviews","24":"tag-littoral","25":"tag-marine","26":"tag-marine-nationale","27":"tag-maritime","28":"tag-mer","29":"tag-news","30":"tag-offshore","31":"tag-peche","32":"tag-provence-alpes-cote-dazur","33":"tag-reportages","34":"tag-republique-francaise","35":"tag-sncm","36":"tag-stx","37":"tag-toulon"},"share_on_mastodon":{"url":"https:\/\/pubeurope.com\/@fr\/115379071041540614","error":""},"_links":{"self":[{"href":"https:\/\/www.europesays.com\/fr\/wp-json\/wp\/v2\/posts\/465278","targetHints":{"allow":["GET"]}}],"collection":[{"href":"https:\/\/www.europesays.com\/fr\/wp-json\/wp\/v2\/posts"}],"about":[{"href":"https:\/\/www.europesays.com\/fr\/wp-json\/wp\/v2\/types\/post"}],"author":[{"embeddable":true,"href":"https:\/\/www.europesays.com\/fr\/wp-json\/wp\/v2\/users\/2"}],"replies":[{"embeddable":true,"href":"https:\/\/www.europesays.com\/fr\/wp-json\/wp\/v2\/comments?post=465278"}],"version-history":[{"count":0,"href":"https:\/\/www.europesays.com\/fr\/wp-json\/wp\/v2\/posts\/465278\/revisions"}],"wp:featuredmedia":[{"embeddable":true,"href":"https:\/\/www.europesays.com\/fr\/wp-json\/wp\/v2\/media\/465279"}],"wp:attachment":[{"href":"https:\/\/www.europesays.com\/fr\/wp-json\/wp\/v2\/media?parent=465278"}],"wp:term":[{"taxonomy":"category","embeddable":true,"href":"https:\/\/www.europesays.com\/fr\/wp-json\/wp\/v2\/categories?post=465278"},{"taxonomy":"post_tag","embeddable":true,"href":"https:\/\/www.europesays.com\/fr\/wp-json\/wp\/v2\/tags?post=465278"}],"curies":[{"name":"wp","href":"https:\/\/api.w.org\/{rel}","templated":true}]}}