{"id":465280,"date":"2025-10-15T16:14:21","date_gmt":"2025-10-15T16:14:21","guid":{"rendered":"https:\/\/www.europesays.com\/fr\/465280\/"},"modified":"2025-10-15T16:14:21","modified_gmt":"2025-10-15T16:14:21","slug":"le-porte-aeronefs-cavour-attendu-a-toulon-en-fin-de-semaine","status":"publish","type":"post","link":"https:\/\/www.europesays.com\/fr\/465280\/","title":{"rendered":"Le porte-a\u00e9ronefs Cavour attendu \u00e0 Toulon en fin de semaine"},"content":{"rendered":"<p>Plus grand navire de guerre d&rsquo;Europe apr\u00e8s le porte-avions Charles de Gaulle, le Cavour est attendu \u00e0 Toulon du 19 au 25 novembre. Le nouveau porte-a\u00e9ronefs italien s&rsquo;amarrera au quai d&rsquo;honneur mais, malheureusement, ne devrait pas \u00eatre ouvert au public. Construits par les chantiers Fincantieri et livr\u00e9 en 2008, le Cavour mesure 244 m\u00e8tres pour un d\u00e9placement de 27.100 tonnes \u00e0 pleine charge (contre 261 m\u00e8tres et 42.500 tpc pour le CDG). Pouvant embarquer 24 a\u00e9ronefs, le navire met  notamment en oeuvre des avions \u00e0 d\u00e9collage court et appontage vertical AV-8B Harrier et doit, ult\u00e9rieurement, \u00eatre \u00e9quip\u00e9 de F-35 B. Son hangar de 134 m\u00e8tres de long et 21 m\u00e8tres de large, peut accueillir 12 h\u00e9licopt\u00e8res ou 8 avions. Cet espace est desservi par deux ascenseurs d&rsquo;une capacit\u00e9 unitaire de 30 tonnes. Bien que ce navire n&rsquo;ait pas, comme pr\u00e9vu initialement, \u00e9t\u00e9 dot\u00e9 d&rsquo;un radier permettant l&#8217;emport de chalands de d\u00e9barquement, ses capacit\u00e9s de transport de troupes et de mat\u00e9riel sont d\u00e9velopp\u00e9es. Le porte-a\u00e9ronefs peut, ainsi, embarquer en plus de son \u00e9quipage (528 marins) un \u00e9tat-major de 145 personnes, jusqu&rsquo;\u00e0 450 soldats et 24 chars (ou une centaine de v\u00e9hicules l\u00e9gers). Ces moyens peuvent \u00eatre d\u00e9barqu\u00e9s par des rampes communiquant avec le quai ou, pour les hommes de troupes, via quatre petits chalands (LCVP) log\u00e9s sous bossoirs. <br \/>On notera que le Cavour utilise le m\u00eame syst\u00e8me de combat que les fr\u00e9gates franco-italiennes du type Horizon, avec lesquelles il partage aussi certains radars (EMPAR). L&rsquo;armement est, quant \u00e0 lui, constitu\u00e9 de 32 missiles Aster 15, deux tourelles de 76mm et trois canons de 25mm.  <\/p>\n<p>Le Cavour (\u00a9 : MARINA MILITARE)<\/p>\n","protected":false},"excerpt":{"rendered":"Plus grand navire de guerre d&rsquo;Europe apr\u00e8s le porte-avions Charles de Gaulle, le Cavour est attendu \u00e0 Toulon&hellip;\n","protected":false},"author":2,"featured_media":465281,"comment_status":"","ping_status":"","sticky":false,"template":"","format":"standard","meta":{"footnotes":""},"categories":[9619],"tags":[1111,11,6130,6141,6131,6138,2380,6135,554,1777,6136,674,1011,27,6139,6134,3135,6128,567,6129,6127,12,6132,4838,882,6133,25,6140,6137,2310],"class_list":{"0":"post-465280","1":"post","2":"type-post","3":"status-publish","4":"format-standard","5":"has-post-thumbnail","7":"category-toulon","8":"tag-actu","9":"tag-actualites","10":"tag-chantiers","11":"tag-commando","12":"tag-construction-navale","13":"tag-costa","14":"tag-croisiere","15":"tag-dcns","16":"tag-defense","17":"tag-eu","18":"tag-euronaval","19":"tag-europe","20":"tag-fr","21":"tag-france","22":"tag-fremm","23":"tag-interviews","24":"tag-littoral","25":"tag-marine","26":"tag-marine-nationale","27":"tag-maritime","28":"tag-mer","29":"tag-news","30":"tag-offshore","31":"tag-peche","32":"tag-provence-alpes-cote-dazur","33":"tag-reportages","34":"tag-republique-francaise","35":"tag-sncm","36":"tag-stx","37":"tag-toulon"},"share_on_mastodon":{"url":"https:\/\/pubeurope.com\/@fr\/115379074872139126","error":""},"_links":{"self":[{"href":"https:\/\/www.europesays.com\/fr\/wp-json\/wp\/v2\/posts\/465280","targetHints":{"allow":["GET"]}}],"collection":[{"href":"https:\/\/www.europesays.com\/fr\/wp-json\/wp\/v2\/posts"}],"about":[{"href":"https:\/\/www.europesays.com\/fr\/wp-json\/wp\/v2\/types\/post"}],"author":[{"embeddable":true,"href":"https:\/\/www.europesays.com\/fr\/wp-json\/wp\/v2\/users\/2"}],"replies":[{"embeddable":true,"href":"https:\/\/www.europesays.com\/fr\/wp-json\/wp\/v2\/comments?post=465280"}],"version-history":[{"count":0,"href":"https:\/\/www.europesays.com\/fr\/wp-json\/wp\/v2\/posts\/465280\/revisions"}],"wp:featuredmedia":[{"embeddable":true,"href":"https:\/\/www.europesays.com\/fr\/wp-json\/wp\/v2\/media\/465281"}],"wp:attachment":[{"href":"https:\/\/www.europesays.com\/fr\/wp-json\/wp\/v2\/media?parent=465280"}],"wp:term":[{"taxonomy":"category","embeddable":true,"href":"https:\/\/www.europesays.com\/fr\/wp-json\/wp\/v2\/categories?post=465280"},{"taxonomy":"post_tag","embeddable":true,"href":"https:\/\/www.europesays.com\/fr\/wp-json\/wp\/v2\/tags?post=465280"}],"curies":[{"name":"wp","href":"https:\/\/api.w.org\/{rel}","templated":true}]}}