{"id":465288,"date":"2025-10-15T16:18:14","date_gmt":"2025-10-15T16:18:14","guid":{"rendered":"https:\/\/www.europesays.com\/fr\/465288\/"},"modified":"2025-10-15T16:18:14","modified_gmt":"2025-10-15T16:18:14","slug":"a-rouen-le-bouillon-dor-setend-avec-une-nouvelle-adresse-a-la-place-dune-enseigne-historique","status":"publish","type":"post","link":"https:\/\/www.europesays.com\/fr\/465288\/","title":{"rendered":"\u00c0 Rouen, le Bouillon d&rsquo;or s&rsquo;\u00e9tend avec une nouvelle adresse \u00e0 la place d&rsquo;une enseigne historique"},"content":{"rendered":"<p>            Par<br \/>\n        <strong><br \/>\n            <a href=\"https:\/\/actu.fr\/auteur\/adrien-filoche\" title=\"Consulter tous les articles de Adrien Filoche\" rel=\"nofollow noopener\" target=\"_blank\">Adrien Filoche<\/a><br \/>\n        <\/strong><\/p>\n<p>        Publi\u00e9 le<\/p>\n<p>            15 oct. 2025 \u00e0 17h52        <\/p>\n<p>L\u2019inauguration s\u2019est fait attendre, mais c\u2019est d\u00e9sormais chose faite\u2009!<strong> Le Bouillon Comptoir<\/strong> ouvre ses portes le 16 octobre 2025<strong>\u00a0<\/strong>\u00e0 <a href=\"https:\/\/actu.fr\/normandie\/rouen_76540\" rel=\"nofollow noopener\" target=\"_blank\">Rouen (Seine-Maritime)<\/a>. Il remplace l\u2019ancienne enseigne historique Bulitt, <a href=\"https:\/\/actu.fr\/normandie\/rouen_76540\/installe-depuis-1970-a-rouen-le-magasin-de-vetements-bullitt-va-fermer-quelle-aventure_61223383.html\" rel=\"nofollow noopener\" target=\"_blank\">qui avait ferm\u00e9 en 2024 apr\u00e8s plus de 50\u00a0ann\u00e9es d\u2019aventure,<\/a> au 88 de la rue Ganterie. <strong>On vous pr\u00e9sente ce nouveau commerce.<\/strong><\/p>\n<p>Une extension du Bouillon d\u2019Or, mais pas que<\/p>\n<p class=\" wall-content\">\u00c0 la t\u00eate du Bouillon Comptoir, on retrouve <strong>Elisabeth Barbier Bataille<\/strong>, g\u00e9rante de l\u2019enseigne Le Bouillon d\u2019Or, qui se trouve juste \u00e0 c\u00f4t\u00e9. Le Bouillon Comptoir a d\u2019ailleurs \u00e9t\u00e9 imagin\u00e9 comme une sorte d\u2019extension du Bouillon d\u2019Or, mais avec quelques diff\u00e9rences.<\/p>\n<p class=\" wall-content\">Le concept est d\u2019en faire un lieu de vente \u00e0 emporter avec une s\u00e9lection de plats en portion individuelle du Bouillon d\u2019Or. \u00ab\u2009Mais on pourra aussi manger sur place, en int\u00e9rieur ou en ext\u00e9rieur sur la terrasse\u2009\u00bb, pr\u00e9sente la patronne.\u00a0La diff\u00e9rence avec le Bouillon d\u2019Or, c\u2019est qu\u2019il n\u2019y a pas de service.<\/p>\n<p class=\" wall-content\">Dans le m\u00eame esprit qu\u2019un bouillon,<strong> les prix se veulent abordables.<\/strong> Pour<strong> un plat<\/strong>, il faudra compter<strong> 7\u00a0euros<\/strong>, et entre<strong> 2 et 3\u00a0euros pour un dessert<\/strong>. De quoi d\u00e9guster un repas complet pour une petite dizaine d\u2019euros.<\/p>\n<p>Un commerce hybride<\/p>\n<p class=\" wall-content\">En plus de la vente de repas, Le Bouillon Comptoir endosse une double casquette, avec un c\u00f4t\u00e9 <strong>bar \u00e0 bi\u00e8re.<\/strong> \u00ab\u2009L\u2019id\u00e9e, c\u2019est d\u2019en faire un petit bistrot de quartier, un lieu convivial, o\u00f9 on peut venir se poser\u2009\u00bb, pr\u00e9sente Elisabeth Barbier Bataille.<\/p>\n<p class=\" wall-content\">Dans cet esprit de convivialit\u00e9, des petits jeux de soci\u00e9t\u00e9 sont \u00e0 la disposition des clients. \u00ab\u2009Le lieu sera ouvert 7\u00a0J\/7, de 9\u00a0heures jusqu\u2019\u00e0 minuit. On pourra aussi venir prendre un caf\u00e9 ou un chocolat le matin\u2009\u00bb, souligne Elisabeth Barbier Bataille.<\/p>\n<p>Votre r\u00e9gion, votre actu !<\/p>\n<p>Recevez chaque jour les infos qui comptent pour vous.<\/p>\n<p>\t<a href=\"https:\/\/actu.fr\/newsletter\" class=\"ac-btn ac-btn--corner ac-btn--medium ac-btn--blue800\" rel=\"nofollow noopener\" target=\"_blank\">S&rsquo;incrire<\/a><\/p>\n<p class=\" wall-content\">Par la suite, Le Bouillon Comptoir compte notamment d\u00e9velopper la vente en livraison avec un partenariat avec UberEats.<\/p>\n<p>Suivez l\u2019actualit\u00e9 de Rouen sur <a href=\"https:\/\/www.whatsapp.com\/channel\/0029VaKfnf99hXF2ddApFB1D\" rel=\"nofollow noopener\" target=\"_blank\">notre cha\u00eene WhatsApp<\/a> et sur <a href=\"https:\/\/www.tiktok.com\/@76actu.fr?lang=fr\" rel=\"nofollow noopener\" target=\"_blank\">notre compte TikTok<\/a><\/p>\n<p class=\" wall-content\">Personnalisez votre actualit\u00e9 en ajoutant vos villes et m\u00e9dias en favori avec <a href=\"https:\/\/moncompte.actu.fr\" title=\"D\u00e9couvez Mon Actu\" rel=\"nofollow noopener\" data-trk=\"{&quot;cta&quot;:{&quot;action&quot;:&quot;https:\\\/\\\/moncompte.actu.fr&quot;,&quot;category&quot;:&quot;mon compte&quot;,&quot;from&quot;:&quot;article footer&quot;,&quot;name&quot;:&quot;Mon actu&quot;,&quot;type&quot;:&quot;cta&quot;}}\" target=\"_blank\">Mon Actu<\/a>.<\/p>\n<p>                    <script async src=\"\/\/www.tiktok.com\/embed.js\"><\/script><\/p>\n","protected":false},"excerpt":{"rendered":"Par Adrien Filoche Publi\u00e9 le 15 oct. 2025 \u00e0 17h52 L\u2019inauguration s\u2019est fait attendre, mais c\u2019est d\u00e9sormais chose&hellip;\n","protected":false},"author":2,"featured_media":465289,"comment_status":"","ping_status":"","sticky":false,"template":"","format":"standard","meta":{"footnotes":""},"categories":[9587],"tags":[1111,11,9086,215,1777,674,1011,27,12,5161,3147,25,9590,104],"class_list":{"0":"post-465288","1":"post","2":"type-post","3":"status-publish","4":"format-standard","5":"has-post-thumbnail","7":"category-rouen","8":"tag-actu","9":"tag-actualites","10":"tag-bon-plan-a-rouen","11":"tag-commerce","12":"tag-eu","13":"tag-europe","14":"tag-fr","15":"tag-france","16":"tag-news","17":"tag-normandie","18":"tag-nouveaux-commerces","19":"tag-republique-francaise","20":"tag-rouen","21":"tag-societe"},"share_on_mastodon":{"url":"https:\/\/pubeurope.com\/@fr\/115379090594834431","error":""},"_links":{"self":[{"href":"https:\/\/www.europesays.com\/fr\/wp-json\/wp\/v2\/posts\/465288","targetHints":{"allow":["GET"]}}],"collection":[{"href":"https:\/\/www.europesays.com\/fr\/wp-json\/wp\/v2\/posts"}],"about":[{"href":"https:\/\/www.europesays.com\/fr\/wp-json\/wp\/v2\/types\/post"}],"author":[{"embeddable":true,"href":"https:\/\/www.europesays.com\/fr\/wp-json\/wp\/v2\/users\/2"}],"replies":[{"embeddable":true,"href":"https:\/\/www.europesays.com\/fr\/wp-json\/wp\/v2\/comments?post=465288"}],"version-history":[{"count":0,"href":"https:\/\/www.europesays.com\/fr\/wp-json\/wp\/v2\/posts\/465288\/revisions"}],"wp:featuredmedia":[{"embeddable":true,"href":"https:\/\/www.europesays.com\/fr\/wp-json\/wp\/v2\/media\/465289"}],"wp:attachment":[{"href":"https:\/\/www.europesays.com\/fr\/wp-json\/wp\/v2\/media?parent=465288"}],"wp:term":[{"taxonomy":"category","embeddable":true,"href":"https:\/\/www.europesays.com\/fr\/wp-json\/wp\/v2\/categories?post=465288"},{"taxonomy":"post_tag","embeddable":true,"href":"https:\/\/www.europesays.com\/fr\/wp-json\/wp\/v2\/tags?post=465288"}],"curies":[{"name":"wp","href":"https:\/\/api.w.org\/{rel}","templated":true}]}}