{"id":465290,"date":"2025-10-15T16:19:14","date_gmt":"2025-10-15T16:19:14","guid":{"rendered":"https:\/\/www.europesays.com\/fr\/465290\/"},"modified":"2025-10-15T16:19:14","modified_gmt":"2025-10-15T16:19:14","slug":"metropole-de-grenoble-les-enfants-dune-ecole-confines-a-la-suite-dune-rixe-devant-letablissement","status":"publish","type":"post","link":"https:\/\/www.europesays.com\/fr\/465290\/","title":{"rendered":"M\u00e9tropole de Grenoble. Les enfants d\u2019une \u00e9cole confin\u00e9s \u00e0 la suite d\u2019une rixe devant l\u2019\u00e9tablissement"},"content":{"rendered":"<p>La directrice d\u2019une \u00e9cole de Saint-Martin-d\u2019H\u00e8res a d\u00fb confiner ses \u00e9l\u00e8ves mardi en fin d\u2019apr\u00e8s-midi, une rixe ayant \u00e9clat\u00e9 devant l\u2019\u00e9tablissement, a-t-on appris aupr\u00e8s de la police. Les faits se sont produits vers 17\u00a0h\u00a030, avenue Poti\u00e9, lorsqu\u2019une dizaine de personnes se sont battues \u00e0 quelques m\u00e8tres des portes de l\u2019\u00e9cole Henri-Barbusse. Les enseignants ont donc confin\u00e9 les enfants avant l\u2019arriv\u00e9e de la police, qui a constat\u00e9 que les auteurs avaient pris la fuite.<\/p>\n","protected":false},"excerpt":{"rendered":"La directrice d\u2019une \u00e9cole de Saint-Martin-d\u2019H\u00e8res a d\u00fb confiner ses \u00e9l\u00e8ves mardi en fin d\u2019apr\u00e8s-midi, une rixe ayant&hellip;\n","protected":false},"author":2,"featured_media":465291,"comment_status":"","ping_status":"","sticky":false,"template":"","format":"standard","meta":{"footnotes":""},"categories":[9566],"tags":[1111,11,2430,271,272,112,1777,674,274,107,1011,27,2731,108,12,25,9448,11264],"class_list":{"0":"post-465290","1":"post","2":"type-post","3":"status-publish","4":"format-standard","5":"has-post-thumbnail","7":"category-grenoble","8":"tag-actu","9":"tag-actualites","10":"tag-auvergne-rhone-alpes","11":"tag-crime","12":"tag-delit-et-contravention","13":"tag-edition-grenoble-agglomeration","14":"tag-eu","15":"tag-europe","16":"tag-faits-divers-justice","17":"tag-fil-info","18":"tag-fr","19":"tag-france","20":"tag-grenoble","21":"tag-isere","22":"tag-news","23":"tag-republique-francaise","24":"tag-saint-martin-dheres","25":"tag-saint-martin-dheres-bassin"},"share_on_mastodon":{"url":"https:\/\/pubeurope.com\/@fr\/115379095246187706","error":""},"_links":{"self":[{"href":"https:\/\/www.europesays.com\/fr\/wp-json\/wp\/v2\/posts\/465290","targetHints":{"allow":["GET"]}}],"collection":[{"href":"https:\/\/www.europesays.com\/fr\/wp-json\/wp\/v2\/posts"}],"about":[{"href":"https:\/\/www.europesays.com\/fr\/wp-json\/wp\/v2\/types\/post"}],"author":[{"embeddable":true,"href":"https:\/\/www.europesays.com\/fr\/wp-json\/wp\/v2\/users\/2"}],"replies":[{"embeddable":true,"href":"https:\/\/www.europesays.com\/fr\/wp-json\/wp\/v2\/comments?post=465290"}],"version-history":[{"count":0,"href":"https:\/\/www.europesays.com\/fr\/wp-json\/wp\/v2\/posts\/465290\/revisions"}],"wp:featuredmedia":[{"embeddable":true,"href":"https:\/\/www.europesays.com\/fr\/wp-json\/wp\/v2\/media\/465291"}],"wp:attachment":[{"href":"https:\/\/www.europesays.com\/fr\/wp-json\/wp\/v2\/media?parent=465290"}],"wp:term":[{"taxonomy":"category","embeddable":true,"href":"https:\/\/www.europesays.com\/fr\/wp-json\/wp\/v2\/categories?post=465290"},{"taxonomy":"post_tag","embeddable":true,"href":"https:\/\/www.europesays.com\/fr\/wp-json\/wp\/v2\/tags?post=465290"}],"curies":[{"name":"wp","href":"https:\/\/api.w.org\/{rel}","templated":true}]}}