{"id":465292,"date":"2025-10-15T16:20:13","date_gmt":"2025-10-15T16:20:13","guid":{"rendered":"https:\/\/www.europesays.com\/fr\/465292\/"},"modified":"2025-10-15T16:20:13","modified_gmt":"2025-10-15T16:20:13","slug":"grenoble-une-collegienne-de-13-ans-agressee-par-un-groupe-dadolescents","status":"publish","type":"post","link":"https:\/\/www.europesays.com\/fr\/465292\/","title":{"rendered":"Grenoble. Une coll\u00e9gienne de 13 ans agress\u00e9e par un groupe d\u2019adolescents"},"content":{"rendered":"<p>La police et les sapeurs-pompiers ont d\u00fb intervenir mardi en fin d\u2019apr\u00e8s-midi devant le coll\u00e8ge Fantin-Latour, \u00e0 Grenoble, apr\u00e8s une agression commise sur une \u00e9l\u00e8ve de l\u2019\u00e9tablissement. Selon la Direction interd\u00e9partementale de la police nationale, une adolescente de 13 ans scolaris\u00e9e dans ce coll\u00e8ge a en effet \u00e9t\u00e9 frapp\u00e9e par un groupe d\u2019autres \u00e9l\u00e8ves, pour une raison inconnue, \u00e0 la sortie des cours, vers 17 heures. Bless\u00e9e, elle a \u00e9t\u00e9 prise en charge par les secours et transport\u00e9e au CHU Grenoble Alpes pour subir des examens.<\/p>\n","protected":false},"excerpt":{"rendered":"La police et les sapeurs-pompiers ont d\u00fb intervenir mardi en fin d\u2019apr\u00e8s-midi devant le coll\u00e8ge Fantin-Latour, \u00e0 Grenoble,&hellip;\n","protected":false},"author":2,"featured_media":465293,"comment_status":"","ping_status":"","sticky":false,"template":"","format":"standard","meta":{"footnotes":""},"categories":[9566],"tags":[1111,11,2430,271,272,112,1777,674,274,107,1011,27,2731,2732,108,12,25],"class_list":{"0":"post-465292","1":"post","2":"type-post","3":"status-publish","4":"format-standard","5":"has-post-thumbnail","7":"category-grenoble","8":"tag-actu","9":"tag-actualites","10":"tag-auvergne-rhone-alpes","11":"tag-crime","12":"tag-delit-et-contravention","13":"tag-edition-grenoble-agglomeration","14":"tag-eu","15":"tag-europe","16":"tag-faits-divers-justice","17":"tag-fil-info","18":"tag-fr","19":"tag-france","20":"tag-grenoble","21":"tag-grenoble-bassin","22":"tag-isere","23":"tag-news","24":"tag-republique-francaise"},"share_on_mastodon":{"url":"https:\/\/pubeurope.com\/@fr\/115379098723171774","error":""},"_links":{"self":[{"href":"https:\/\/www.europesays.com\/fr\/wp-json\/wp\/v2\/posts\/465292","targetHints":{"allow":["GET"]}}],"collection":[{"href":"https:\/\/www.europesays.com\/fr\/wp-json\/wp\/v2\/posts"}],"about":[{"href":"https:\/\/www.europesays.com\/fr\/wp-json\/wp\/v2\/types\/post"}],"author":[{"embeddable":true,"href":"https:\/\/www.europesays.com\/fr\/wp-json\/wp\/v2\/users\/2"}],"replies":[{"embeddable":true,"href":"https:\/\/www.europesays.com\/fr\/wp-json\/wp\/v2\/comments?post=465292"}],"version-history":[{"count":0,"href":"https:\/\/www.europesays.com\/fr\/wp-json\/wp\/v2\/posts\/465292\/revisions"}],"wp:featuredmedia":[{"embeddable":true,"href":"https:\/\/www.europesays.com\/fr\/wp-json\/wp\/v2\/media\/465293"}],"wp:attachment":[{"href":"https:\/\/www.europesays.com\/fr\/wp-json\/wp\/v2\/media?parent=465292"}],"wp:term":[{"taxonomy":"category","embeddable":true,"href":"https:\/\/www.europesays.com\/fr\/wp-json\/wp\/v2\/categories?post=465292"},{"taxonomy":"post_tag","embeddable":true,"href":"https:\/\/www.europesays.com\/fr\/wp-json\/wp\/v2\/tags?post=465292"}],"curies":[{"name":"wp","href":"https:\/\/api.w.org\/{rel}","templated":true}]}}