{"id":465298,"date":"2025-10-15T16:23:13","date_gmt":"2025-10-15T16:23:13","guid":{"rendered":"https:\/\/www.europesays.com\/fr\/465298\/"},"modified":"2025-10-15T16:23:13","modified_gmt":"2025-10-15T16:23:13","slug":"strasbourg-une-envie-pressante-lappli-ici-toilettes-vous-dit-ou-faire-pipi-gratuitement-en-ville","status":"publish","type":"post","link":"https:\/\/www.europesays.com\/fr\/465298\/","title":{"rendered":"Strasbourg. Une envie pressante ? L\u2019appli ICI Toilettes vous dit o\u00f9 faire pipi gratuitement en ville"},"content":{"rendered":"<p>Que l\u2019on soit Strasbourgeois, touriste ou sans-abri, <a href=\"https:\/\/www.dna.fr\/economie\/2024\/04\/20\/toilettes-publiques-sous-la-gare-miction-impossible\" target=\"_blank\" rel=\"nofollow noopener\">le manque de toilettes gratuites dans la ville<\/a> a souvent \u00e9t\u00e9 point\u00e9 du doigt. En s\u2019implantant \u00e0 Strasbourg, le dispositif ICI Toilettes veut renforcer l\u2019accessibilit\u00e9 \u00e0 des sanitaires propres, gratuits et ouverts au plus grand nombre.<\/p>\n<p>Install\u00e9e en un clic, l\u2019application rep\u00e8re les toilettes proches de l\u2019utilisateur, qu\u2019elles soient publiques\u2026 ou mises \u00e0 disposition par des bars et restaurants partenaires. Des filtres peuvent \u00eatre appliqu\u00e9s afin de cibler les celles accessibles aux PMR ou proposant un lange b\u00e9b\u00e9. Il suffit ensuite de se rendre sur place et de demander poliment \u00e0 utiliser les sanitaires gratuitement.<\/p>\n<p>Ce contenu est bloqu\u00e9 car vous n&rsquo;avez pas accept\u00e9 les cookies et autres traceurs.<\/p>\n<p>En cliquant sur \u00ab J\u2019accepte \u00bb, les cookies et autres traceurs seront d\u00e9pos\u00e9s et vous pourrez visualiser les contenus  (<a href=\"\" class=\"consentModule_policy\" target=\"_blank\" title=\"Consulter la politique de protection des donn\u00e9es du fournisseur\">plus d&rsquo;informations<\/a>).<\/p>\n<p>En cliquant sur \u00ab J\u2019accepte tous les cookies \u00bb, vous autorisez des d\u00e9p\u00f4ts de cookies et autres traceurs pour le stockage de vos donn\u00e9es sur nos sites et applications \u00e0 des fins de personnalisation et de ciblage publicitaire.<\/p>\n<p class=\"consentModule_secondaryText\">Vous gardez la possibilit\u00e9 de retirer votre consentement \u00e0 tout moment en consultant notre <a href=\"https:\/\/www.dna.fr\/protection-des-donnees\" target=\"_blank\" title=\"Consulter notre politique de protection des donn\u00e9es\" rel=\"nofollow noopener\">politique de protection des donn\u00e9es<\/a>. <br \/>&#13;<br \/>\n            <a href=\"https:\/\/www.dna.fr\/economie\/2025\/10\/15\/javascript:Didomi.notice.show()\" class=\"consentModule_cmp\" rel=\"nofollow noopener\" target=\"_blank\">G\u00e9rer mes choix<\/a>&#13;\n        <\/p>\n<p>&#13;<br \/>\n                        J&rsquo;accepte&#13;<br \/>\n            J&rsquo;accepte tous les cookies&#13;\n        <\/p>\n<p>  De 12 \u00e0 51 sanitaires accessibles<\/p>\n<p>Pour son lancement, la version strasbourgeoise d\u2019ICI Toilette recense 51 sanitaires accessibles au grand public contre douze en 2020, classant Strasbourg dans la moyenne nationale d\u2019une toilette pour 5\u00a0500 habitants et dans le top 6 des villes de plus de 100\u00a0000 habitants les mieux \u00e9quip\u00e9es.<\/p>\n<p>Parmi la quinzaine de commer\u00e7ants ayant d\u00e9cid\u00e9 de participer au dispositif, on peut citer Baraka Jeu, <a href=\"https:\/\/www.dna.fr\/edition-de-strasbourg\/2015\/09\/18\/38-chambres-avec-vues\" target=\"_blank\" rel=\"nofollow noopener\">l\u2019h\u00f4tel Graffalgar<\/a> , le Chariot, Bravo, <a href=\"https:\/\/www.dna.fr\/edition-strasbourg\/2020\/01\/27\/un-coin-des-kneckes-s-installe-rue-de-la-petite-course\" target=\"_blank\" rel=\"nofollow noopener\">le Troquet des Kneckes<\/a> ou encore le M\u00e9t\u00e9or. Identifiables gr\u00e2ce \u00e0 un sticker appos\u00e9 en vitrine, ils seront tous \u00e9quip\u00e9s de kits d\u2019hygi\u00e8ne f\u00e9minine.<\/p>\n<p>Pour ce service, les commer\u00e7ants toucheront une indemnit\u00e9 de 100\u00a0\u20ac par mois. Au total, ce dispositif co\u00fbtera 39\u00a0000\u00a0\u20ac par an \u00e0 la Ville. Une solution bien moins on\u00e9reuse que l\u2019installation de nouvelles toilettes publiques. L\u2019offre sera renforc\u00e9e \u00e0 l\u2019occasion du march\u00e9 de No\u00ebl avec des \u00e9quipements d\u2019appoint place Broglie, quai au Sable ou encore au square Louise-Weiss.<\/p>\n","protected":false},"excerpt":{"rendered":"Que l\u2019on soit Strasbourgeois, touriste ou sans-abri, le manque de toilettes gratuites dans la ville a souvent \u00e9t\u00e9&hellip;\n","protected":false},"author":2,"featured_media":465299,"comment_status":"","ping_status":"","sticky":false,"template":"","format":"standard","meta":{"footnotes":""},"categories":[2820],"tags":[1111,11,4406,33,2880,1777,674,107,1011,27,775,12,25,71,640,2879],"class_list":{"0":"post-465298","1":"post","2":"type-post","3":"status-publish","4":"format-standard","5":"has-post-thumbnail","7":"category-strasbourg","8":"tag-actu","9":"tag-actualites","10":"tag-commerce-et-services","11":"tag-economie","12":"tag-edition-strasbourg","13":"tag-eu","14":"tag-europe","15":"tag-fil-info","16":"tag-fr","17":"tag-france","18":"tag-grand-est","19":"tag-news","20":"tag-republique-francaise","21":"tag-sante","22":"tag-strasbourg","23":"tag-strasbourg-ville"},"share_on_mastodon":{"url":"https:\/\/pubeurope.com\/@fr\/115379110333735500","error":""},"_links":{"self":[{"href":"https:\/\/www.europesays.com\/fr\/wp-json\/wp\/v2\/posts\/465298","targetHints":{"allow":["GET"]}}],"collection":[{"href":"https:\/\/www.europesays.com\/fr\/wp-json\/wp\/v2\/posts"}],"about":[{"href":"https:\/\/www.europesays.com\/fr\/wp-json\/wp\/v2\/types\/post"}],"author":[{"embeddable":true,"href":"https:\/\/www.europesays.com\/fr\/wp-json\/wp\/v2\/users\/2"}],"replies":[{"embeddable":true,"href":"https:\/\/www.europesays.com\/fr\/wp-json\/wp\/v2\/comments?post=465298"}],"version-history":[{"count":0,"href":"https:\/\/www.europesays.com\/fr\/wp-json\/wp\/v2\/posts\/465298\/revisions"}],"wp:featuredmedia":[{"embeddable":true,"href":"https:\/\/www.europesays.com\/fr\/wp-json\/wp\/v2\/media\/465299"}],"wp:attachment":[{"href":"https:\/\/www.europesays.com\/fr\/wp-json\/wp\/v2\/media?parent=465298"}],"wp:term":[{"taxonomy":"category","embeddable":true,"href":"https:\/\/www.europesays.com\/fr\/wp-json\/wp\/v2\/categories?post=465298"},{"taxonomy":"post_tag","embeddable":true,"href":"https:\/\/www.europesays.com\/fr\/wp-json\/wp\/v2\/tags?post=465298"}],"curies":[{"name":"wp","href":"https:\/\/api.w.org\/{rel}","templated":true}]}}