{"id":46530,"date":"2025-04-23T12:16:08","date_gmt":"2025-04-23T12:16:08","guid":{"rendered":"https:\/\/www.europesays.com\/fr\/46530\/"},"modified":"2025-04-23T12:16:08","modified_gmt":"2025-04-23T12:16:08","slug":"cest-fini-le-monde-de-requins-les-salaries-dey-associes-exigent-un-retour-a-la-semaine-de-48-heures-le-figaro","status":"publish","type":"post","link":"https:\/\/www.europesays.com\/fr\/46530\/","title":{"rendered":"\u00abC\u2019est fini le monde de requins\u00bb : les salari\u00e9s d\u2019EY &amp; Associ\u00e9s exigent un retour \u00e0 la semaine de 48 heures &#8211; Le Figaro"},"content":{"rendered":"<ol>\n<li><a href=\"https:\/\/news.google.com\/rss\/articles\/CBMi2AFBVV95cUxOZkN2cVNuTXdrUVZnWVE5TXV3cWhGdUp0QmV3b2x4aG5pdWdpbnJtamhMTlF0V1pvTWlFc1hpTDU3N0Zaa2U2SmIwRXYxSmNoazhsYnMycmw4Wk5rcnJoQ1dRUGVvMnU5czVWZ2hDa0J3eUtOcWpjRzl2MDRxd0VBeE51cm5NTEJlcjFTVFJvdjJVdjZmOW55MGhVek41VDU2ajhfOG1EZHhmTllBVmpkV1JXX3BCWkRwZncwNFBYNmN6LWExN3JJQU8xZ21TdFZ2eHNuTkNkQ3o?oc=5\" target=\"_blank\" rel=\"noopener\">\u00abC\u2019est fini le monde de requins\u00bb : les salari\u00e9s d\u2019EY &amp; Associ\u00e9s exigent un retour \u00e0 la semaine de 48 heures<\/a>&nbsp;&nbsp;Le Figaro<\/li>\n<li><a href=\"https:\/\/news.google.com\/rss\/articles\/CBMi3wFBVV95cUxPT0o4WVNFVnZyeGVHWVNuZHRacURQRkZqTTVkWEhTQ2ViUE1WS0twLWM3allEYlQ0Z2xrc0NuODR5OGpPRlFPWmREbnh4M0llVXo3b0xJQzRPWGlHZjNWYVlnVWUwcUhOSUtPUjFhWkw1UGF2R1I0RWpyVEpuN0Y4NS11TlpQZkwwQkpHZjY5bmxLMmE4MUpJak9LWmpUWW12UFg5QUs2ZUdQUGw4dm8zSWIxUlpuRFRVbW8xSUtYRG80V08zWVF3VGJuYk4xSnJsaExIVXNDTy1IMXQtbmJV?oc=5\" target=\"_blank\" rel=\"noopener\">Chez EY &amp; Associ\u00e9s, les salari\u00e9s votent pour un retour \u00e0 la semaine de\u2026 quarante-huit heures<\/a>&nbsp;&nbsp;Le Monde.fr<\/li>\n<li><a href=\"https:\/\/news.google.com\/rss\/articles\/CBMi1wFBVV95cUxOdVFfb1hKbWlCMGZ2OHh3VTBJZDRhWWdJb0Fua1NibXpKd0xSRVRkb1JkdnRjU3R4OUZEaVVJVjJEODJVTW1YTWI0MWVkR2lFQS16ZVRVRS1OcVB5dl9NdU1GY2l3V3g1azF1QkpwUldPc3dpSk45MW51ZDUwWk51SkQ3anlIUlUyS0dmdDBwallnOVpNVUZFQWF4bkdLMTVSVVBaM2RhX2xadDI1dEQ1Uzk5XzZSX3g0Z3JCNEZXTE80S05iUWJZRGxmS0EtM01Fd3I0RER0TQ?oc=5\" target=\"_blank\" rel=\"noopener\">Les salari\u00e9s d&rsquo;EY demandent \u00e0 ne pas travailler plus de 48 heures par semaine<\/a>&nbsp;&nbsp;Les Echos<\/li>\n<li><a href=\"https:\/\/news.google.com\/rss\/articles\/CBMi5wFBVV95cUxNak1jbTFVYWJJSlRQdVBPM01EbEFQb2xSWFJ2LTQxLUlkZVB2T3Y0eHZhVlViOGNIX0Y5VTJkWEE0OHVaTGVPYjQyMWxQY08zNFJOOXZua1U3VkJrZmVVUkx1c1JzR2Y0QWVWdEVhTUVOQThjZVBQUC1qQTVaU0JQYUQyYW5VV2ktUGxMaVN5dEtLamR2NFREWEgxSGtpWFlBdFRGN3FfcVc4ZW15RUlaRWZUOHhDZUhNWWxSb29sZXhPYUxLOXZHZ2ZuaTJudWhOVlY4anJNYUhEZllsbFFaRGRJOUwwdW8?oc=5\" target=\"_blank\" rel=\"noopener\">R\u00e9f\u00e9rendum chez EY: les salari\u00e9s votent pour la fin du temps de travail illimit\u00e9<\/a>&nbsp;&nbsp;BFMTV<\/li>\n<li><a href=\"https:\/\/news.google.com\/rss\/articles\/CBMiqgJBVV95cUxOcjZSWXc2bnpzM01fQUVMM2djMHhtSU1ZbFQ4Sy1PQ0ZSWjJ6YVFoY0dFOHRXX3FSX29sdEh5blZZNC1qQjBzcnRCUUEwWE05SHJtb3hsYThTeXlNdi1BRFpNd2tCTG9QclBoVmcwLUVZTEZrNjJ6eXNXX1F1WkdabENIQUtCY3ozcG4xcDVyRkZoUlpTcmtrMncwZ3ZXS0R6eDJmUVkyR3A5REpKUm1OY3FiN3dHakN3S2hQS0E4TTJhSms0am9fSzJwa0JVSVYxMUZ6YzNoRF9IV1hzNmV3LVpNOWpfVlo5aUxpaGxHV2JRT3NYS0IwT3o5azJ4UXg1eWxBT1NEVUJoRVUxZXpLNng0TG8tWmxENXVoaVJNZmx1ZGVoaHg0cDBn?oc=5\" target=\"_blank\" rel=\"noopener\">\u00ab\u00a0Je me suis bloqu\u00e9 le cou, je ne dormais plus\u00a0\u00bb : les salari\u00e9s du cabinet de conseil EY appel\u00e9s \u00e0 voter pour limiter leur temps de travail hebdomadaire<\/a>&nbsp;&nbsp;France Info<\/li>\n<\/ol>\n","protected":false},"excerpt":{"rendered":"\u00abC\u2019est fini le monde de requins\u00bb : les salari\u00e9s d\u2019EY &amp; Associ\u00e9s exigent un retour \u00e0 la semaine&hellip;\n","protected":false},"author":2,"featured_media":46531,"comment_status":"","ping_status":"","sticky":false,"template":"","format":"standard","meta":{"footnotes":""},"categories":[2],"tags":[11,8334,343,8327,8324,8328,257,13610,590,8333,1011,27,8329,12,8325,8331,8332,8323,25,8322,1019,801,8330,8326],"class_list":{"0":"post-46530","1":"post","2":"type-post","3":"status-publish","4":"format-standard","5":"has-post-thumbnail","7":"category-actualites","8":"tag-actualites","9":"tag-actualites-sociales","10":"tag-cac-40","11":"tag-comoite-dentreprise","12":"tag-conjoncture","13":"tag-elections-syndicales","14":"tag-entreprise","15":"tag-ey","16":"tag-finance","17":"tag-fiscalite-des-entreprises","18":"tag-fr","19":"tag-france","20":"tag-gestion-entreprise","21":"tag-news","22":"tag-oeuvres-sociales","23":"tag-pme","24":"tag-pmi","25":"tag-primes","26":"tag-republique-francaise","27":"tag-ressources-humaines","28":"tag-rh","29":"tag-social","30":"tag-tpe","31":"tag-trseorerie"},"share_on_mastodon":{"url":"https:\/\/pubeurope.com\/@fr\/114387234688845185","error":""},"_links":{"self":[{"href":"https:\/\/www.europesays.com\/fr\/wp-json\/wp\/v2\/posts\/46530","targetHints":{"allow":["GET"]}}],"collection":[{"href":"https:\/\/www.europesays.com\/fr\/wp-json\/wp\/v2\/posts"}],"about":[{"href":"https:\/\/www.europesays.com\/fr\/wp-json\/wp\/v2\/types\/post"}],"author":[{"embeddable":true,"href":"https:\/\/www.europesays.com\/fr\/wp-json\/wp\/v2\/users\/2"}],"replies":[{"embeddable":true,"href":"https:\/\/www.europesays.com\/fr\/wp-json\/wp\/v2\/comments?post=46530"}],"version-history":[{"count":0,"href":"https:\/\/www.europesays.com\/fr\/wp-json\/wp\/v2\/posts\/46530\/revisions"}],"wp:featuredmedia":[{"embeddable":true,"href":"https:\/\/www.europesays.com\/fr\/wp-json\/wp\/v2\/media\/46531"}],"wp:attachment":[{"href":"https:\/\/www.europesays.com\/fr\/wp-json\/wp\/v2\/media?parent=46530"}],"wp:term":[{"taxonomy":"category","embeddable":true,"href":"https:\/\/www.europesays.com\/fr\/wp-json\/wp\/v2\/categories?post=46530"},{"taxonomy":"post_tag","embeddable":true,"href":"https:\/\/www.europesays.com\/fr\/wp-json\/wp\/v2\/tags?post=46530"}],"curies":[{"name":"wp","href":"https:\/\/api.w.org\/{rel}","templated":true}]}}