{"id":465304,"date":"2025-10-15T16:26:11","date_gmt":"2025-10-15T16:26:11","guid":{"rendered":"https:\/\/www.europesays.com\/fr\/465304\/"},"modified":"2025-10-15T16:26:11","modified_gmt":"2025-10-15T16:26:11","slug":"voici-ou-il-se-trouve","status":"publish","type":"post","link":"https:\/\/www.europesays.com\/fr\/465304\/","title":{"rendered":"voici o\u00f9 il se trouve"},"content":{"rendered":"<p>            Par<br \/>\n        <strong><br \/>\n            <a href=\"https:\/\/actu.fr\/auteur\/arthur-frand\" title=\"Consulter tous les articles de Arthur Frand\" rel=\"nofollow noopener\" target=\"_blank\">Arthur Frand<\/a><br \/>\n        <\/strong><\/p>\n<p>        Publi\u00e9 le<\/p>\n<p>            15 oct. 2025 \u00e0 17h24        <\/p>\n<p>C\u2019\u00e9tait annonc\u00e9. Il est bien mobile. Le radar chantier de la promenade des Anglais \u00e0 <a href=\"https:\/\/actu.fr\/nice\/\" rel=\"nofollow noopener\" target=\"_blank\">Nice<\/a> dans le <a href=\"https:\/\/actu.fr\/provence-alpes-cote-d-azur\/alpes-maritimes_06\" rel=\"nofollow noopener\" target=\"_blank\">Alpes-Maritimes<\/a> a de nouveau <strong>chang\u00e9 de place<\/strong> il y a quelques jours. Il est toujours positionn\u00e9 dans le sens Nice-Saint-Laurent-du-Var.<\/p>\n<p class=\" wall-content\">\u00ab\u2009Il a \u00e9t\u00e9 d\u00e9plac\u00e9 la semaine derni\u00e8re\u2009\u00bb, pr\u00e9cise \u00e0 <a href=\"https:\/\/actu.fr\/nice\/\" rel=\"nofollow noopener\" target=\"_blank\">actu Nice<\/a> la pr\u00e9fecture des Alpes-Maritimes, qui rappelle qu\u2019un \u00ab\u2009radar de chantier a vocation \u00e0 \u00eatre <strong>d\u00e9plac\u00e9 fr\u00e9quemment.<\/strong>\u2009\u00bb<\/p>\n<p>O\u00f9 se trouve le radar mobile actuellement<\/p>\n<p class=\" wall-content\">Le radar mobile de la promenade des Anglais, o\u00f9 la vitesse est limit\u00e9e \u00e0 50\u00a0km\/h, se trouve dans le<strong> sens est-ouest<\/strong> devant le terminal 1 de l\u2019a\u00e9roport. Apr\u00e8s le passage du tramway sous la voie.<\/p>\n<p class=\" wall-content\">Mis en place <a href=\"https:\/\/actu.fr\/provence-alpes-cote-d-azur\/nice_06088\/info-actu-nice-un-nouveau-radar-debarque-sur-la-promenade-des-anglais-et-il-flashe-deja_62695978.html\" rel=\"nofollow noopener\" target=\"_blank\">le 27\u00a0mai dernier<\/a>, il avait \u00e9t\u00e9 install\u00e9 \u00e0 hauteur du n\u00b077. Puis il a \u00e9t\u00e9 positionn\u00e9 \u00e0 diff\u00e9rents endroits, comme \u00e0 Fabron, Magnan ou \u00e0 Cassin-Kirchner.<\/p>\n<p>Communication \u00ab\u2009en temps voulu\u2009\u00bb sur les radars fixes<\/p>\n<p class=\" wall-content\">Ce radar de chantier qui appara\u00eet comme une bo\u00eete grise n\u2019est pas tr\u00e8s discret car volumineux et bien visible des automobilistes. Il n\u2019est <strong>pas vou\u00e9 \u00e0 \u00eatre p\u00e9renne<\/strong>. Pour rappel, la ville souhaite l\u2019implantation d\u2019un dispositif fixe de radars \u00e0 Nice. Plusieurs mois se sont \u00e9coul\u00e9s mais pour l\u2019instant, pas d\u2019avanc\u00e9e de ce c\u00f4t\u00e9.<\/p>\n<p class=\" wall-content\">\u00ab\u2009Nous communiquerons <strong>en temps voulu<\/strong> sur la date d\u2019installation des prochains radars fixes\u2009\u00bb, souligne la pr\u00e9fecture des Alpes-Maritimes, qui g\u00e8re ces installations et ne souhaite pas s\u2019\u00e9taler.<\/p>\n<p class=\" wall-content\">Au total quatre radars sont esp\u00e9r\u00e9s sur la Promenade des Anglais par la Ville de Nice, qui tente de lutter contre l\u2019ins\u00e9curit\u00e9 routi\u00e8re. Tr\u00e8s accidentog\u00e8ne, cet axe voit d\u00e9filer pr\u00e8s 175000 v\u00e9hicules par jour.<\/p>\n<p class=\" wall-content\">Personnalisez votre actualit\u00e9 en ajoutant vos villes et m\u00e9dias en favori avec <a href=\"https:\/\/moncompte.actu.fr\" title=\"D\u00e9couvez Mon Actu\" rel=\"nofollow noopener\" data-trk=\"{&quot;cta&quot;:{&quot;action&quot;:&quot;https:\\\/\\\/moncompte.actu.fr&quot;,&quot;category&quot;:&quot;mon compte&quot;,&quot;from&quot;:&quot;article footer&quot;,&quot;name&quot;:&quot;Mon actu&quot;,&quot;type&quot;:&quot;cta&quot;}}\" target=\"_blank\">Mon Actu<\/a>.<\/p>\n","protected":false},"excerpt":{"rendered":"Par Arthur Frand Publi\u00e9 le 15 oct. 2025 \u00e0 17h24 C\u2019\u00e9tait annonc\u00e9. Il est bien mobile. Le radar&hellip;\n","protected":false},"author":2,"featured_media":253571,"comment_status":"","ping_status":"","sticky":false,"template":"","format":"standard","meta":{"footnotes":""},"categories":[2819],"tags":[1111,11,646,1777,674,1011,27,12,2401,882,6957,25,104],"class_list":{"0":"post-465304","1":"post","2":"type-post","3":"status-publish","4":"format-standard","5":"has-post-thumbnail","7":"category-nice","8":"tag-actu","9":"tag-actualites","10":"tag-automobile","11":"tag-eu","12":"tag-europe","13":"tag-fr","14":"tag-france","15":"tag-news","16":"tag-nice","17":"tag-provence-alpes-cote-dazur","18":"tag-radars","19":"tag-republique-francaise","20":"tag-societe"},"share_on_mastodon":{"url":"","error":""},"_links":{"self":[{"href":"https:\/\/www.europesays.com\/fr\/wp-json\/wp\/v2\/posts\/465304","targetHints":{"allow":["GET"]}}],"collection":[{"href":"https:\/\/www.europesays.com\/fr\/wp-json\/wp\/v2\/posts"}],"about":[{"href":"https:\/\/www.europesays.com\/fr\/wp-json\/wp\/v2\/types\/post"}],"author":[{"embeddable":true,"href":"https:\/\/www.europesays.com\/fr\/wp-json\/wp\/v2\/users\/2"}],"replies":[{"embeddable":true,"href":"https:\/\/www.europesays.com\/fr\/wp-json\/wp\/v2\/comments?post=465304"}],"version-history":[{"count":0,"href":"https:\/\/www.europesays.com\/fr\/wp-json\/wp\/v2\/posts\/465304\/revisions"}],"wp:featuredmedia":[{"embeddable":true,"href":"https:\/\/www.europesays.com\/fr\/wp-json\/wp\/v2\/media\/253571"}],"wp:attachment":[{"href":"https:\/\/www.europesays.com\/fr\/wp-json\/wp\/v2\/media?parent=465304"}],"wp:term":[{"taxonomy":"category","embeddable":true,"href":"https:\/\/www.europesays.com\/fr\/wp-json\/wp\/v2\/categories?post=465304"},{"taxonomy":"post_tag","embeddable":true,"href":"https:\/\/www.europesays.com\/fr\/wp-json\/wp\/v2\/tags?post=465304"}],"curies":[{"name":"wp","href":"https:\/\/api.w.org\/{rel}","templated":true}]}}