{"id":465305,"date":"2025-10-15T16:27:11","date_gmt":"2025-10-15T16:27:11","guid":{"rendered":"https:\/\/www.europesays.com\/fr\/465305\/"},"modified":"2025-10-15T16:27:11","modified_gmt":"2025-10-15T16:27:11","slug":"le-prix-est-estime-a-500-000-euros","status":"publish","type":"post","link":"https:\/\/www.europesays.com\/fr\/465305\/","title":{"rendered":"le prix est estim\u00e9 \u00e0 500 000 euros"},"content":{"rendered":"<p>            Par<br \/>\n        <strong><br \/>\n            <a href=\"https:\/\/actu.fr\/auteur\/laure-gentil\" title=\"Consulter tous les articles de Laure Gentil\" target=\"_blank\" rel=\"noopener\">Laure Gentil<\/a><br \/>\n        <\/strong><\/p>\n<p>        Publi\u00e9 le<\/p>\n<p>            15 oct. 2025 \u00e0 18h00        <\/p>\n<p><strong>Paul-Marie Musnier<\/strong> est un commissaire-priseur nantais. Passionn\u00e9 d\u2019histoire de l\u2019art, ce quadrag\u00e9naire a vu bien des merveilles d\u00e9filer sous ses yeux d\u2019expert\u2009: un morceau du tombeau de <strong>Napol\u00e9on<\/strong>, un portrait de Champollion, l\u2019appartement d\u2019<strong>Yves Saint-Laurent<\/strong> vendu pour 330\u00a0millions d\u2019euros\u2026 Il ne s\u2019attendait toutefois pas \u00e0 la d\u00e9couverte qu\u2019il a faite au d\u00e9tour d\u2019une banale succession dans la r\u00e9gion nantaise\u2009: un dessin pr\u00e9paratoire rarissime de<strong> Daniele da Volterra<\/strong> (1509 \u2013 1566), \u00e9l\u00e8ve et ami intime de Michel-Ange.<\/p>\n<p class=\" wall-content\">Ce chef-d\u2019\u0153uvre de la Renaissance italienne est estim\u00e9 <strong>entre 400\u2009000\u00a0et 500\u2009000 euros.<\/strong><\/p>\n<p class=\" wall-content\">Le <strong>19\u00a0novembre prochain<\/strong>, \u00e0 l\u2019H\u00f4tel Drouot \u00e0 <a href=\"https:\/\/actu.fr\/paris\" target=\"_blank\" rel=\"noopener\">Paris<\/a>, Paul-Marie Musnier dirigera lui-m\u00eame la vente aux ench\u00e8res. Rencontre.<\/p>\n<p>Un \u00ab\u2009joli dessin\u2009\u00bb sur le mur<\/p>\n<p class=\" wall-content\">Le commissaire-priseur n\u2019en revient toujours pas. C\u2019est avec un grand sourire qu\u2019il se souvient de sa trouvaille. Alors que Paul-Marie Musnier regarde des biens provenant d\u2019une succession, le propri\u00e9taire des objets lui montre des photos du \u00ab\u2009mur de son grand-p\u00e8re\u2009\u00bb.<\/p>\n<p class=\" wall-content\">\u00ab\u2009Je vois qu\u2019il y a un joli dessin\u2009\u00bb, nous raconte-t-il. L\u2019expert demande alors \u00e0 examiner l\u2019\u0153uvre.<\/p>\n<blockquote class=\"ac-article-quote wall-content\">\n<p>Il y avait, au dos, une attribution \u00e0 un autre artiste de la Renaissance qui s&rsquo;appelle Andrea del Sarto. Je n&rsquo;\u00e9tais pas convaincu que c&rsquo;\u00e9tait lui, mais je ne savais pas non plus encore que c&rsquo;\u00e9tait Daniele da Volterra.\u00a0<\/p>\n<p>    <strong>Paul-Marie Musnier<\/strong><br \/>\n        Commissaire-priseur    <\/p><\/blockquote>\n<p class=\" wall-content\">Il d\u00e9cide d\u2019envoyer le dessin \u00e0 Paris, au cabinet de Bayser, qui expertise les dessins anciens. Trois jours plus tard, le verdict tombe\u2009: c\u2019est un dessin de <strong>Daniele da Volterra<\/strong>, l\u2019\u00e9l\u00e8ve de Michel Ange, celui qui a \u00ab\u2009corrig\u00e9\u2009\u00bb les personnages peints par son ma\u00eetre sur la fresque du Jugement Dernier de la <strong>Chapelle Sixtine.<\/strong><\/p>\n<p>Votre r\u00e9gion, votre actu !<\/p>\n<p>Recevez chaque jour les infos qui comptent pour vous.<\/p>\n<p>\t<a href=\"https:\/\/actu.fr\/newsletter\" class=\"ac-btn ac-btn--corner ac-btn--medium ac-btn--blue800\" target=\"_blank\" rel=\"noopener\">S&rsquo;incrire<\/a><br \/>\nQui est Daniele da Volterra ?<\/p>\n<p>Daniel Ricciarelli est n\u00e9 \u00e0 Volterra, en Italie au XVIe si\u00e8cle. C&rsquo;est un peintre de la Renaissance. Il a \u00e9t\u00e9 \u00e9l\u00e8ve et ami du c\u00e9l\u00e8bre Michel-Ange. Il est connu pour avoir peint le tableau David et Goliath mais aussi pour avoir \u00ab\u00a0habill\u00e9\u00a0\u00bb les personnages nus peints par Michel-Ange sur la fresque du Jugement Dernier de la Chapelle Sixtine, jug\u00e9s obsc\u00e8nes par l&rsquo;\u00c9glise d&rsquo;o\u00f9 son surnom \u00ab\u00a0Il Braghetone\u00a0\u00bb (que l&rsquo;on peut traduire par \u00ab\u00a0le cale\u00e7onneur\u00a0\u00bb).<\/p>\n<p>\u00ab\u2009Un gamin pensif\u2009\u00bb de 500\u00a0ans<\/p>\n<p class=\" wall-content\">\u00ab\u2009C\u2019est grisant, c\u2019est g\u00e9nial\u2009\u00bb, s\u2019enthousiasme Paul-Marie Musnier, comme s\u2019il venait \u00e0 nouveau d\u2019entendre la nouvelle. \u00ab\u2009Cela a une vraie valeur pour l\u2019histoire de l\u2019art, c\u2019est un bijou.\u2009\u00bb Le commissaire-priseur sort un fac-simil\u00e9 du dessin et retrace du doigt les contours.<\/p>\n<blockquote class=\"ac-article-quote wall-content\">\n<p>Il (le personnage du dessin N.D.L.R.) a cet air penseur, blas\u00e9. Je trouve qu&rsquo;il est myst\u00e9rieux. Quand on le voit comme \u00e7a, on se dit que c&rsquo;est un gamin, un petit gamin pensif. <\/p>\n<p>    <strong>Paul-Marie Musnier<\/strong><br \/>\n        Commissaire-priseur    <\/p><\/blockquote>\n<p class=\" wall-content\">Un gamin \u00e2g\u00e9 de tout de m\u00eame de presque 500\u00a0ans. \u00ab\u2009Ce dessin, c\u2019est ce qu\u2019on appelle un peu un poncif, c\u2019est-\u00e0-dire qu\u2019en fait, on va coller le dessin sur le mur, sur la fresque\u2009\u00bb, explique l\u2019expert nantais. \u00ab\u2009Il y a des petits trous partout et on va passer un peu de charbon dessus. On allait tamponner sur le mur pour apr\u00e8s peindre le dessin.\u2009\u00bb<\/p>\n<p>    <img   decoding=\"async\" loading=\"lazy\" src=\"https:\/\/www.europesays.com\/fr\/wp-content\/uploads\/2025\/10\/daniele-da-volterra-nantes-769x640.jpg\" alt=\"Ce dessin pr\u00e9paratoire de Daniele da Volterra, \u00e9l\u00e8ve de Michel-Ange, a servi pour la r\u00e9alisation d'une fresque dans une \u00e9glise \u00e0 Rome : La Trinit\u00e9 des Monts.\" width=\"769\" height=\"640\"\/><br \/>\n    Ce dessin pr\u00e9paratoire de Daniele da Volterra, \u00e9l\u00e8ve de Michel-Ange, a servi pour la r\u00e9alisation d\u2019une fresque dans une \u00e9glise \u00e0 Rome\u2009: La\u00a0Trinit\u00e9 des Monts. (\u00a9Transmis \u00e0 actu Nantes)<\/p>\n<p class=\" wall-content\">Ce dessin pr\u00e9paratoire a en effet servi pour peindre la fresque de\u00a0L\u2019Assomption de la Vierge\u00a0\u00e0 La\u00a0Trinit\u00e9-des-Monts \u00e0 Rome en 1545.<\/p>\n<p class=\" wall-content\">\u00ab\u2009\u00c7a va int\u00e9resser pas mal de monde, assure l\u2019expert nantais. Il y a un autre dessin de cet artiste, <strong>un record \u00e0 trois millions d\u2019euros.\u2009\u00bb<\/strong><\/p>\n<p class=\" wall-content\">Personnalisez votre actualit\u00e9 en ajoutant vos villes et m\u00e9dias en favori avec <a href=\"https:\/\/moncompte.actu.fr\" title=\"D\u00e9couvez Mon Actu\" rel=\"nofollow noopener\" data-trk=\"{&quot;cta&quot;:{&quot;action&quot;:&quot;https:\\\/\\\/moncompte.actu.fr&quot;,&quot;category&quot;:&quot;mon compte&quot;,&quot;from&quot;:&quot;article footer&quot;,&quot;name&quot;:&quot;Mon actu&quot;,&quot;type&quot;:&quot;cta&quot;}}\" target=\"_blank\">Mon Actu<\/a>.<\/p>\n","protected":false},"excerpt":{"rendered":"Par Laure Gentil Publi\u00e9 le 15 oct. 2025 \u00e0 18h00 Paul-Marie Musnier est un commissaire-priseur nantais. Passionn\u00e9 d\u2019histoire&hellip;\n","protected":false},"author":2,"featured_media":465306,"comment_status":"","ping_status":"","sticky":false,"template":"","format":"standard","meta":{"footnotes":""},"categories":[2818],"tags":[1111,11,1777,674,1011,27,58904,452,766,12,2636,25],"class_list":{"0":"post-465305","1":"post","2":"type-post","3":"status-publish","4":"format-standard","5":"has-post-thumbnail","7":"category-nantes","8":"tag-actu","9":"tag-actualites","10":"tag-eu","11":"tag-europe","12":"tag-fr","13":"tag-france","14":"tag-histoire-patrimoine","15":"tag-italie","16":"tag-nantes","17":"tag-news","18":"tag-pays-de-la-loire","19":"tag-republique-francaise"},"share_on_mastodon":{"url":"https:\/\/pubeurope.com\/@fr\/115379126372479282","error":""},"_links":{"self":[{"href":"https:\/\/www.europesays.com\/fr\/wp-json\/wp\/v2\/posts\/465305","targetHints":{"allow":["GET"]}}],"collection":[{"href":"https:\/\/www.europesays.com\/fr\/wp-json\/wp\/v2\/posts"}],"about":[{"href":"https:\/\/www.europesays.com\/fr\/wp-json\/wp\/v2\/types\/post"}],"author":[{"embeddable":true,"href":"https:\/\/www.europesays.com\/fr\/wp-json\/wp\/v2\/users\/2"}],"replies":[{"embeddable":true,"href":"https:\/\/www.europesays.com\/fr\/wp-json\/wp\/v2\/comments?post=465305"}],"version-history":[{"count":0,"href":"https:\/\/www.europesays.com\/fr\/wp-json\/wp\/v2\/posts\/465305\/revisions"}],"wp:featuredmedia":[{"embeddable":true,"href":"https:\/\/www.europesays.com\/fr\/wp-json\/wp\/v2\/media\/465306"}],"wp:attachment":[{"href":"https:\/\/www.europesays.com\/fr\/wp-json\/wp\/v2\/media?parent=465305"}],"wp:term":[{"taxonomy":"category","embeddable":true,"href":"https:\/\/www.europesays.com\/fr\/wp-json\/wp\/v2\/categories?post=465305"},{"taxonomy":"post_tag","embeddable":true,"href":"https:\/\/www.europesays.com\/fr\/wp-json\/wp\/v2\/tags?post=465305"}],"curies":[{"name":"wp","href":"https:\/\/api.w.org\/{rel}","templated":true}]}}