{"id":465315,"date":"2025-10-15T16:32:10","date_gmt":"2025-10-15T16:32:10","guid":{"rendered":"https:\/\/www.europesays.com\/fr\/465315\/"},"modified":"2025-10-15T16:32:10","modified_gmt":"2025-10-15T16:32:10","slug":"sueurs-froides-pres-de-toulouse-il-rapporte-un-colis-encombrant-la-mairie-et-le-commissariat-evacues-illico","status":"publish","type":"post","link":"https:\/\/www.europesays.com\/fr\/465315\/","title":{"rendered":"Sueurs froides pr\u00e8s de Toulouse. Il rapporte un colis encombrant, la mairie et le commissariat \u00e9vacu\u00e9s illico"},"content":{"rendered":"<p>            Par<br \/>\n        <strong><br \/>\n            <a href=\"https:\/\/actu.fr\/auteur\/david-saint-sernin\" title=\"Consulter tous les articles de David Saint-Sernin\" target=\"_blank\" rel=\"noopener\">David Saint-Sernin<\/a><br \/>\n        <\/strong><\/p>\n<p>        Publi\u00e9 le<\/p>\n<p>            15 oct. 2025 \u00e0 18h11        <\/p>\n<p>Cela pourrait pr\u00eater \u00e0 sourire \u00e0 post\u00e9riori. Mais sur le coup, personne n\u2019a rigol\u00e9 au commissariat de la police nationale de <a href=\"https:\/\/actu.fr\/occitanie\/colomiers_31149\" target=\"_blank\" rel=\"noopener\">Colomiers<\/a>, pr\u00e8s de Toulouse.<\/p>\n<p class=\" wall-content\">Il est 15h30, ce mardi 14\u00a0octobre 2025, quand un agent municipal p\u00e9n\u00e8tre dans le b\u00e2timent. Et il ne rentre pas les mains vides.. Le colis est m\u00eame assez encombrant\u2026<\/p>\n<p>Il transporte cinq obus<\/p>\n<p class=\" wall-content\">\u00ab\u2009L\u2019agent transporte en effet cinq obus qu\u2019un particulier vient de trouver sur le territoire de la commune de Colomiers, datant probablement de la Seconde Guerre Mondiale\u2009\u00bb, explique une source polici\u00e8re \u00e0 Actu Toulouse.<\/p>\n<p>Trois b\u00e2timents \u00e9vacu\u00e9s<\/p>\n<p class=\" wall-content\">\u00ab\u2009Quand le coll\u00e8gue a vu les obus, il a imm\u00e9diatement fait \u00e9vacuer le b\u00e2timent. Les b\u00e2timents de la police municipale et celui de la mairie ont \u00e9galement fait l\u2019objet d\u2019une proc\u00e9dure d\u2019\u00e9vacuation\u2009\u00bb, rapporte la m\u00eame source polici\u00e8re \u00e0 Actu Toulouse.<\/p>\n<p class=\" wall-content\">Plusieurs centaines d\u2019agents ont d\u00fb quitter leurs postes en urgence.<\/p>\n<p>Vid\u00e9os : en ce moment sur Actu<\/p>\n<p class=\" wall-content\">Les d\u00e9mineurs ont \u00e9t\u00e9 d\u00e9ploy\u00e9s pour \u00e9carter tout risque d\u2019explosion. Ce risque \u00e9cart\u00e9, les b\u00e2timents ont \u00e9t\u00e9 r\u00e9ouverts une heure apr\u00e8s l\u2019alerte.<\/p>\n<p class=\" wall-content\">Personnalisez votre actualit\u00e9 en ajoutant vos villes et m\u00e9dias en favori avec <a href=\"https:\/\/moncompte.actu.fr\" title=\"D\u00e9couvez Mon Actu\" rel=\"nofollow noopener\" data-trk=\"{&quot;cta&quot;:{&quot;action&quot;:&quot;https:\\\/\\\/moncompte.actu.fr&quot;,&quot;category&quot;:&quot;mon compte&quot;,&quot;from&quot;:&quot;article footer&quot;,&quot;name&quot;:&quot;Mon actu&quot;,&quot;type&quot;:&quot;cta&quot;}}\" target=\"_blank\">Mon Actu<\/a>.<\/p>\n","protected":false},"excerpt":{"rendered":"Par David Saint-Sernin Publi\u00e9 le 15 oct. 2025 \u00e0 18h11 Cela pourrait pr\u00eater \u00e0 sourire \u00e0 post\u00e9riori. Mais&hellip;\n","protected":false},"author":2,"featured_media":465316,"comment_status":"","ping_status":"","sticky":false,"template":"","format":"standard","meta":{"footnotes":""},"categories":[2816],"tags":[1111,11,1777,674,118,1011,27,12,2680,1072,25,2312],"class_list":{"0":"post-465315","1":"post","2":"type-post","3":"status-publish","4":"format-standard","5":"has-post-thumbnail","7":"category-toulouse","8":"tag-actu","9":"tag-actualites","10":"tag-eu","11":"tag-europe","12":"tag-faits-divers","13":"tag-fr","14":"tag-france","15":"tag-news","16":"tag-occitanie","17":"tag-police","18":"tag-republique-francaise","19":"tag-toulouse"},"share_on_mastodon":{"url":"https:\/\/pubeurope.com\/@fr\/115379145635116515","error":""},"_links":{"self":[{"href":"https:\/\/www.europesays.com\/fr\/wp-json\/wp\/v2\/posts\/465315","targetHints":{"allow":["GET"]}}],"collection":[{"href":"https:\/\/www.europesays.com\/fr\/wp-json\/wp\/v2\/posts"}],"about":[{"href":"https:\/\/www.europesays.com\/fr\/wp-json\/wp\/v2\/types\/post"}],"author":[{"embeddable":true,"href":"https:\/\/www.europesays.com\/fr\/wp-json\/wp\/v2\/users\/2"}],"replies":[{"embeddable":true,"href":"https:\/\/www.europesays.com\/fr\/wp-json\/wp\/v2\/comments?post=465315"}],"version-history":[{"count":0,"href":"https:\/\/www.europesays.com\/fr\/wp-json\/wp\/v2\/posts\/465315\/revisions"}],"wp:featuredmedia":[{"embeddable":true,"href":"https:\/\/www.europesays.com\/fr\/wp-json\/wp\/v2\/media\/465316"}],"wp:attachment":[{"href":"https:\/\/www.europesays.com\/fr\/wp-json\/wp\/v2\/media?parent=465315"}],"wp:term":[{"taxonomy":"category","embeddable":true,"href":"https:\/\/www.europesays.com\/fr\/wp-json\/wp\/v2\/categories?post=465315"},{"taxonomy":"post_tag","embeddable":true,"href":"https:\/\/www.europesays.com\/fr\/wp-json\/wp\/v2\/tags?post=465315"}],"curies":[{"name":"wp","href":"https:\/\/api.w.org\/{rel}","templated":true}]}}