{"id":465317,"date":"2025-10-15T16:33:13","date_gmt":"2025-10-15T16:33:13","guid":{"rendered":"https:\/\/www.europesays.com\/fr\/465317\/"},"modified":"2025-10-15T16:33:13","modified_gmt":"2025-10-15T16:33:13","slug":"des-bouchons-entre-lille-et-dunkerque-mercredi-soir","status":"publish","type":"post","link":"https:\/\/www.europesays.com\/fr\/465317\/","title":{"rendered":"des bouchons entre Lille et Dunkerque mercredi soir"},"content":{"rendered":"<p>            Par<br \/>\n        <strong><br \/>\n            <a href=\"https:\/\/actu.fr\/auteur\/raphael-mahlmann\" title=\"Consulter tous les articles de Rapha\u00ebl Mahlmann\" target=\"_blank\" rel=\"noopener\">Rapha\u00ebl Mahlmann<\/a><br \/>\n        <\/strong><\/p>\n<p>        Publi\u00e9 le<\/p>\n<p>            15 oct. 2025 \u00e0 18h07        <\/p>\n<p>Prudence si vous \u00eates dans le secteur. Un accident impliquant trois\u00a0v\u00e9hicules\u00a0l\u00e9gers est en cours sur l\u2019<a href=\"https:\/\/actu.fr\/hauts-de-france\/ennetieres-en-weppes_59196\/accident-entre-trois-vehicules-sur-la25-des-bouchons-en-augmentation-entre-lille-et-dunkerque_63278282.html\" target=\"_blank\" rel=\"noopener\">autoroute A25<\/a>, dans le sens <b>Lille\/Dunkerque<\/b>, ce mercredi 15 octobre 2025. L\u2019accident est survenu \u00e0 Enneti\u00e8res-en-Weppes (Nord).\u00a0<\/p>\n<p>11 km de bouchon<\/p>\n<p class=\" wall-content\">La circulation s\u2019effectue actuellement uniquement sur la voie de droite dans les deux sens de circulation. \u00ab\u00a0Les op\u00e9rations de d\u00e9pannage devraient dur\u00e9e dans le temps\u00a0\u00bb, pr\u00e9cise la pr\u00e9fecture du Nord.\u00a0<\/p>\n<p class=\" wall-content\"><b>Un bouchon de\u00a011km<\/b> s\u2019est form\u00e9 en amont de cet accident\u00a0avec r\u00e9percussion sur la M652 depuis\u00a0Marquette-lez-Lille. Dans l\u2019autre sens, <b>un bouchon de 8 km<\/b> s\u2019est form\u00e9 depuis Nieppe.<\/p>\n<p class=\" wall-content\">Il est recommand\u00e9 d\u2019\u00e9viter le secteur.\u00a0<\/p>\n<p class=\" wall-content\">Personnalisez votre actualit\u00e9 en ajoutant vos villes et m\u00e9dias en favori avec <a href=\"https:\/\/moncompte.actu.fr\" title=\"D\u00e9couvez Mon Actu\" rel=\"nofollow noopener\" data-trk=\"{&quot;cta&quot;:{&quot;action&quot;:&quot;https:\\\/\\\/moncompte.actu.fr&quot;,&quot;category&quot;:&quot;mon compte&quot;,&quot;from&quot;:&quot;article footer&quot;,&quot;name&quot;:&quot;Mon actu&quot;,&quot;type&quot;:&quot;cta&quot;}}\" target=\"_blank\">Mon Actu<\/a>.<\/p>\n","protected":false},"excerpt":{"rendered":"Par Rapha\u00ebl Mahlmann Publi\u00e9 le 15 oct. 2025 \u00e0 18h07 Prudence si vous \u00eates dans le secteur. Un&hellip;\n","protected":false},"author":2,"featured_media":465318,"comment_status":"","ping_status":"","sticky":false,"template":"","format":"standard","meta":{"footnotes":""},"categories":[2815],"tags":[119,1111,11,1777,674,118,1011,27,811,1307,12,25],"class_list":{"0":"post-465317","1":"post","2":"type-post","3":"status-publish","4":"format-standard","5":"has-post-thumbnail","7":"category-lille","8":"tag-accident","9":"tag-actu","10":"tag-actualites","11":"tag-eu","12":"tag-europe","13":"tag-faits-divers","14":"tag-fr","15":"tag-france","16":"tag-hauts-de-france","17":"tag-lille","18":"tag-news","19":"tag-republique-francaise"},"share_on_mastodon":{"url":"https:\/\/pubeurope.com\/@fr\/115379149551088846","error":""},"_links":{"self":[{"href":"https:\/\/www.europesays.com\/fr\/wp-json\/wp\/v2\/posts\/465317","targetHints":{"allow":["GET"]}}],"collection":[{"href":"https:\/\/www.europesays.com\/fr\/wp-json\/wp\/v2\/posts"}],"about":[{"href":"https:\/\/www.europesays.com\/fr\/wp-json\/wp\/v2\/types\/post"}],"author":[{"embeddable":true,"href":"https:\/\/www.europesays.com\/fr\/wp-json\/wp\/v2\/users\/2"}],"replies":[{"embeddable":true,"href":"https:\/\/www.europesays.com\/fr\/wp-json\/wp\/v2\/comments?post=465317"}],"version-history":[{"count":0,"href":"https:\/\/www.europesays.com\/fr\/wp-json\/wp\/v2\/posts\/465317\/revisions"}],"wp:featuredmedia":[{"embeddable":true,"href":"https:\/\/www.europesays.com\/fr\/wp-json\/wp\/v2\/media\/465318"}],"wp:attachment":[{"href":"https:\/\/www.europesays.com\/fr\/wp-json\/wp\/v2\/media?parent=465317"}],"wp:term":[{"taxonomy":"category","embeddable":true,"href":"https:\/\/www.europesays.com\/fr\/wp-json\/wp\/v2\/categories?post=465317"},{"taxonomy":"post_tag","embeddable":true,"href":"https:\/\/www.europesays.com\/fr\/wp-json\/wp\/v2\/tags?post=465317"}],"curies":[{"name":"wp","href":"https:\/\/api.w.org\/{rel}","templated":true}]}}