{"id":465325,"date":"2025-10-15T16:37:15","date_gmt":"2025-10-15T16:37:15","guid":{"rendered":"https:\/\/www.europesays.com\/fr\/465325\/"},"modified":"2025-10-15T16:37:15","modified_gmt":"2025-10-15T16:37:15","slug":"lyon-les-habitudes-de-la-femme-de-menage-du-quartier-denoncees-elle-craque-face-a-la-police","status":"publish","type":"post","link":"https:\/\/www.europesays.com\/fr\/465325\/","title":{"rendered":"Lyon. Les habitudes de la femme de m\u00e9nage du quartier d\u00e9nonc\u00e9es, elle craque face \u00e0 la police"},"content":{"rendered":"<p>            Par<br \/>\n        <strong><br \/>\n            <a href=\"https:\/\/actu.fr\/auteur\/julien-damboise\" title=\"Consulter tous les articles de Julien Damboise\" target=\"_blank\" rel=\"noopener\">Julien Damboise<\/a><br \/>\n        <\/strong><\/p>\n<p>        Publi\u00e9 le<\/p>\n<p>            15 oct. 2025 \u00e0 18h07<br \/>\n        ; mis \u00e0 jour le 15 oct. 2025 \u00e0 18h09    <\/p>\n<p>C\u2019est une <strong>affaire \u00e0 tiroirs<\/strong> qui a tout r\u00e9cemment \u00e9t\u00e9 sortie par la police de <a href=\"https:\/\/actu.fr\/lyon\/\" target=\"_blank\" rel=\"noopener\">Lyon<\/a>. Les enqu\u00eateurs de la direction interd\u00e9partementale de la police nationale (DIPN) du Rh\u00f4ne viennent d\u2019arr\u00eater une <strong>femme de m\u00e9nage<\/strong> qui a reconnu avoir commis de nombreux vols dans les logements qu\u2019elle devait nettoyer. Des arrestations ont \u00e9t\u00e9 men\u00e9es ce mardi 14 octobre 2025.<\/p>\n<p>Un couple sonne l\u2019alerte<\/p>\n<p class=\" wall-content\">Tout a d\u00e9but\u00e9 en fin d\u2019ann\u00e9e 2023, quand la <strong>femme de m\u00e9nage<\/strong> d\u2019un couple d\u2019habitants du 6e arrondissement de Lyon a remis sa d\u00e9mission en pr\u00e9textant des probl\u00e8mes de sant\u00e9. L\u2019employ\u00e9e travaillait depuis janvier 2019 chez les sexag\u00e9naires.<\/p>\n<p class=\" wall-content\">Mais peu de temps apr\u00e8s, le couple a constat\u00e9 la <strong>disparition de plusieurs objets<\/strong> dans leur domicile : des bijoux et des pi\u00e8ces de collection.<\/p>\n<p class=\" wall-content\">Une plainte a \u00e9t\u00e9 d\u00e9pos\u00e9e.<\/p>\n<p>Plusieurs victimes<\/p>\n<p class=\" wall-content\">Les enqu\u00eateurs, en lan\u00e7ant des \u00ab\u00a0investigations minutieuses\u00a0\u00bb d\u2019apr\u00e8s la DIPN, ont alors rapproch\u00e9 plusieurs <strong>autres plaintes<\/strong>.<\/p>\n<blockquote class=\"ac-article-quote wall-content\">\n<p>Pas moins de sept dossiers sur une p\u00e9riode de janvier 2019 \u00e0 mars 2025, dans lesquels la femme de m\u00e9nage employ\u00e9e par le couple intervenait \u00e9galement au domicile des autres plaignants.<\/p>\n<p>    <strong>Police lyonnaise<\/strong>\n            <\/p><\/blockquote>\n<p class=\" wall-content\">Tous \u00e9taient des <strong>habitants du chic 6e arrondissement<\/strong> de la capitale des Gaules.<\/p>\n<p>Votre r\u00e9gion, votre actu !<\/p>\n<p>Recevez chaque jour les infos qui comptent pour vous.<\/p>\n<p>\t<a href=\"https:\/\/actu.fr\/newsletter\" class=\"ac-btn ac-btn--corner ac-btn--medium ac-btn--blue800\" target=\"_blank\" rel=\"noopener\">S&rsquo;incrire<\/a><br \/>\nElle reconnait les faits<\/p>\n<p class=\" wall-content\">Avec assez d\u2019\u00e9l\u00e9ments r\u00e9colt\u00e9s, les policiers sont all\u00e9s interpeller ce mardi la suspecte \u00e2g\u00e9e de 46 ans ainsi que son mari. Tous les deux ont \u00e9t\u00e9 plac\u00e9s en garde \u00e0 vue.<\/p>\n<p class=\" wall-content\">Rien de suspect n\u2019a \u00e9t\u00e9 trouv\u00e9 dans leur domicile durant la <strong>perquisition<\/strong> des enqu\u00eateurs.<\/p>\n<p class=\" wall-content\">Toutefois, lors de son audition, la mise en cause a <strong>reconnu partiellement les faits<\/strong> de vols aggrav\u00e9s, tandis que son \u00e9poux a tout ni\u00e9.<\/p>\n<p class=\" wall-content\">La femme de m\u00e9nage devait \u00eatre pr\u00e9sent\u00e9e ce mercredi 15 octobre 2025 devant le parquet de Lyon pour un <strong>jugement<\/strong> en comparution imm\u00e9diate.<\/p>\n<p class=\" wall-content\">Personnalisez votre actualit\u00e9 en ajoutant vos villes et m\u00e9dias en favori avec <a href=\"https:\/\/moncompte.actu.fr\" title=\"D\u00e9couvez Mon Actu\" rel=\"nofollow noopener\" data-trk=\"{&quot;cta&quot;:{&quot;action&quot;:&quot;https:\\\/\\\/moncompte.actu.fr&quot;,&quot;category&quot;:&quot;mon compte&quot;,&quot;from&quot;:&quot;article footer&quot;,&quot;name&quot;:&quot;Mon actu&quot;,&quot;type&quot;:&quot;cta&quot;}}\" target=\"_blank\">Mon Actu<\/a>.<\/p>\n","protected":false},"excerpt":{"rendered":"Par Julien Damboise Publi\u00e9 le 15 oct. 2025 \u00e0 18h07 ; mis \u00e0 jour le 15 oct. 2025&hellip;\n","protected":false},"author":2,"featured_media":465326,"comment_status":"","ping_status":"","sticky":false,"template":"","format":"standard","meta":{"footnotes":""},"categories":[1889],"tags":[1111,11,2430,1777,674,118,1011,27,2428,12,1072,25],"class_list":{"0":"post-465325","1":"post","2":"type-post","3":"status-publish","4":"format-standard","5":"has-post-thumbnail","7":"category-lyon","8":"tag-actu","9":"tag-actualites","10":"tag-auvergne-rhone-alpes","11":"tag-eu","12":"tag-europe","13":"tag-faits-divers","14":"tag-fr","15":"tag-france","16":"tag-lyon","17":"tag-news","18":"tag-police","19":"tag-republique-francaise"},"share_on_mastodon":{"url":"https:\/\/pubeurope.com\/@fr\/115379165229265729","error":""},"_links":{"self":[{"href":"https:\/\/www.europesays.com\/fr\/wp-json\/wp\/v2\/posts\/465325","targetHints":{"allow":["GET"]}}],"collection":[{"href":"https:\/\/www.europesays.com\/fr\/wp-json\/wp\/v2\/posts"}],"about":[{"href":"https:\/\/www.europesays.com\/fr\/wp-json\/wp\/v2\/types\/post"}],"author":[{"embeddable":true,"href":"https:\/\/www.europesays.com\/fr\/wp-json\/wp\/v2\/users\/2"}],"replies":[{"embeddable":true,"href":"https:\/\/www.europesays.com\/fr\/wp-json\/wp\/v2\/comments?post=465325"}],"version-history":[{"count":0,"href":"https:\/\/www.europesays.com\/fr\/wp-json\/wp\/v2\/posts\/465325\/revisions"}],"wp:featuredmedia":[{"embeddable":true,"href":"https:\/\/www.europesays.com\/fr\/wp-json\/wp\/v2\/media\/465326"}],"wp:attachment":[{"href":"https:\/\/www.europesays.com\/fr\/wp-json\/wp\/v2\/media?parent=465325"}],"wp:term":[{"taxonomy":"category","embeddable":true,"href":"https:\/\/www.europesays.com\/fr\/wp-json\/wp\/v2\/categories?post=465325"},{"taxonomy":"post_tag","embeddable":true,"href":"https:\/\/www.europesays.com\/fr\/wp-json\/wp\/v2\/tags?post=465325"}],"curies":[{"name":"wp","href":"https:\/\/api.w.org\/{rel}","templated":true}]}}