{"id":465328,"date":"2025-10-15T16:40:16","date_gmt":"2025-10-15T16:40:16","guid":{"rendered":"https:\/\/www.europesays.com\/fr\/465328\/"},"modified":"2025-10-15T16:40:16","modified_gmt":"2025-10-15T16:40:16","slug":"les-conseils-de-bison-fute-pour-eviter-les-embouteillages-en-ile-de-france","status":"publish","type":"post","link":"https:\/\/www.europesays.com\/fr\/465328\/","title":{"rendered":"les conseils de Bison fut\u00e9 pour \u00e9viter les embouteillages en \u00cele-de-France"},"content":{"rendered":"<p>            Par<br \/>\n        <strong><br \/>\n            <a href=\"https:\/\/actu.fr\/auteur\/redaction-paris\" title=\"Consulter tous les articles de R\u00e9daction Paris\" target=\"_blank\" rel=\"noopener\">R\u00e9daction Paris<\/a><br \/>\n        <\/strong><\/p>\n<p>        Publi\u00e9 le<\/p>\n<p>            15 oct. 2025 \u00e0 18h32        <\/p>\n<p><a href=\"https:\/\/actu.fr\/tag\/vacances-scolaires\" target=\"_blank\" rel=\"noopener\">Les vacances<\/a> de la <strong>Toussaint 2\u2009025<\/strong> d\u00e9marrent vendredi 17\u00a0octobre, en fin de journ\u00e9e. Pour le premier week-end des cong\u00e9s d\u2019automne, les d\u00e9parts devraient se concentrer le vendredi et le samedi. Avec des encombrements \u00ab\u2009principalement pr\u00e9vus en <a href=\"https:\/\/actu.fr\/paris\/\" target=\"_blank\" rel=\"noopener\">\u00cele-de-France<\/a>, en Bourgogne et dans l\u2019Est\u2009\u00bb, selon les pr\u00e9visions de\u00a0<a href=\"https:\/\/actu.fr\/tag\/bison-fute\" target=\"_blank\" rel=\"noopener\">Bison fut\u00e9<\/a>.<\/p>\n<p>Une circulation difficile, surtout si les conditions m\u00e9t\u00e9orologiques sont mauvaises<\/p>\n<p class=\" wall-content\">Dans le sens des d\u00e9parts, une \u00ab\u2009circulation difficile\u2009\u00bb (orange) est attendue les deux jours. Bison fut\u00e9 pr\u00e9cise pour le vendredi\u00a017 \u00ab\u2009qu\u2019\u00e0 partir du milieu de l\u2019apr\u00e8s-midi, la circulation sera dense sur les autoroutes A6 et A10 [\u2026] En cette p\u00e9riode, la circulation peut s\u2019av\u00e9rer difficile, surtout si les conditions m\u00e9t\u00e9orologiques sont mauvaises\u2009\u00bb.<\/p>\n<p class=\" wall-content\">Pour le samedi 18\u00a0octobre, c\u2019est \u00e0 partir du milieu de la matin\u00e9e qu\u2019une circulation plus dense qu\u2019\u00e0 l\u2019accoutum\u00e9e devrait \u00eatre observ\u00e9e en direction des barri\u00e8res de p\u00e9ages des autoroutes A6 et A10. \u00ab\u2009Des difficult\u00e9s de circulation pourraient appara\u00eetre entre le milieu de la matin\u00e9e et le d\u00e9but de l\u2019apr\u00e8s-midi\u2009\u00bb, ajoute Bison fut\u00e9.<\/p>\n<p>Conseils pour le vendredi 17\u00a0octobre<\/p>\n<ul class=\" wall-content\">\n<li>quittez ou traversez l\u2019\u00cele-de-France avant 14\u2009h ou apr\u00e8s 21\u2009h,<\/li>\n<li>\u00e9vitez l\u2019autoroute A31, entre Beaune et Luxembourg de 15\u2009h \u00e0 19\u2009h,<\/li>\n<li>\u00e9vitez l\u2019autoroute A36, entre Besan\u00e7on et l\u2019Allemagne, de 14\u2009h \u00e0 19\u2009h.<\/li>\n<\/ul>\n<p>Conseils pour le samedi 18\u00a0octobre<\/p>\n<ul class=\" wall-content\">\n<li>quittez ou traversez l\u2019\u00cele-de-France avant 8\u2009h ou apr\u00e8s 16\u2009h.<\/li>\n<\/ul>\n<p class=\" wall-content\">Personnalisez votre actualit\u00e9 en ajoutant vos villes et m\u00e9dias en favori avec <a href=\"https:\/\/moncompte.actu.fr\" title=\"D\u00e9couvez Mon Actu\" rel=\"nofollow noopener\" data-trk=\"{&quot;cta&quot;:{&quot;action&quot;:&quot;https:\\\/\\\/moncompte.actu.fr&quot;,&quot;category&quot;:&quot;mon compte&quot;,&quot;from&quot;:&quot;article footer&quot;,&quot;name&quot;:&quot;Mon actu&quot;,&quot;type&quot;:&quot;cta&quot;}}\" target=\"_blank\">Mon Actu<\/a>.<\/p>\n","protected":false},"excerpt":{"rendered":"Par R\u00e9daction Paris Publi\u00e9 le 15 oct. 2025 \u00e0 18h32 Les vacances de la Toussaint 2\u2009025 d\u00e9marrent vendredi&hellip;\n","protected":false},"author":2,"featured_media":191681,"comment_status":"","ping_status":"","sticky":false,"template":"","format":"standard","meta":{"footnotes":""},"categories":[1592],"tags":[1111,11,1777,674,1011,27,662,803,12,626,25,104,3176],"class_list":{"0":"post-465328","1":"post","2":"type-post","3":"status-publish","4":"format-standard","5":"has-post-thumbnail","7":"category-ile-de-france","8":"tag-actu","9":"tag-actualites","10":"tag-eu","11":"tag-europe","12":"tag-fr","13":"tag-france","14":"tag-ile-de-france","15":"tag-info-trafic","16":"tag-news","17":"tag-paris","18":"tag-republique-francaise","19":"tag-societe","20":"tag-vacances-scolaires"},"share_on_mastodon":{"url":"https:\/\/pubeurope.com\/@fr\/115379177016558494","error":""},"_links":{"self":[{"href":"https:\/\/www.europesays.com\/fr\/wp-json\/wp\/v2\/posts\/465328","targetHints":{"allow":["GET"]}}],"collection":[{"href":"https:\/\/www.europesays.com\/fr\/wp-json\/wp\/v2\/posts"}],"about":[{"href":"https:\/\/www.europesays.com\/fr\/wp-json\/wp\/v2\/types\/post"}],"author":[{"embeddable":true,"href":"https:\/\/www.europesays.com\/fr\/wp-json\/wp\/v2\/users\/2"}],"replies":[{"embeddable":true,"href":"https:\/\/www.europesays.com\/fr\/wp-json\/wp\/v2\/comments?post=465328"}],"version-history":[{"count":0,"href":"https:\/\/www.europesays.com\/fr\/wp-json\/wp\/v2\/posts\/465328\/revisions"}],"wp:featuredmedia":[{"embeddable":true,"href":"https:\/\/www.europesays.com\/fr\/wp-json\/wp\/v2\/media\/191681"}],"wp:attachment":[{"href":"https:\/\/www.europesays.com\/fr\/wp-json\/wp\/v2\/media?parent=465328"}],"wp:term":[{"taxonomy":"category","embeddable":true,"href":"https:\/\/www.europesays.com\/fr\/wp-json\/wp\/v2\/categories?post=465328"},{"taxonomy":"post_tag","embeddable":true,"href":"https:\/\/www.europesays.com\/fr\/wp-json\/wp\/v2\/tags?post=465328"}],"curies":[{"name":"wp","href":"https:\/\/api.w.org\/{rel}","templated":true}]}}