{"id":465335,"date":"2025-10-15T16:44:11","date_gmt":"2025-10-15T16:44:11","guid":{"rendered":"https:\/\/www.europesays.com\/fr\/465335\/"},"modified":"2025-10-15T16:44:11","modified_gmt":"2025-10-15T16:44:11","slug":"en-grande-difficulte-financiere-linstitut-mutualiste-montsouris-repris-en-main-par-un-duo-ambitieux","status":"publish","type":"post","link":"https:\/\/www.europesays.com\/fr\/465335\/","title":{"rendered":"en grande difficult\u00e9 financi\u00e8re, l&rsquo;Institut mutualiste Montsouris repris en main par un duo ambitieux"},"content":{"rendered":"<p>            Par<br \/>\n        <strong><br \/>\n            <a href=\"https:\/\/actu.fr\/auteur\/redaction-paris\" title=\"Consulter tous les articles de R\u00e9daction Paris\" rel=\"nofollow noopener\" target=\"_blank\">R\u00e9daction Paris<\/a><br \/>\n        <\/strong><\/p>\n<p>        Publi\u00e9 le<\/p>\n<p>            15 oct. 2025 \u00e0 18h04        <\/p>\n<p><a href=\"https:\/\/actu.fr\/ile-de-france\/suresnes_92073\/endometriose-menopause-fertilite-a-suresnes-l-hopital-foch-inaugure-un-institut-unique-en-france_62519017.html\" rel=\"nofollow noopener\" target=\"_blank\">L\u2019H\u00f4pital Foch<\/a> et l\u2019Institut Curie ont annonc\u00e9, mercredi 15\u00a0octobre 2025, avoir \u00e9t\u00e9 retenus conjointement pour reprendre le r\u00e9put\u00e9 h\u00f4pital priv\u00e9 \u00e0 but non lucratif Montsouris, situ\u00e9 dans le <strong>14e arrondissement de <a href=\"https:\/\/actu.fr\/paris\/\" rel=\"nofollow noopener\" target=\"_blank\">Paris<\/a><\/strong> et plac\u00e9 en redressement judiciaire depuis f\u00e9vrier apr\u00e8s <a href=\"https:\/\/actu.fr\/ile-de-france\/paris_75056\/il-faut-agir-au-plus-vite-a-paris-le-cri-d-alerte-d-un-grand-hopital-au-bord-de-la-faillite_62164671.html\" rel=\"nofollow noopener\" target=\"_blank\">des ann\u00e9es de difficult\u00e9s financi\u00e8res<\/a>.<\/p>\n<p>\u00ab\u2009Un projet de recherche et d\u2019innovation de grande ambition\u2009\u00bb<\/p>\n<p class=\" wall-content\">\u00ab\u2009Le tribunal de commerce a d\u00e9sign\u00e9 ce jour l\u2019H\u00f4pital Foch et l\u2019Institut Curie pour assurer la reprise de l\u2019Institut Mutualiste Montsouris (IMM) [\u2026], parmi cinq candidatures examin\u00e9es\u2009\u00bb, selon un communiqu\u00e9 des deux \u00e9tablissements partenaires.<\/p>\n<p class=\" wall-content\">Leur plan de redressement, \u00ab\u2009porteur d\u2019un projet de recherche et d\u2019innovation de grande ambition\u2009\u00bb, vise \u00e0 \u00ab\u2009garantir la p\u00e9rennit\u00e9 de l\u2019IMM, conforter son r\u00f4le d\u2019acteur de r\u00e9f\u00e9rence dans le paysage hospitalier parisien et renforcer l\u2019excellence de sa prise en charge au service des patients\u2009\u00bb, ont-ils pr\u00e9cis\u00e9.<\/p>\n<p>Un statut \u00ab\u2009quasiment comparable\u2009\u00bb \u00e0 celui d\u2019un h\u00f4pital public<\/p>\n<p class=\" wall-content\">L\u2019institut Montsouris, qui b\u00e9n\u00e9ficie d\u2019un statut hospitalo-universitaire, compte 485 lits et 1\u2009470 professionnels dont 270 m\u00e9decins, avec des activit\u00e9s de pointe en chirurgie. Il prend chaque ann\u00e9e en charge pr\u00e8s de 55\u2009000 s\u00e9jours hospitaliers, 250\u2009000 consultations et plus de 2\u2009000 naissances.<\/p>\n<p class=\" wall-content\">Son statut d\u2019Espic (\u00e9tablissement de sant\u00e9 priv\u00e9 d\u2019int\u00e9r\u00eat collectif) le rend quasiment comparable \u00e0 un h\u00f4pital public, avec des m\u00e9decins salari\u00e9s et une absence de d\u00e9passement d\u2019honoraires.<\/p>\n<p class=\" wall-content\">Montsouris souffre depuis des ann\u00e9es de difficult\u00e9s financi\u00e8res r\u00e9currentes, li\u00e9es selon sa direction \u00e0 la construction de nouveaux locaux au tournant des ann\u00e9es 2000. Il avait \u00e9t\u00e9 plac\u00e9 en redressement judiciaire en f\u00e9vrier.<\/p>\n<p class=\" wall-content\">Avec AFP<\/p>\n<p class=\" wall-content\">Personnalisez votre actualit\u00e9 en ajoutant vos villes et m\u00e9dias en favori avec <a href=\"https:\/\/moncompte.actu.fr\" title=\"D\u00e9couvez Mon Actu\" rel=\"nofollow noopener\" data-trk=\"{&quot;cta&quot;:{&quot;action&quot;:&quot;https:\\\/\\\/moncompte.actu.fr&quot;,&quot;category&quot;:&quot;mon compte&quot;,&quot;from&quot;:&quot;article footer&quot;,&quot;name&quot;:&quot;Mon actu&quot;,&quot;type&quot;:&quot;cta&quot;}}\" target=\"_blank\">Mon Actu<\/a>.<\/p>\n","protected":false},"excerpt":{"rendered":"Par R\u00e9daction Paris Publi\u00e9 le 15 oct. 2025 \u00e0 18h04 L\u2019H\u00f4pital Foch et l\u2019Institut Curie ont annonc\u00e9, mercredi&hellip;\n","protected":false},"author":2,"featured_media":465336,"comment_status":"","ping_status":"","sticky":false,"template":"","format":"standard","meta":{"footnotes":""},"categories":[1888],"tags":[11,1777,674,1011,27,100,12,626,25,71,104],"class_list":{"0":"post-465335","1":"post","2":"type-post","3":"status-publish","4":"format-standard","5":"has-post-thumbnail","7":"category-paris","8":"tag-actualites","9":"tag-eu","10":"tag-europe","11":"tag-fr","12":"tag-france","13":"tag-hopital","14":"tag-news","15":"tag-paris","16":"tag-republique-francaise","17":"tag-sante","18":"tag-societe"},"share_on_mastodon":{"url":"https:\/\/pubeurope.com\/@fr\/115379192882799249","error":""},"_links":{"self":[{"href":"https:\/\/www.europesays.com\/fr\/wp-json\/wp\/v2\/posts\/465335","targetHints":{"allow":["GET"]}}],"collection":[{"href":"https:\/\/www.europesays.com\/fr\/wp-json\/wp\/v2\/posts"}],"about":[{"href":"https:\/\/www.europesays.com\/fr\/wp-json\/wp\/v2\/types\/post"}],"author":[{"embeddable":true,"href":"https:\/\/www.europesays.com\/fr\/wp-json\/wp\/v2\/users\/2"}],"replies":[{"embeddable":true,"href":"https:\/\/www.europesays.com\/fr\/wp-json\/wp\/v2\/comments?post=465335"}],"version-history":[{"count":0,"href":"https:\/\/www.europesays.com\/fr\/wp-json\/wp\/v2\/posts\/465335\/revisions"}],"wp:featuredmedia":[{"embeddable":true,"href":"https:\/\/www.europesays.com\/fr\/wp-json\/wp\/v2\/media\/465336"}],"wp:attachment":[{"href":"https:\/\/www.europesays.com\/fr\/wp-json\/wp\/v2\/media?parent=465335"}],"wp:term":[{"taxonomy":"category","embeddable":true,"href":"https:\/\/www.europesays.com\/fr\/wp-json\/wp\/v2\/categories?post=465335"},{"taxonomy":"post_tag","embeddable":true,"href":"https:\/\/www.europesays.com\/fr\/wp-json\/wp\/v2\/tags?post=465335"}],"curies":[{"name":"wp","href":"https:\/\/api.w.org\/{rel}","templated":true}]}}