{"id":465339,"date":"2025-10-15T16:46:12","date_gmt":"2025-10-15T16:46:12","guid":{"rendered":"https:\/\/www.europesays.com\/fr\/465339\/"},"modified":"2025-10-15T16:46:12","modified_gmt":"2025-10-15T16:46:12","slug":"guerre-en-ukraine-apres-les-attaques-russes-contre-des-infrastructures-electriques-le-pays-touche-par-des-coupures","status":"publish","type":"post","link":"https:\/\/www.europesays.com\/fr\/465339\/","title":{"rendered":"Guerre en Ukraine. Apr\u00e8s les attaques russes contre des infrastructures \u00e9lectriques, le pays touch\u00e9 par des coupures"},"content":{"rendered":"<p>Des coupures de courant ont \u00e9t\u00e9 instaur\u00e9es dans quasiment toute l&rsquo;Ukraine en raison des d\u00e9g\u00e2ts aux infrastructures \u00e9lectriques caus\u00e9s par les frappes russes, a annonc\u00e9 ce mercredi l&rsquo;op\u00e9rateur du r\u00e9seau, signe d&rsquo;une situation qui s&rsquo;est aggrav\u00e9e par rapport \u00e0 la veille. \u00ab En raison de la situation complexe dans le syst\u00e8me \u00e9nerg\u00e9tique de l&rsquo;Ukraine, des coupures d&rsquo;\u00e9lectricit\u00e9 d&rsquo;urgence ont \u00e9t\u00e9 mises en place dans toutes les r\u00e9gions \u00bb, sauf celle de Donetsk o\u00f9 se concentrent les combats, a annonc\u00e9 Ukrenergo sur Telegram.<\/p>\n<p>\u00ab Des travaux de r\u00e9tablissement d&rsquo;urgence sont en cours dans toutes les r\u00e9gions touch\u00e9es par les bombardements \u00bb, a ajout\u00e9 l&rsquo;op\u00e9rateur national, appelant les habitants \u00e0 utiliser l&rsquo;\u00e9lectricit\u00e9 disponible \u00ab avec parcimonie \u00bb. Mardi soir, des coupures avaient d\u00e9j\u00e0 \u00e9t\u00e9 instaur\u00e9es dans huit r\u00e9gions, sur les 24 que compte l&rsquo;Ukraine. L&rsquo;op\u00e9rateur priv\u00e9 DTEK a lui aussi annonc\u00e9 des coupures de courant dans plusieurs r\u00e9gions, y compris dans celle de Lviv, d&rsquo;Odessa et dans la capitale, Kiev et sa r\u00e9gion.<\/p>\n<p>Moscou a multipli\u00e9 les attaques<\/p>\n<p>La Russie a multipli\u00e9 ces derni\u00e8res semaines les frappes sur les infrastructures \u00e9nerg\u00e9tiques et le r\u00e9seau ferroviaire ukrainiens \u00e0 l&rsquo;approche de l&rsquo;hiver, faisant craindre une campagne, comme les ann\u00e9es pr\u00e9c\u00e9dentes, qui pourrait plonger des millions de personnes dans le noir. Des coupures de courant avaient d\u00e9j\u00e0 eu lieu la semaine derni\u00e8re \u00e0 travers l&rsquo;Ukraine, affectant notamment pendant <a href=\"https:\/\/www.ledauphine.com\/defense-guerre-conflit\/2025\/10\/10\/kiev-partiellement-privee-d-electricite-apres-une-attaque-de-dronnes-et-missiles\" target=\"_blank\" rel=\"noopener\">plusieurs heures une partie de la capitale<\/a>. Le pr\u00e9sident ukrainien <a href=\"https:\/\/www.ledauphine.com\/p\/volodymyr-zelensky\" target=\"_blank\" rel=\"noopener\">Volodymyr Zelensky<\/a> a accus\u00e9 Moscou de vouloir \u00ab semer le chaos \u00bb au sein de la population avec ces bombardements, qui ont aussi mis \u00e0 mal le secteur gazier ukrainien.<\/p>\n<p>L&rsquo;Ukraine vise de son c\u00f4t\u00e9 r\u00e9guli\u00e8rement avec des drones des raffineries de p\u00e9trole et des conduites d&rsquo;hydrocarbures en Russie, une strat\u00e9gie qui a provoqu\u00e9 une hausse des prix du carburant dans ce pays depuis l&rsquo;\u00e9t\u00e9. L&rsquo;arm\u00e9e ukrainienne a aussi r\u00e9cemment frapp\u00e9 une centrale \u00e9lectrique dans la r\u00e9gion russe frontali\u00e8re de Belgorod, y provoquant des coupures de courant.<\/p>\n","protected":false},"excerpt":{"rendered":"Des coupures de courant ont \u00e9t\u00e9 instaur\u00e9es dans quasiment toute l&rsquo;Ukraine en raison des d\u00e9g\u00e2ts aux infrastructures \u00e9lectriques&hellip;\n","protected":false},"author":2,"featured_media":465340,"comment_status":"","ping_status":"","sticky":false,"template":"","format":"standard","meta":{"footnotes":""},"categories":[1590],"tags":[11,3206,1777,674,107,329,12,220],"class_list":{"0":"post-465339","1":"post","2":"type-post","3":"status-publish","4":"format-standard","5":"has-post-thumbnail","7":"category-ukraine","8":"tag-actualites","9":"tag-defense-guerre-conflit","10":"tag-eu","11":"tag-europe","12":"tag-fil-info","13":"tag-france-monde","14":"tag-news","15":"tag-ukraine"},"share_on_mastodon":{"url":"https:\/\/pubeurope.com\/@fr\/115379200655740677","error":""},"_links":{"self":[{"href":"https:\/\/www.europesays.com\/fr\/wp-json\/wp\/v2\/posts\/465339","targetHints":{"allow":["GET"]}}],"collection":[{"href":"https:\/\/www.europesays.com\/fr\/wp-json\/wp\/v2\/posts"}],"about":[{"href":"https:\/\/www.europesays.com\/fr\/wp-json\/wp\/v2\/types\/post"}],"author":[{"embeddable":true,"href":"https:\/\/www.europesays.com\/fr\/wp-json\/wp\/v2\/users\/2"}],"replies":[{"embeddable":true,"href":"https:\/\/www.europesays.com\/fr\/wp-json\/wp\/v2\/comments?post=465339"}],"version-history":[{"count":0,"href":"https:\/\/www.europesays.com\/fr\/wp-json\/wp\/v2\/posts\/465339\/revisions"}],"wp:featuredmedia":[{"embeddable":true,"href":"https:\/\/www.europesays.com\/fr\/wp-json\/wp\/v2\/media\/465340"}],"wp:attachment":[{"href":"https:\/\/www.europesays.com\/fr\/wp-json\/wp\/v2\/media?parent=465339"}],"wp:term":[{"taxonomy":"category","embeddable":true,"href":"https:\/\/www.europesays.com\/fr\/wp-json\/wp\/v2\/categories?post=465339"},{"taxonomy":"post_tag","embeddable":true,"href":"https:\/\/www.europesays.com\/fr\/wp-json\/wp\/v2\/tags?post=465339"}],"curies":[{"name":"wp","href":"https:\/\/api.w.org\/{rel}","templated":true}]}}