{"id":465349,"date":"2025-10-15T16:51:11","date_gmt":"2025-10-15T16:51:11","guid":{"rendered":"https:\/\/www.europesays.com\/fr\/465349\/"},"modified":"2025-10-15T16:51:11","modified_gmt":"2025-10-15T16:51:11","slug":"pourquoi-le-kosovo-accueille-des-prisonniers-venus-du-danemark-liberation","status":"publish","type":"post","link":"https:\/\/www.europesays.com\/fr\/465349\/","title":{"rendered":"pourquoi le Kosovo accueille des prisonniers venus du Danemark \u2013 Lib\u00e9ration"},"content":{"rendered":"<p class=\"sc-cPiKLX AiZTS text-element\">La route goudronn\u00e9e s\u2019arr\u00eate \u00e0 quelques dizaines de m\u00e8tres des miradors. Perch\u00e9e sur une colline sans arbre, au-dessus d\u2019une \u00e9cole et d\u2019une mosqu\u00e9e, la prison de Gjilan et ses murs de briques encore neufs dominent la deuxi\u00e8me ville du <a href=\"https:\/\/www.liberation.fr\/international\/europe\/pristina-a-la-parade-la-plus-festive-des-balkans-au-kosovo-la-scene-queer-monte-le-son-20250612_LAP6JLDDKJDQDBYRG4DKJH7B5M\/\" target=\"_blank\" rel=\"noreferrer nofollow noopener\" title=\"https:\/\/www.liberation.fr\/international\/europe\/pristina-a-la-parade-la-plus-festive-des-balkans-au-kosovo-la-scene-queer-monte-le-son-20250612_LAP6JLDDKJDQDBYRG4DKJH7B5M\/\">Kosovo<\/a> et sa plaine qui s\u2019\u00e9tend jusqu\u2019\u00e0 la fronti\u00e8re avec la Mac\u00e9doine du Nord. Une fois pass\u00e9 les portiques et les grilles de s\u00e9curit\u00e9, le bruit des trousseaux de cl\u00e9s des gardiens r\u00e9sonne dans des couloirs particuli\u00e8rement propres. Les autorit\u00e9s du petit pays des Balkans jouent la carte de la transparence en ouvrant les portes de cette prison mod\u00e8le \u00e0 la presse internationale. <\/p>\n<p class=\"sc-cPiKLX AiZTS text-element\">Inaugur\u00e9e en 2016, elle devrait bient\u00f4t passer sous pavillon scandinave. \u00abLa prison sera administr\u00e9e \u00e0 travers une co-gouvernance entre Danois et Kosovars : les lois danoises s\u2019y appliqueront avec un gouverneur danois, mais le staff et les gardiens seront kosovars\u00bb, explique Ismail Dibrani, le directeur du service correctionnel du Kosovo. Car, aux termes d\u2019un accord entre les deux pays qui court sur dix ans, 300 d\u00e9tenus venus du Danemark seront transf\u00e9r\u00e9s dans cette prison. <\/p>\n","protected":false},"excerpt":{"rendered":"La route goudronn\u00e9e s\u2019arr\u00eate \u00e0 quelques dizaines de m\u00e8tres des miradors. Perch\u00e9e sur une colline sans arbre, au-dessus&hellip;\n","protected":false},"author":2,"featured_media":465350,"comment_status":"","ping_status":"","sticky":false,"template":"","format":"standard","meta":{"footnotes":""},"categories":[1586],"tags":[11,145,1777,674,1779,1011,27,13306,12,899,25,1778,364],"class_list":{"0":"post-465349","1":"post","2":"type-post","3":"status-publish","4":"format-standard","5":"has-post-thumbnail","7":"category-europe","8":"tag-actualites","9":"tag-danemark","10":"tag-eu","11":"tag-europe","12":"tag-european-union","13":"tag-fr","14":"tag-france","15":"tag-kosovo","16":"tag-news","17":"tag-prisons","18":"tag-republique-francaise","19":"tag-ue","20":"tag-union-europeenne"},"share_on_mastodon":{"url":"https:\/\/pubeurope.com\/@fr\/115379220313757497","error":""},"_links":{"self":[{"href":"https:\/\/www.europesays.com\/fr\/wp-json\/wp\/v2\/posts\/465349","targetHints":{"allow":["GET"]}}],"collection":[{"href":"https:\/\/www.europesays.com\/fr\/wp-json\/wp\/v2\/posts"}],"about":[{"href":"https:\/\/www.europesays.com\/fr\/wp-json\/wp\/v2\/types\/post"}],"author":[{"embeddable":true,"href":"https:\/\/www.europesays.com\/fr\/wp-json\/wp\/v2\/users\/2"}],"replies":[{"embeddable":true,"href":"https:\/\/www.europesays.com\/fr\/wp-json\/wp\/v2\/comments?post=465349"}],"version-history":[{"count":0,"href":"https:\/\/www.europesays.com\/fr\/wp-json\/wp\/v2\/posts\/465349\/revisions"}],"wp:featuredmedia":[{"embeddable":true,"href":"https:\/\/www.europesays.com\/fr\/wp-json\/wp\/v2\/media\/465350"}],"wp:attachment":[{"href":"https:\/\/www.europesays.com\/fr\/wp-json\/wp\/v2\/media?parent=465349"}],"wp:term":[{"taxonomy":"category","embeddable":true,"href":"https:\/\/www.europesays.com\/fr\/wp-json\/wp\/v2\/categories?post=465349"},{"taxonomy":"post_tag","embeddable":true,"href":"https:\/\/www.europesays.com\/fr\/wp-json\/wp\/v2\/tags?post=465349"}],"curies":[{"name":"wp","href":"https:\/\/api.w.org\/{rel}","templated":true}]}}