{"id":465356,"date":"2025-10-15T16:57:12","date_gmt":"2025-10-15T16:57:12","guid":{"rendered":"https:\/\/www.europesays.com\/fr\/465356\/"},"modified":"2025-10-15T16:57:12","modified_gmt":"2025-10-15T16:57:12","slug":"ollivon-titulaire-a-un-poste-improbable","status":"publish","type":"post","link":"https:\/\/www.europesays.com\/fr\/465356\/","title":{"rendered":"Ollivon titulaire \u00e0 un poste improbable ?"},"content":{"rendered":"<p><strong>De retour \u00e0 la comp\u00e9tition neuf<br \/>\nmois apr\u00e8s sa grave blessure, Charles Ollivon va encha\u00eener face au<br \/>\nRacing 92 dimanche soir. Mais \u00e0 un poste totalement<br \/>\ninhabituel.<\/strong><\/p>\n<p>Samedi 4 octobre \u00e0 l\u2019occasion de la 5e journ\u00e9e de Top 14, Mayol<br \/>\na doublement vibr\u00e9. Savourant d\u2019abord le triomphe de son XV de la<br \/>\nRade aux d\u00e9pens de l\u2019\u00e9quipe en forme du moment, Pau, et avec la<br \/>\nmani\u00e8re sur le score de 33-17. Par ailleurs, le public varois a eu<br \/>\nl\u2019immense bonheur d\u2019assister au retour \u00e0 la comp\u00e9tition de son<br \/>\ncapitaine, Charles Ollivon, neuf mois apr\u00e8s sa grave blessure au<br \/>\ngenou. Entr\u00e9 en jeu \u00e0 la 49e minute, le 3e ligne a rassur\u00e9. \u00c0 tel<br \/>\npoint que selon une indiscr\u00e9tion r\u00e9v\u00e9l\u00e9e par Rugbyrama,<br \/>\n\u00ab\u00a0Charly\u00a0\u00bb sera titulaire lors de la r\u00e9ception du Racing<br \/>\n92 comptant pour la 7e lev\u00e9e du championnat.<\/p>\n<p>Remis du coup re\u00e7u au tibia contre la Section Paloise, Charles<br \/>\nOllivon sera non seulement sollicit\u00e9 d\u00e8s le coup d\u2019envoi, mais il<br \/>\nsera en outre utilis\u00e9 \u00e0 un poste inhabituel. Confront\u00e9 \u00e0 plusieurs<br \/>\nforfaits en seconde ligne (Matthias Halagahu et Corentin M\u00e9zou),<br \/>\nPierre Mignoni fera descendre d\u2019un cran l\u2019international tricolore<br \/>\nqu\u2019il associera \u00e0 l\u2019Anglais David Ribbans. Un choix fort de la part<br \/>\ndu technicien toulonnais, privil\u00e9giant cette option au d\u00e9triment de<br \/>\nBrian Alainu\u2019uese ou encore Swan Rebbadj. Assistera-t-on \u00e0 une<br \/>\nrenaissance conjugu\u00e9e \u00e0 une reconversion pour l\u2019ancien joueur de<br \/>\nBayonne ? En \u00e9quipe de France et au Racing 92 o\u00f9 il a \u00e9volu\u00e9 ces<br \/>\nderni\u00e8res saisons, Cameron Woki a connu un repositionnement<br \/>\nidentique, plut\u00f4t appr\u00e9ci\u00e9 par l\u2019ensemble de la classe<br \/>\nrugbystique.<\/p>\n<p>Dr\u00e9an, l\u2019arme fatale du<br \/>\nRCT<\/p>\n<p>Ga\u00ebl Dr\u00e9an n\u2019a pour sa part pas encore connu le bonheur de<br \/>\nporter le maillot du XV de France. Un v\u0153u qu\u2019il pourrait n\u00e9anmoins<br \/>\nexaucer cet automne. Fabien Galthi\u00e9 a cit\u00e9 son nom parmi les<br \/>\npotentielles surprises de sa future liste en vue de la tourn\u00e9e du<br \/>\nmois de novembre des Bleus. R\u00e9tabli lui aussi (d\u2019une commotion),<br \/>\nl\u2019ailier du RCT devrait \u00e9galement d\u00e9buter le match de cl\u00f4ture de la<br \/>\n7e journ\u00e9e de Top 14. Titulaire \u00e0 trois reprises cette saison, il a<br \/>\naplati un essai lors de chacune de ses apparitions, affichant en<br \/>\nprime un \u00e9tat de forme \u00e9tincelant. Au-del\u00e0 de ce retour, Toulon<br \/>\ndevrait \u00e9galement enregistrer ceux des internationaux italiens<br \/>\nPaolo Garbisi et Juan Ignacio Brex, tous deux pr\u00e9serv\u00e9s lors du<br \/>\nrevers sur la pelouse de Clermont samedi dernier.<\/p>\n","protected":false},"excerpt":{"rendered":"De retour \u00e0 la comp\u00e9tition neuf mois apr\u00e8s sa grave blessure, Charles Ollivon va encha\u00eener face au Racing&hellip;\n","protected":false},"author":2,"featured_media":465357,"comment_status":"","ping_status":"","sticky":false,"template":"","format":"standard","meta":{"footnotes":""},"categories":[1416],"tags":[1011,27,479,1468,57681,60],"class_list":{"0":"post-465356","1":"post","2":"type-post","3":"status-publish","4":"format-standard","5":"has-post-thumbnail","7":"category-rugby","8":"tag-fr","9":"tag-france","10":"tag-rugby","11":"tag-rugby-football","12":"tag-sport365-fr","13":"tag-sports"},"share_on_mastodon":{"url":"https:\/\/pubeurope.com\/@fr\/115379243926479495","error":""},"_links":{"self":[{"href":"https:\/\/www.europesays.com\/fr\/wp-json\/wp\/v2\/posts\/465356","targetHints":{"allow":["GET"]}}],"collection":[{"href":"https:\/\/www.europesays.com\/fr\/wp-json\/wp\/v2\/posts"}],"about":[{"href":"https:\/\/www.europesays.com\/fr\/wp-json\/wp\/v2\/types\/post"}],"author":[{"embeddable":true,"href":"https:\/\/www.europesays.com\/fr\/wp-json\/wp\/v2\/users\/2"}],"replies":[{"embeddable":true,"href":"https:\/\/www.europesays.com\/fr\/wp-json\/wp\/v2\/comments?post=465356"}],"version-history":[{"count":0,"href":"https:\/\/www.europesays.com\/fr\/wp-json\/wp\/v2\/posts\/465356\/revisions"}],"wp:featuredmedia":[{"embeddable":true,"href":"https:\/\/www.europesays.com\/fr\/wp-json\/wp\/v2\/media\/465357"}],"wp:attachment":[{"href":"https:\/\/www.europesays.com\/fr\/wp-json\/wp\/v2\/media?parent=465356"}],"wp:term":[{"taxonomy":"category","embeddable":true,"href":"https:\/\/www.europesays.com\/fr\/wp-json\/wp\/v2\/categories?post=465356"},{"taxonomy":"post_tag","embeddable":true,"href":"https:\/\/www.europesays.com\/fr\/wp-json\/wp\/v2\/tags?post=465356"}],"curies":[{"name":"wp","href":"https:\/\/api.w.org\/{rel}","templated":true}]}}