{"id":465358,"date":"2025-10-15T16:58:11","date_gmt":"2025-10-15T16:58:11","guid":{"rendered":"https:\/\/www.europesays.com\/fr\/465358\/"},"modified":"2025-10-15T16:58:11","modified_gmt":"2025-10-15T16:58:11","slug":"leo-borg-denis-shapovalov-atp-250-stockholm-deuxieme-tour-mercredi-15-octobre-2025-lequipe","status":"publish","type":"post","link":"https:\/\/www.europesays.com\/fr\/465358\/","title":{"rendered":"Leo Borg &#8211; Denis Shapovalov, ATP 250, Stockholm, Deuxi\u00e8me tour, Mercredi 15 octobre 2025 &#8211; L&#039;\u00c9quipe"},"content":{"rendered":"<ol>\n<li><a href=\"https:\/\/news.google.com\/rss\/articles\/CBMixAFBVV95cUxONmZ6akdOc09JWGY3bHpKR0hEbFNLb2w0ajZmUm9DX1FYR3drUm1ZVTFWUVR0Q0ltNVFXbnQ4TkpmcWtKbXVkaHFpY0E1TVZJX1NxOWZ2OUJDRmk1N0dIRENrOXBSbUlkMkdtRDB2dTRDUEI5YnF1TFgwaVJ5MGQ0dmlHQW11bUhnY1VzWExRWkpmblNlMTZGUDNta0lSVXU3M3RpMFZDUk9zM1VWaXh1SGdfeWpyNVZ6T050M3RXRGxHLTFu?oc=5\" target=\"_blank\" rel=\"nofollow noopener\">Leo Borg &#8211; Denis Shapovalov, ATP 250, Stockholm, Deuxi\u00e8me tour, Mercredi 15 octobre 2025<\/a>&nbsp;&nbsp;L&rsquo;\u00c9quipe<\/li>\n<li><a href=\"https:\/\/news.google.com\/rss\/articles\/CBMiygFBVV95cUxNTG1PMVhBTUZFT1JLLXZBbFFORHE0S1I0SmFibUFnZWplakZRY0lwWmtWcjZEd2QyZ1lwN0RNYktEVGxNVk5tV3hEUU41b0VQdnQwRHVZNnkyS0RIbnEzeTBqdDZMbS1XSWtsOThGeldLb0MxYzVpcEJtNEhULUxUMlE1YjFoeW5SUnk5bG1LN2JseFhqekctS19HNzNxQVJVNHJIdGY4enJhRXRPZzJrR3lHdGJIMTlmY2hxUUdBb1BGSUhPRmM5UEdB?oc=5\" target=\"_blank\" rel=\"nofollow noopener\">R\u00e9sultat : Benjamin Bonzi &#8211; Valentin Royer, ATP 250, Bruxelles, Deuxi\u00e8me tour, Mercredi 15 octobre 2025<\/a>&nbsp;&nbsp;L&rsquo;\u00c9quipe<\/li>\n<li><a href=\"https:\/\/news.google.com\/rss\/articles\/CBMihAFBVV95cUxNVUlDRUJJbWpwT3k0di1pZ1V0eHdscFhfa2FGcTFzZHQ2TG44MVEyeG5hamZtWEthcHcyRFF0cnBrMUhDZUw1bnM1a21sQzVPUTJrcEIxV0VYVllkbVVwVl9HNENxN0Q1Tk1pREh4cW44cW92RzVYNFkxSmlVN2lCR0p5R2c?oc=5\" target=\"_blank\" rel=\"nofollow noopener\">Victoria Mboko n&rsquo;a plus remport\u00e9 le moindre match depuis Montr\u00e9al<\/a>&nbsp;&nbsp;Tennis Temple<\/li>\n<li><a href=\"https:\/\/news.google.com\/rss\/articles\/CBMihwFBVV95cUxOQi1zdTRwN3Z0eTRUQl9MVkZ3Qm1VWlNQVXRybHVPOG9aUDJEVk9WT21DNXdpc0dLQnFmbmVMOWtZMnV2V21kUXN2Q0JJanNXNEZiVFRoZmp3ZExfbVJ4QXlzRnh6YlRMNl90VkI0OUtQend5TzR2dHlnNzNSeGlrQkxrN3pieG8?oc=5\" target=\"_blank\" rel=\"nofollow noopener\">Fernandez passe; Andreescu et Mboko tombent<\/a>&nbsp;&nbsp;RDS<\/li>\n<li><a href=\"https:\/\/news.google.com\/rss\/articles\/CBMi1AFBVV95cUxPVkR3Q2RQaXl0SWl2WXM5YS12MDBKd0M5TlVFSE5xbGM1bnAwRk5keGdPTVRoQXAta1J6eG05bzRnRXlKUGxKRXVmVmZEZWpnWU95Q3RjSDhEUklfUW9YeEpWdHFxcFdUbjQyYklxcnQySHpXZFJMczk4Tjh6RUlnNHlWU0QtYnp1QzhqczJuYjdWWU00bjk3TXdaeThmaDRub0RrV0dGSlpITTRLU2hwcmdNN090REFGQjBHZFZwU1U2eHZGZ1RZVk5YbUk3SkFNYmZIVg?oc=5\" target=\"_blank\" rel=\"nofollow noopener\">Victoria Mboko et Bianca Andreescu s&rsquo;inclinent \u00e0 leur tournoi de tennis respectif<\/a>&nbsp;&nbsp;MSN<\/li>\n<\/ol>\n","protected":false},"excerpt":{"rendered":"Leo Borg &#8211; Denis Shapovalov, ATP 250, Stockholm, Deuxi\u00e8me tour, Mercredi 15 octobre 2025&nbsp;&nbsp;L&rsquo;\u00c9quipe R\u00e9sultat : Benjamin Bonzi&hellip;\n","protected":false},"author":2,"featured_media":1983,"comment_status":"","ping_status":"","sticky":false,"template":"","format":"standard","meta":{"footnotes":""},"categories":[1415],"tags":[1011,27,60,1467],"class_list":{"0":"post-465358","1":"post","2":"type-post","3":"status-publish","4":"format-standard","5":"has-post-thumbnail","7":"category-tennis","8":"tag-fr","9":"tag-france","10":"tag-sports","11":"tag-tennis"},"share_on_mastodon":{"url":"https:\/\/pubeurope.com\/@fr\/115379247745775361","error":""},"_links":{"self":[{"href":"https:\/\/www.europesays.com\/fr\/wp-json\/wp\/v2\/posts\/465358","targetHints":{"allow":["GET"]}}],"collection":[{"href":"https:\/\/www.europesays.com\/fr\/wp-json\/wp\/v2\/posts"}],"about":[{"href":"https:\/\/www.europesays.com\/fr\/wp-json\/wp\/v2\/types\/post"}],"author":[{"embeddable":true,"href":"https:\/\/www.europesays.com\/fr\/wp-json\/wp\/v2\/users\/2"}],"replies":[{"embeddable":true,"href":"https:\/\/www.europesays.com\/fr\/wp-json\/wp\/v2\/comments?post=465358"}],"version-history":[{"count":0,"href":"https:\/\/www.europesays.com\/fr\/wp-json\/wp\/v2\/posts\/465358\/revisions"}],"wp:featuredmedia":[{"embeddable":true,"href":"https:\/\/www.europesays.com\/fr\/wp-json\/wp\/v2\/media\/1983"}],"wp:attachment":[{"href":"https:\/\/www.europesays.com\/fr\/wp-json\/wp\/v2\/media?parent=465358"}],"wp:term":[{"taxonomy":"category","embeddable":true,"href":"https:\/\/www.europesays.com\/fr\/wp-json\/wp\/v2\/categories?post=465358"},{"taxonomy":"post_tag","embeddable":true,"href":"https:\/\/www.europesays.com\/fr\/wp-json\/wp\/v2\/tags?post=465358"}],"curies":[{"name":"wp","href":"https:\/\/api.w.org\/{rel}","templated":true}]}}