{"id":465359,"date":"2025-10-15T16:59:20","date_gmt":"2025-10-15T16:59:20","guid":{"rendered":"https:\/\/www.europesays.com\/fr\/465359\/"},"modified":"2025-10-15T16:59:20","modified_gmt":"2025-10-15T16:59:20","slug":"un-tournoi-de-qualification-bientot-en-france","status":"publish","type":"post","link":"https:\/\/www.europesays.com\/fr\/465359\/","title":{"rendered":"Un tournoi de qualification bient\u00f4t en France ?"},"content":{"rendered":"<p><strong>Ce mercredi, dans un communiqu\u00e9,<br \/>\nla F\u00e9d\u00e9ration fran\u00e7aise de basket a annonc\u00e9 son envie d&rsquo;organiser<br \/>\nun tournoi de qualification pour la Coupe du monde femmes<br \/>\n2026.<\/strong><\/p>\n<p>Un tournoi de qualification bient\u00f4t en France ? Ce mercredi, la<br \/>\nF\u00e9d\u00e9ration fran\u00e7aise de basket (FFBB) a publi\u00e9, sur son site<br \/>\ninternet officiel, un communiqu\u00e9 de presse dans lequel elle annonce<br \/>\navoir, la veille, fait acte de candidature, aupr\u00e8s de la FIBA, pour<br \/>\nen organiser un, avant l\u2019\u00e9dition 2026 de la Coupe du monde<br \/>\nf\u00e9minine, qui aura lieu du 4 au 13 septembre 2026, \u00e0 Berlin en<br \/>\nAllemagne.<\/p>\n<p>Ce tournoi, s\u2019il \u00e9tait confi\u00e9 \u00e0 la France, se d\u00e9roulerait alors<br \/>\n\u00e0 Villeurbanne, dans la salle de l\u2019Astroballe et ses 5 500 places.<br \/>\nAu total, avant ce prochain Mondial, quatre tournois de<br \/>\nqualifications seront pr\u00e9vus et ils auront tous lieu entre le<br \/>\nmercredi 11 et le mardi 17 mars prochains. Par la pass\u00e9, plusieurs<br \/>\ntournois de qualification olympique se sont d\u00e9j\u00e0 d\u00e9roul\u00e9s dans<br \/>\nl\u2019Hexagone, \u00e0 Nantes en 2016 ou encore \u00e0 Bourges en 2020. En 2021,<br \/>\nla France avait \u00e9galement organis\u00e9 le premier tour de l\u2019Euro<br \/>\nf\u00e9minin, \u00e0 Strasbourg.<\/p>\n<p>Hunckler : \u00ab\u00a0Nous \u00e9changeons<br \/>\navec la FIBA depuis plusieurs mois\u00a0\u00bb<\/p>\n<p>A ce sujet, dans ce m\u00eame communiqu\u00e9 de presse, Jean-Pierre<br \/>\nHunckler, qui n\u2019est autre que l\u2019actuel pr\u00e9sident de la F\u00e9d\u00e9ration<br \/>\nFran\u00e7aise de BasketBall, a d\u00e9clar\u00e9 : \u00ab Nous \u00e9changeons avec la FIBA<br \/>\ndepuis plusieurs mois afin d\u2019organiser \u00e0 nouveau des \u00e9v\u00e9nements<br \/>\ninternationaux majeurs en France. Notre savoir-faire est reconnu en<br \/>\nla mati\u00e8re, tout comme notre capacit\u00e9 \u00e0 mobiliser le public et \u00e0 en<br \/>\nfaire des f\u00eates populaires. Il \u00e9tait donc tout \u00e0 fait logique pour<br \/>\nla FFBB de se positionner pour accueillir un Tournoi de<br \/>\nQualification \u00e0 la Coupe du Monde f\u00e9minine 2026 en mars prochain.<br \/>\nCe sera l\u2019occasion pour les fans de basket de voir les meilleures<br \/>\n\u00e9quipes du Monde en France, plusieurs mois apr\u00e8s les avoir vues<br \/>\nlors des Jeux Olympiques de Paris 2024. C\u2019est aussi le moyen pour<br \/>\nl\u2019\u00c9quipe de France f\u00e9minine de pouvoir disputer ce tournoi devant<br \/>\nson public, et de mettre toutes les chances de son c\u00f4t\u00e9 pour se<br \/>\nqualifier pour la Coupe du Monde 2026. \u00bb<\/p>\n","protected":false},"excerpt":{"rendered":"Ce mercredi, dans un communiqu\u00e9, la F\u00e9d\u00e9ration fran\u00e7aise de basket a annonc\u00e9 son envie d&rsquo;organiser un tournoi de&hellip;\n","protected":false},"author":2,"featured_media":465360,"comment_status":"","ping_status":"","sticky":false,"template":"","format":"standard","meta":{"footnotes":""},"categories":[1414],"tags":[1465,1464,22302,31259,1011,27,57681,60,58906,6345],"class_list":{"0":"post-465359","1":"post","2":"type-post","3":"status-publish","4":"format-standard","5":"has-post-thumbnail","7":"category-basket","8":"tag-basket","9":"tag-basketball","10":"tag-federation","11":"tag-ffbb","12":"tag-fr","13":"tag-france","14":"tag-sport365-fr","15":"tag-sports","16":"tag-tournoi-de-qualification","17":"tag-villeurbanne"},"share_on_mastodon":{"url":"https:\/\/pubeurope.com\/@fr\/115379251841972124","error":""},"_links":{"self":[{"href":"https:\/\/www.europesays.com\/fr\/wp-json\/wp\/v2\/posts\/465359","targetHints":{"allow":["GET"]}}],"collection":[{"href":"https:\/\/www.europesays.com\/fr\/wp-json\/wp\/v2\/posts"}],"about":[{"href":"https:\/\/www.europesays.com\/fr\/wp-json\/wp\/v2\/types\/post"}],"author":[{"embeddable":true,"href":"https:\/\/www.europesays.com\/fr\/wp-json\/wp\/v2\/users\/2"}],"replies":[{"embeddable":true,"href":"https:\/\/www.europesays.com\/fr\/wp-json\/wp\/v2\/comments?post=465359"}],"version-history":[{"count":0,"href":"https:\/\/www.europesays.com\/fr\/wp-json\/wp\/v2\/posts\/465359\/revisions"}],"wp:featuredmedia":[{"embeddable":true,"href":"https:\/\/www.europesays.com\/fr\/wp-json\/wp\/v2\/media\/465360"}],"wp:attachment":[{"href":"https:\/\/www.europesays.com\/fr\/wp-json\/wp\/v2\/media?parent=465359"}],"wp:term":[{"taxonomy":"category","embeddable":true,"href":"https:\/\/www.europesays.com\/fr\/wp-json\/wp\/v2\/categories?post=465359"},{"taxonomy":"post_tag","embeddable":true,"href":"https:\/\/www.europesays.com\/fr\/wp-json\/wp\/v2\/tags?post=465359"}],"curies":[{"name":"wp","href":"https:\/\/api.w.org\/{rel}","templated":true}]}}