{"id":465361,"date":"2025-10-15T17:00:21","date_gmt":"2025-10-15T17:00:21","guid":{"rendered":"https:\/\/www.europesays.com\/fr\/465361\/"},"modified":"2025-10-15T17:00:21","modified_gmt":"2025-10-15T17:00:21","slug":"brad-binder-se-confie-sur-une-saison-2025-anormalement-difficile","status":"publish","type":"post","link":"https:\/\/www.europesays.com\/fr\/465361\/","title":{"rendered":"Brad Binder se confie sur une saison 2025 anormalement difficile"},"content":{"rendered":"<p>Parmi ceux pour quoi la saison 2025 a \u00e9t\u00e9 difficile, un nom se d\u00e9tache, celui de <a href=\"https:\/\/fr.motorsport.com\/driver\/brad-binder\/109383\/\" target=\"_blank\" rel=\"noopener nofollow\">Brad Binder<\/a>. Ces quatre derni\u00e8res ann\u00e9es, le Sud-Africain s&rsquo;\u00e9tait pourtant impos\u00e9 comme un pilote fiable pour KTM, capable d&rsquo;obtenir de bons r\u00e9sultats et de r\u00e9guli\u00e8rement se classer dans les points tout au long du championnat.<\/p>\n<p>Les statistiques parlent d&rsquo;elles-m\u00eames. Entre sa deuxi\u00e8me saison en 2021 et la fin de la saison derni\u00e8re, il n&rsquo;a jamais termin\u00e9 plus bas que la sixi\u00e8me place du championnat, remportant au passage une victoire et dix podiums. Depuis son arriv\u00e9e, il n&rsquo;a jamais \u00e9t\u00e9 devanc\u00e9 au classement par un autre pilote KTM, pas m\u00eame en 2024, lorsque <a href=\"https:\/\/fr.motorsport.com\/driver\/pedro-acosta\/840236\/\" target=\"_blank\" rel=\"noopener nofollow\">Pedro Acosta<\/a> a fait des d\u00e9buts tr\u00e8s remarqu\u00e9s dans la cat\u00e9gorie, au sein de l&rsquo;\u00e9quipe Tech3 et avec un \u00e9quipement d&rsquo;usine.<\/p>\n<p>La situation est pourtant radicalement diff\u00e9rente en 2025. \u00c0 quatre Grands Prix de la fin du championnat, Binder occupe une modeste 11e place avec 118 points au compteur et seulement deux courses termin\u00e9es dans le top 5 \u00e0 ce jour (un sprint et un GP). \u00c0 l&rsquo;inverse, Acosta, qui est d\u00e9sormais son co\u00e9quipier dans l&rsquo;\u00e9quipe d&rsquo;usine, le devance de cinq rangs, ayant marqu\u00e9 215 points et obtenu trois podiums le dimanche.<\/p>\n<p>Le Sud-Africain lui-m\u00eame ne peut que constater que son ann\u00e9e n&rsquo;est pas \u00e0 la hauteur, ce qu&rsquo;il a admis dans une interview accord\u00e9e \u00e0 <strong>Motorsport.com<\/strong> \u00e0 Mandalika.<\/p>\n<p>\u00ab\u00a0Ces derniers temps, \u00e7a n&rsquo;a pas \u00e9t\u00e9 amusant de courir derri\u00e8re, et il est \u00e9vident que \u00e7a n&rsquo;est pas l\u00e0 que je voudrais \u00eatre, mais c&rsquo;est comme \u00e7a\u00a0\u00bb,\u00a0a expliqu\u00e9 Brad Binder. \u00ab\u00a0La r\u00e9alit\u00e9, c&rsquo;est que c&rsquo;est la vitesse que l&rsquo;on a en ce moment et le rythme que l&rsquo;on a. On doit juste s&rsquo;efforcer d&rsquo;\u00eatre meilleurs et aller de l&rsquo;avant.\u00a0\u00bb<\/p>\n<p><strong>La carri\u00e8re de Brad\u00a0Binder en MotoGP en chiffres\u00a0:<\/strong><\/p>\n<tr>\nAnn\u00e9e<br \/>\nClassement au championnat<br \/>\nPodiums<br \/>\nPoints<br \/>\n<\/tr>\n<tr>\n<td style=\"width: 16%;\">2020<\/td>\n<td style=\"width: 28%;\">11e<\/td>\n<td style=\"width: 28%;\">1<\/td>\n<td style=\"width: 28%;\">87<\/td>\n<\/tr>\n<tr>\n<td style=\"width: 16%;\">2021<\/td>\n<td style=\"width: 28%;\">6e<\/td>\n<td style=\"width: 28%;\">1<\/td>\n<td style=\"width: 28%;\">151<\/td>\n<\/tr>\n<tr>\n<td style=\"width: 16%;\">2022<\/td>\n<td style=\"width: 28%;\">6e<\/td>\n<td style=\"width: 28%;\">3<\/td>\n<td style=\"width: 28%;\">188<\/td>\n<\/tr>\n<tr>\n<td style=\"width: 16%;\">2023<\/td>\n<td style=\"width: 28%;\">4e<\/td>\n<td style=\"width: 28%;\">5<\/td>\n<td style=\"width: 28%;\">293<\/td>\n<\/tr>\n<tr>\n<td style=\"width: 16%;\">2024<\/td>\n<td style=\"width: 28%;\">5e<\/td>\n<td style=\"width: 28%;\">1<\/td>\n<td style=\"width: 28%;\">217<\/td>\n<\/tr>\n<tr>\n<td style=\"width: 16%;\">2025*<\/td>\n<td style=\"width: 28%;\">11e<\/td>\n<td style=\"width: 28%;\">0<\/td>\n<td style=\"width: 28%;\">118<\/td>\n<\/tr>\n<p>*saison en cours<\/p>\n<p>Une saison mal embarqu\u00e9e pour KTM<\/p>\n<p>Avec les difficult\u00e9s rencontr\u00e9es par KTM loin des circuits l&rsquo;hiver dernier, la saison\u00a0est partie du mauvais pied. Pour autant, la RC16 a gagn\u00e9 en comp\u00e9titivit\u00e9 depuis le GP de R\u00e9publique tch\u00e8que en juillet, et une \u00e9volution a\u00e9rodynamique en Autriche, apr\u00e8s la pause estivale, l&rsquo;a encore rapproch\u00e9e de la t\u00eate.<\/p>\n<p>Mais alors que Pedro Acosta et, dans une moindre mesure, <a href=\"https:\/\/fr.motorsport.com\/driver\/enea-bastianini\/109398\/\" target=\"_blank\" rel=\"noopener nofollow\">Enea Bastianini<\/a> ont b\u00e9n\u00e9fici\u00e9 de ces am\u00e9liorations, Brad Binder n&rsquo;a pas encore r\u00e9alis\u00e9 un week-end parfait depuis. \u00c0 ce stade, le trentenaire\u00a0s&rsquo;est fait \u00e0 l&rsquo;id\u00e9e que cette saison 2025 aura \u00e9t\u00e9 difficile de bout en bout pour lui, pourtant il reste persuad\u00e9 que KTM et lui peuvent encore trouver une solution.<\/p>\n<p>\u00ab\u00a0Je ne dirais pas que c&rsquo;est difficile \u00e0 accepter, je pense que c&rsquo;est assez normal\u00a0\u00bb,\u00a0nous explique-t-il lorsque nous l&rsquo;interrogeons sur le fait qu&rsquo;il n&rsquo;est plus, \u00e0 ce jour, le leader du groupe KTM.<\/p>\n<p>   <img decoding=\"async\" draggable=\"false\" src=\"https:\/\/www.europesays.com\/fr\/wp-content\/uploads\/2025\/09\/1757566095_406_brad-binder-red-bull-ktm-facto.jpg\" alt=\"La saison 2025 aura-t-elle \u00e9t\u00e9 un accident de parcours pour Brad Binder ?\" width=\"1200\" height=\"800\" loading=\"lazy\"\/> <\/p>\n<p class=\"title\">La saison 2025 aura-t-elle \u00e9t\u00e9 un accident de parcours pour Brad Binder ?<\/p>\n<p class=\"photographer\">Photo de: KTM Images<\/p>\n<p>\u00ab\u00a0Je n&rsquo;ai pas eu beaucoup de bons r\u00e9sultats, au d\u00e9but de l&rsquo;ann\u00e9e je terminais \u00e0 peine les courses. Il y a eu une p\u00e9riode o\u00f9 l&rsquo;on a eu un peu de mal, [mais] maintenant les choses sont beaucoup mieux r\u00e9gl\u00e9es, on a une bien meilleure compr\u00e9hension des choses, et il y a beaucoup de choses \u00e0 venir de la part de KTM. Je suis impatient de voir comment ce processus de d\u00e9veloppement va se d\u00e9rouler, et ce n&rsquo;est qu&rsquo;une question de temps avant que l&rsquo;on soit de retour \u00e0 notre meilleur niveau.\u00a0\u00bb<\/p>\n<p>Des difficult\u00e9s techniques et l&rsquo;espoir de nouveaut\u00e9s<\/p>\n<p>Les probl\u00e8mes de Binder proviennent d&rsquo;un manque d&rsquo;adh\u00e9rence \u00e0 l&rsquo;avant et de vibrations \u00e0 l&rsquo;arri\u00e8re de sa machine, un probl\u00e8me qui a ponctuellement affect\u00e9 tous les pilotes KTM au cours de cette saison.<\/p>\n<p>\u00ab\u00a0La seule chose sur laquelle les gars travaillent est d&rsquo;essayer de jouer un peu avec notre ch\u00e2ssis\u00a0\u00bb, a-t-il expliqu\u00e9. \u00ab\u00a0On a eu beaucoup de chattering et on manque d&rsquo;adh\u00e9rence \u00e0 l&rsquo;avant, alors ils ont jou\u00e9 avec les rigidit\u00e9s et les \u00e9quilibres pour essayer d&rsquo;att\u00e9nuer un peu ce probl\u00e8me.\u00a0\u00bb<\/p>\n<p>Questionn\u00e9 pour savoir si un changement devait avoir lieu sur sa moto ou plut\u00f4t dans son pilotage, Binder a ajout\u00e9\u00a0:\u00a0\u00ab\u00a0Depuis quelque temps, j&rsquo;ai essay\u00e9 de modifier un peu mon style de pilotage et je ne peux le faire que dans une certaine mesure, mais j&rsquo;ai besoin d&rsquo;un peu plus de grip \u00e0 l&rsquo;avant. Si on arrivait \u00e0 trouver un \u00e9quilibre entre l&rsquo;avant et l&rsquo;arri\u00e8re qui soit un peu plus tol\u00e9rant \u00e0 l&rsquo;avant, et \u00e0 se d\u00e9barrasser de notre probl\u00e8me de chattering, alors la situation serait tr\u00e8s, tr\u00e8s diff\u00e9rente.\u00a0\u00bb<\/p>\n<p>Lire aussi :<\/p>\n<p>Chez Ducati, <a href=\"https:\/\/fr.motorsport.com\/driver\/pecco-bagnaia\/109394\/\" target=\"_blank\" rel=\"noopener nofollow\">Pecco Bagnaia<\/a> a sembl\u00e9 renverser sa propre situation difficile lors du test post-course men\u00e9 \u00e0 Misano en septembre, en revenant \u00e0 une GP24 \u00e9quip\u00e9e d&rsquo;un moteur de 2025. Ce m\u00eame test a \u00e9galement permis \u00e0 d&rsquo;autres pilotes d&rsquo;essayer de nouvelles pi\u00e8ces, et parmi eux Binder, qui pense que ces d\u00e9veloppements pourraient l&rsquo;aider dans la derni\u00e8re partie de la saison.<\/p>\n<p>\u00ab\u00a0On a test\u00e9 certaines am\u00e9liorations apport\u00e9es par l&rsquo;\u00e9quipe et qui sont maintenant en production, donc il y a de bonnes choses \u00e0 venir. C&rsquo;est l&rsquo;une des choses qui sont dans les tuyaux et qui peuvent un peu nous aider \u00e0 am\u00e9liorer nos performances.\u00a0\u00bb<\/p>\n<p>L&rsquo;\u00e9cart avec ses co\u00e9quipiers<\/p>\n<p>KTM est confront\u00e9e \u00e0 ce qui devient un probl\u00e8me alarmant, et c&rsquo;est l&rsquo;\u00e9cart qui se creuse entre Acosta et le reste des pilotes du groupe. Au Japon, par exemple, l&rsquo;Espagnol s&rsquo;est qualifi\u00e9 en quatri\u00e8me position, \u00e0 seulement 0&Prime;158 de la pole position, tandis que ses trois acolytes se sont \u00e9lanc\u00e9s au-del\u00e0 des cinq premi\u00e8res lignes.<\/p>\n<p>Concernant <a href=\"https:\/\/fr.motorsport.com\/driver\/maverick-vinales\/96553\/\" target=\"_blank\" rel=\"noopener nofollow\">Maverick Vi\u00f1ales<\/a>, son manque de vitesse ces derni\u00e8res semaines peut \u00eatre attribu\u00e9 \u00e0 sa blessure de cet \u00e9t\u00e9, dont il peine \u00e0 se remettre. Il s&rsquo;\u00e9tait en effet rapidement adapt\u00e9 \u00e0 la RC16 l&rsquo;hiver dernier et avait d\u00e9croch\u00e9 la deuxi\u00e8me place du GP du Qatar avant d&rsquo;\u00eatre p\u00e9nalis\u00e9 pour ne pas avoir respect\u00e9 la pression des pneus obligatoire.\u00a0Enea Bastianini, quant \u00e0 lui, a \u00e9galement connu des moments forts cette saison, malgr\u00e9 des d\u00e9buts compliqu\u00e9s avec la KTM. Il a termin\u00e9 troisi\u00e8me du sprint de Brno, puis est mont\u00e9 sur le podium du GP de Catalogne.<\/p>\n<p>   <img decoding=\"async\" draggable=\"false\" src=\"https:\/\/www.europesays.com\/fr\/wp-content\/uploads\/2025\/10\/1760547621_416_pedro-acosta-red-bull-ktm-fact.jpg\" alt=\"Pedro Acosta a pris le dessus sur les autres pilotes KTM cette saison.\" width=\"1200\" height=\"800\" loading=\"lazy\"\/> <\/p>\n<p class=\"title\">Pedro Acosta a pris le dessus sur les autres pilotes KTM cette saison.<\/p>\n<p class=\"photographer\">Photo de: Gold and Goose Photography \/ LAT Images \/ via Getty Images<\/p>\n<p>Binder est donc le seul pilote KTM \u00e0 ne pas avoir f\u00eat\u00e9 de podium cette saison (en dehors de Vi\u00f1ales, qui a d\u00fb rendre son troph\u00e9e), et ce alors qu&rsquo;il est celui qui conna\u00eet le mieux cette moto et le constructeur autrichien.\u00a0Et le Sud-Africain ne peut que constater que son voisin de stand affiche une forme impressionnante cette saison, tout en apportant une explication possible quant au foss\u00e9 qui s\u00e9pare l&rsquo;Espagnol des autres pilotes KTM.<\/p>\n<p>\u00ab\u00a0Au d\u00e9but de l&rsquo;ann\u00e9e, c&rsquo;\u00e9tait un peu plus &lsquo;un week-end pour un pilote, puis le suivant pour un autre&rsquo;, et puis il y a eu un moment o\u00f9 Pedro a vraiment tout fait sur sa moto comme on le faisait la saison derni\u00e8re. Il s&rsquo;en est tenu \u00e0 un ch\u00e2ssis beaucoup plus normal et ce genre de choses, et \u00e0 partir de l\u00e0, il a vraiment \u00e9t\u00e9 super constant et il a b\u00e2ti l\u00e0-dessus\u00a0\u00bb, a-t-il analys\u00e9.<\/p>\n<p>\u00ab\u00a0Pendant ce temps, on a aussi jou\u00e9 avec beaucoup de domaines qui ne fonctionnaient pas du tout, et on est arriv\u00e9s sur certains circuits o\u00f9 \u00e7a ne fonctionnait pas d\u00e8s le premier tour et o\u00f9 ne pouvait pas vraiment faire quoi que ce soit pendant le reste du week-end. Donc [\u00e7a a \u00e9t\u00e9] un peu compliqu\u00e9. Mais il est certain qu&rsquo;il a fait un travail incroyable et c&rsquo;est tr\u00e8s impressionnant de voir \u00e0 quel point il roule bien.\u00a0\u00bb<\/p>\n<p>Des signes de progr\u00e8s<\/p>\n<p>Brad Binder a finalement obtenu lors du dernier Grand Prix en date ce qui est son meilleur r\u00e9sultat \u00e0 ce stade de la saison, puisqu&rsquo;il est remont\u00e9 de la 15e \u00e0 la quatri\u00e8me place en Indon\u00e9sie pour finir \u00e0 une seconde seulement du podium. Bien qu&rsquo;il soit le premier \u00e0 admettre que son r\u00e9sultat est d\u00fb aux conditions uniques rencontr\u00e9es \u00e0 Mandalika, la fa\u00e7on dont Binder a r\u00e9ussi \u00e0 se frayer un chemin \u00e0 travers le peloton reste impressionnante. Cela serait-il de bon augure pour le reste de la saison\u00a0?<\/p>\n<p>\u00ab\u00a0Je pense que c&rsquo;est un endroit sp\u00e9cial, mais j&rsquo;esp\u00e8re vraiment que c&rsquo;est un tournant pour moi, car j&rsquo;ai eu une saison tr\u00e8s, tr\u00e8s, tr\u00e8s difficile. C&rsquo;est bien de terminer \u00e0 nouveau quatri\u00e8me, c&rsquo;\u00e9tait g\u00e9nial de se battre avec les autres. Mais c&rsquo;est aussi tr\u00e8s sp\u00e9cial [en Indon\u00e9sie], le niveau d&rsquo;adh\u00e9rence est tr\u00e8s bas, les pneus sont bizarres. On verra bien quand on reviendra en Europe.\u00a0\u00bb<\/p>\n<p>Il serait en effet erron\u00e9 de tirer des conclusions du week-end indon\u00e9sien, n\u00e9anmoins le fait de s&rsquo;\u00eatre class\u00e9 dans le top 5 a de quoi renforcer la confiance d&rsquo;un pilote qui a travers\u00e9 beaucoup d&rsquo;\u00e9preuves cette saison. Brad Binder doit maintenant esp\u00e9rer que 2025 n&rsquo;aura \u00e9t\u00e9 rien d&rsquo;autre qu&rsquo;un accident de parcours, alors qu&rsquo;il se pr\u00e9pare pour une ann\u00e9e charni\u00e8re, la derni\u00e8re du cycle r\u00e9glementaire actuel et celle qui m\u00e8nera \u00e0 la fin d&rsquo;un contrat d&rsquo;une dur\u00e9e rare qu&rsquo;il avait sign\u00e9 avec KTM en 2022.<\/p>\n<p>Lire aussi :<\/p>\n<p>            Votre avis nous int\u00e9resse !<\/p>\n<p class=\"mt-auto\">Qu&rsquo;aimeriez-vous voir sur Motorsport.com ?<\/p>\n<p>            <a href=\"#\" class=\"ms-link text-link font-bold\">R\u00e9pondez \u00e0 notre enqu\u00eate de 5 minutes.<\/a><\/p>\n<p class=\"mt-1 font-info text-body\">&#8211; L&rsquo;\u00e9quipe Motorsport.com<\/p>\n","protected":false},"excerpt":{"rendered":"Parmi ceux pour quoi la saison 2025 a \u00e9t\u00e9 difficile, un nom se d\u00e9tache, celui de Brad Binder.&hellip;\n","protected":false},"author":2,"featured_media":465362,"comment_status":"","ping_status":"","sticky":false,"template":"","format":"standard","meta":{"footnotes":""},"categories":[1413],"tags":[3376,58907,1011,27,1457,1456,1458,3068,60],"class_list":{"0":"post-465361","1":"post","2":"type-post","3":"status-publish","4":"format-standard","5":"has-post-thumbnail","7":"category-moto","8":"tag-brad-binder","9":"tag-brad-binder-se-confie-sur-une-saison-2025-anormalement-difficile","10":"tag-fr","11":"tag-france","12":"tag-moto","13":"tag-motocycle","14":"tag-motogp","15":"tag-red-bull-ktm-factory-racing","16":"tag-sports"},"share_on_mastodon":{"url":"https:\/\/pubeurope.com\/@fr\/115379256453709010","error":""},"_links":{"self":[{"href":"https:\/\/www.europesays.com\/fr\/wp-json\/wp\/v2\/posts\/465361","targetHints":{"allow":["GET"]}}],"collection":[{"href":"https:\/\/www.europesays.com\/fr\/wp-json\/wp\/v2\/posts"}],"about":[{"href":"https:\/\/www.europesays.com\/fr\/wp-json\/wp\/v2\/types\/post"}],"author":[{"embeddable":true,"href":"https:\/\/www.europesays.com\/fr\/wp-json\/wp\/v2\/users\/2"}],"replies":[{"embeddable":true,"href":"https:\/\/www.europesays.com\/fr\/wp-json\/wp\/v2\/comments?post=465361"}],"version-history":[{"count":0,"href":"https:\/\/www.europesays.com\/fr\/wp-json\/wp\/v2\/posts\/465361\/revisions"}],"wp:featuredmedia":[{"embeddable":true,"href":"https:\/\/www.europesays.com\/fr\/wp-json\/wp\/v2\/media\/465362"}],"wp:attachment":[{"href":"https:\/\/www.europesays.com\/fr\/wp-json\/wp\/v2\/media?parent=465361"}],"wp:term":[{"taxonomy":"category","embeddable":true,"href":"https:\/\/www.europesays.com\/fr\/wp-json\/wp\/v2\/categories?post=465361"},{"taxonomy":"post_tag","embeddable":true,"href":"https:\/\/www.europesays.com\/fr\/wp-json\/wp\/v2\/tags?post=465361"}],"curies":[{"name":"wp","href":"https:\/\/api.w.org\/{rel}","templated":true}]}}