{"id":465377,"date":"2025-10-15T17:08:12","date_gmt":"2025-10-15T17:08:12","guid":{"rendered":"https:\/\/www.europesays.com\/fr\/465377\/"},"modified":"2025-10-15T17:08:12","modified_gmt":"2025-10-15T17:08:12","slug":"m-retrouve-la-jeune-fille-avec-qui-il-a-danse-en-concert","status":"publish","type":"post","link":"https:\/\/www.europesays.com\/fr\/465377\/","title":{"rendered":"-M- retrouve la jeune fille avec qui il a dans\u00e9 en concert"},"content":{"rendered":"<p class=\"article-p mdl\">Un concert inoubliable. Le 11 octobre 2025, Matthieu Chedid, alias -M-, a enflamm\u00e9 la sc\u00e8ne de l&rsquo;Arena Futuroscope pr\u00e8s de Poitiers.<\/p>\n<p class=\"article-p mdl\">Vers la fin du concert, le chanteur a parcouru les gradins de la salle. Spontan\u00e9ment, une jeune fille s&rsquo;est alors avanc\u00e9e vers lui pour <strong>danser \u00e0 ses c\u00f4t\u00e9s<\/strong>. La s\u00e9quence, devenue virale, montre un beau moment de complicit\u00e9 entre l&rsquo;interpr\u00e8te de Qui de nous deux et la myst\u00e9rieuse danseuse.\u00a0<\/p>\n<p class=\"article-p mdl\">Chaussures argent\u00e9es, veste jaune \u00e9clatante, l&rsquo;accoutrement de<a class=\"link\" href=\"https:\/\/www.rtl.fr\/sujet\/matthieu-chedid\" target=\"_blank\" rel=\"noopener\"> -M-\u00a0<\/a>n&rsquo;a pas impressionn\u00e9 la petite Alix. Du haut de ses 8 ans, elle n&rsquo;a pas h\u00e9sit\u00e9 \u00e0 se mettre <strong>sous le feu des projecteurs<\/strong> pour passer quelques instants avec son idole. Ils ont dans\u00e9 ensemble, bougeant leurs t\u00eates au rythme du solo du guitariste.\u00a0<\/p>\n<p>    Le cadeau de Matthieu Chedid<\/p>\n<p class=\"article-p mdl\">Quelques jours apr\u00e8s cette interaction, Matthieu Chedid a partag\u00e9 ce moment sur\u00a0<a class=\"link\" href=\"https:\/\/www.instagram.com\/p\/DPyUX4TjYvI\/?hl=fr\" target=\"_blank\" rel=\"noopener\">les r\u00e9seaux sociaux<\/a>, lan\u00e7ant un appel \u00e0 ses fans pour retrouver la jeune fille. Il a accompagn\u00e9 son post d&rsquo;une courte l\u00e9gende, exprimant une simple requ\u00eate\u00a0: \u00ab\u00a0Merci \u00e0 toi pour ce moment magique \u00e0 l\u2019Arena de Poitiers\u2026 Comment te contacter pour te remercier ?\u00a0\u00bb.<\/p>\n<p class=\"article-p mdl\">Aussit\u00f4t dit, aussit\u00f4t fait, la petite Alix a \u00e9t\u00e9 retrouv\u00e9e <strong>en quelques heures.<\/strong> Sa m\u00e8re, Charl\u00e8ne, s&rsquo;est empress\u00e9e de r\u00e9pondre au chanteur, le remerciant pour \u00ab\u00a0ce moment de pure joie\u00a0tu lui as offert\u00a0\u00bb. Elle a \u00e9galement ajout\u00e9 que sa fille \u00ab\u00a0serait \u00e9videmment ravie de pouvoir te contacter\u00a0\u00bb.\u00a0<\/p>\n<p class=\"article-p mdl\">Un membre de l&rsquo;\u00e9quipe du chanteur a contact\u00e9 la famille et \u00ab\u00a0nous a propos\u00e9, \u00e0 la date qu&rsquo;on veut, <strong>qu&rsquo;on\u00a0retourne au concert <\/strong>pour rencontrer -M- et toute l&rsquo;\u00e9quipe en loge\u00a0\u00bb, a relat\u00e9 Charl\u00e8ne \u00e0\u00a0<a class=\"link\" href=\"https:\/\/www.francebleu.fr\/infos\/insolite\/c-est-completement-fou-la-petite-fille-qui-a-danse-avec-m-a-l-arena-futuroscope-invitee-a-le-rencontrer-8086341\" target=\"_blank\" rel=\"noopener\">France Bleu.\u00a0<\/a><\/p>\n<p class=\"article-p mdl\">Alix leur a confi\u00e9 qu&rsquo;elle \u00ab\u00a0n&rsquo;arrive pas trop \u00e0 l&rsquo;imaginer encore\u00a0\u00bb mais qu&rsquo;elle avait \u00ab\u00a0quand m\u00eame tr\u00e8s h\u00e2te\u00a0\u00bb. Elle a avou\u00e9 \u00e0 la radio avoir \u00ab\u00a0h\u00e9sit\u00e9 un peu au d\u00e9but\u00a0\u00bb \u00e0 danser, ajoutant que \u00ab\u00a0tout le monde m&rsquo;a regard\u00e9e, je me suis dit\u00a0: j&rsquo;y vais,<strong> je me suis lanc\u00e9e\u00a0\u00bb.\u00a0<\/strong><\/p>\n<p>    La r\u00e9daction vous recommande<\/p>\n<p class=\"s-newsletter__title\">\n                L\u2019actualit\u00e9 par la r\u00e9daction de RTL dans votre bo\u00eete mail.\n            <\/p>\n<p class=\"s-newsletter__subtitle\">\n                Gr\u00e2ce \u00e0 votre compte RTL abonnez-vous \u00e0 la newsletter RTL info pour suivre toute l&rsquo;actualit\u00e9 au quotidien\n            <\/p>\n<p>\n                                    Lire la suite\n                                <\/p>\n<p>                            <script async src=\"\/\/www.instagram.com\/embed.js\"><\/script><\/p>\n","protected":false},"excerpt":{"rendered":"Un concert inoubliable. Le 11 octobre 2025, Matthieu Chedid, alias -M-, a enflamm\u00e9 la sc\u00e8ne de l&rsquo;Arena Futuroscope&hellip;\n","protected":false},"author":2,"featured_media":465378,"comment_status":"","ping_status":"","sticky":false,"template":"","format":"standard","meta":{"footnotes":""},"categories":[1355],"tags":[1696,1697,58,59,2414,107,1011,27,58910,1361,873],"class_list":{"0":"post-465377","1":"post","2":"type-post","3":"status-publish","4":"format-standard","5":"has-post-thumbnail","7":"category-musique","8":"tag-chanteur","9":"tag-concert","10":"tag-divertissement","11":"tag-entertainment","12":"tag-fil-culture","13":"tag-fil-info","14":"tag-fr","15":"tag-france","16":"tag-matthieu-chedid","17":"tag-music","18":"tag-musique"},"share_on_mastodon":{"url":"https:\/\/pubeurope.com\/@fr\/115379287148677668","error":""},"_links":{"self":[{"href":"https:\/\/www.europesays.com\/fr\/wp-json\/wp\/v2\/posts\/465377","targetHints":{"allow":["GET"]}}],"collection":[{"href":"https:\/\/www.europesays.com\/fr\/wp-json\/wp\/v2\/posts"}],"about":[{"href":"https:\/\/www.europesays.com\/fr\/wp-json\/wp\/v2\/types\/post"}],"author":[{"embeddable":true,"href":"https:\/\/www.europesays.com\/fr\/wp-json\/wp\/v2\/users\/2"}],"replies":[{"embeddable":true,"href":"https:\/\/www.europesays.com\/fr\/wp-json\/wp\/v2\/comments?post=465377"}],"version-history":[{"count":0,"href":"https:\/\/www.europesays.com\/fr\/wp-json\/wp\/v2\/posts\/465377\/revisions"}],"wp:featuredmedia":[{"embeddable":true,"href":"https:\/\/www.europesays.com\/fr\/wp-json\/wp\/v2\/media\/465378"}],"wp:attachment":[{"href":"https:\/\/www.europesays.com\/fr\/wp-json\/wp\/v2\/media?parent=465377"}],"wp:term":[{"taxonomy":"category","embeddable":true,"href":"https:\/\/www.europesays.com\/fr\/wp-json\/wp\/v2\/categories?post=465377"},{"taxonomy":"post_tag","embeddable":true,"href":"https:\/\/www.europesays.com\/fr\/wp-json\/wp\/v2\/tags?post=465377"}],"curies":[{"name":"wp","href":"https:\/\/api.w.org\/{rel}","templated":true}]}}