{"id":46538,"date":"2025-04-23T12:21:08","date_gmt":"2025-04-23T12:21:08","guid":{"rendered":"https:\/\/www.europesays.com\/fr\/46538\/"},"modified":"2025-04-23T12:21:08","modified_gmt":"2025-04-23T12:21:08","slug":"le-six-nations-feminin-reporte-le-match-italie-galles","status":"publish","type":"post","link":"https:\/\/www.europesays.com\/fr\/46538\/","title":{"rendered":"le Six Nations f\u00e9minin reporte le match Italie-Galles"},"content":{"rendered":"<p>La rencontre du Tournoi des six nations f\u00e9minin entre l\u2019Italie et le Pays de Galles, initialement pr\u00e9vue le samedi 26 avril, est reprogramm\u00e9e au dimanche 27 avril.<\/p>\n<p class=\"fig-paragraph\">Six Nations Rugby, la F\u00e9d\u00e9ration Italienne de Rugby (FIR) et celle du pays de Galles (WRU) \u00abont r\u00e9pondu favorablement \u00e0 la demande du pr\u00e9sident du Comit\u00e9 National Olympique Italien, Giovanni Malag\u00f2, appelant \u00e0 la suspension de toutes les comp\u00e9titions sportives en Italie ce samedi 26 avril, jour des fun\u00e9railles du pape Fran\u00e7ois\u00bb.<\/p>\n<p class=\"fig-paragraph\">La rencontre de la 5e et derni\u00e8re journ\u00e9e du Tournoi, entre l\u2019Italie, 4e, et le Pays de Galles, 6e et en lice pour la cuill\u00e8re de bois, initialement programm\u00e9e samedi, se disputera le dimanche 27 avril \u00e0 12h30, toujours au Stadio Sergio Lanfranchi de Parme.<\/p>\n<p class=\"fig-body-link\">\n            \u00c0 lire aussi<br \/>\n        <a class=\"fig-body-link__link\" href=\"http:\/\/www.lefigaro.fr\/sports\/rugby\/6-nations\/angleterre-france-a-quelle-heure-et-sur-quelle-chaine-suivre-la-finale-grand-chelem-en-jeu-du-tournoi-des-six-nations-feminin-20250421\" data-fig-type=\"NewsFlash\" data-gtm-custom-categorie=\"navigation\" data-gtm-custom-action=\"crossclick\" data-gtm-custom-label=\"Contextuel\" data-gtm-event=\"customEventSPE\" data-fig-domain=\"LEFIGARO\" target=\"_blank\" rel=\"noopener\">Angleterre-France\u00a0: \u00e0 quelle heure et sur quelle cha\u00eene suivre la finale, Grand chelem en jeu, du Tournoi des six nations f\u00e9minin<br \/>\n    <\/a>\n<\/p>\n<p class=\"fig-paragraph\">\u00abEn signe de respect, une minute de silence sera observ\u00e9e avant le coup d\u2019envoi\u00bb, ajoute le communiqu\u00e9 de l\u2019organisateur du Tournoi.<\/p>\n","protected":false},"excerpt":{"rendered":"La rencontre du Tournoi des six nations f\u00e9minin entre l\u2019Italie et le Pays de Galles, initialement pr\u00e9vue le&hellip;\n","protected":false},"author":2,"featured_media":46539,"comment_status":"","ping_status":"","sticky":false,"template":"","format":"standard","meta":{"footnotes":""},"categories":[1416],"tags":[2306,4708,525,1981,814,2396,1011,27,516,452,955,4692,12044,1980,479,12042,1468,2259,2307,60,12043],"class_list":{"0":"post-46538","1":"post","2":"type-post","3":"status-publish","4":"format-standard","5":"has-post-thumbnail","7":"category-rugby","8":"tag-6-nations","9":"tag-angleterre","10":"tag-calendrier","11":"tag-classement","12":"tag-direct","13":"tag-finale","14":"tag-fr","15":"tag-france","16":"tag-irlande","17":"tag-italie","18":"tag-match","19":"tag-pape-francois","20":"tag-pays-de-galles","21":"tag-resultats","22":"tag-rugby","23":"tag-rugby-feminin","24":"tag-rugby-football","25":"tag-score","26":"tag-six-nations","27":"tag-sports","28":"tag-tournoi-6-nations"},"share_on_mastodon":{"url":"https:\/\/pubeurope.com\/@fr\/114387254260787337","error":""},"_links":{"self":[{"href":"https:\/\/www.europesays.com\/fr\/wp-json\/wp\/v2\/posts\/46538","targetHints":{"allow":["GET"]}}],"collection":[{"href":"https:\/\/www.europesays.com\/fr\/wp-json\/wp\/v2\/posts"}],"about":[{"href":"https:\/\/www.europesays.com\/fr\/wp-json\/wp\/v2\/types\/post"}],"author":[{"embeddable":true,"href":"https:\/\/www.europesays.com\/fr\/wp-json\/wp\/v2\/users\/2"}],"replies":[{"embeddable":true,"href":"https:\/\/www.europesays.com\/fr\/wp-json\/wp\/v2\/comments?post=46538"}],"version-history":[{"count":0,"href":"https:\/\/www.europesays.com\/fr\/wp-json\/wp\/v2\/posts\/46538\/revisions"}],"wp:featuredmedia":[{"embeddable":true,"href":"https:\/\/www.europesays.com\/fr\/wp-json\/wp\/v2\/media\/46539"}],"wp:attachment":[{"href":"https:\/\/www.europesays.com\/fr\/wp-json\/wp\/v2\/media?parent=46538"}],"wp:term":[{"taxonomy":"category","embeddable":true,"href":"https:\/\/www.europesays.com\/fr\/wp-json\/wp\/v2\/categories?post=46538"},{"taxonomy":"post_tag","embeddable":true,"href":"https:\/\/www.europesays.com\/fr\/wp-json\/wp\/v2\/tags?post=46538"}],"curies":[{"name":"wp","href":"https:\/\/api.w.org\/{rel}","templated":true}]}}