{"id":465381,"date":"2025-10-15T17:10:23","date_gmt":"2025-10-15T17:10:23","guid":{"rendered":"https:\/\/www.europesays.com\/fr\/465381\/"},"modified":"2025-10-15T17:10:23","modified_gmt":"2025-10-15T17:10:23","slug":"variant-frankenstein-attention-a-ces-2-symptomes","status":"publish","type":"post","link":"https:\/\/www.europesays.com\/fr\/465381\/","title":{"rendered":"variant Frankenstein, attention \u00e0 ces 2 sympt\u00f4mes !"},"content":{"rendered":"<p class=\"post-excerpt\">Depuis quelques semaines, le variant<br \/>\nFrankenstein du Covid-19, descendant direct d\u2019Omicron, fait parler<br \/>\nde lui dans l&rsquo;Hexagone. Plus contagieux, plus rus\u00e9, il circule \u00e0<br \/>\ntoute vitesse dans les foyers fran\u00e7ais. Mais comment savoir si vous<br \/>\nl\u2019avez attrap\u00e9 ? Deux sympt\u00f4mes pr\u00e9cis, mis en lumi\u00e8re par l\u2019agence<br \/>\nsanitaire britannique, doivent absolument vous alerter.<\/p>\n<p data-start=\"470\" data-end=\"1503\">Depuis plusieurs semaines, le<br \/>\n<a href=\"https:\/\/www.aufeminin.com\/forme\/sante-femme\/covid-19-consultez-urgence-symptome-inattendu-variant-frankenstein-alerte-medecin-2666183.html\" target=\"_blank\" rel=\"noopener\"><br \/>\n<strong>Covid-19 fait son grand retour en France<\/strong><\/a>,<br \/>\nport\u00e9 par deux nouveaux variants : le <strong>XFG<br \/>\n(Stratus)<\/strong> et le <strong>NB.1.8.1 (Nimbus)<\/strong>. Le<br \/>\npremier, surnomm\u00e9 <a href=\"https:\/\/www.aufeminin.com\/societe\/sante-femme-societe\/coronavirus\/covid-19-je-suis-medecin-et-voici-4-symptomes-meconnus-du-variant-frankenstein-qui-doivent-vous-alerter-tout-de-suite-2666414.html\" target=\"_blank\" rel=\"noopener\"><br \/>\n<strong>variant Frankenstein<\/strong><\/a>, attire particuli\u00e8rement<br \/>\nl\u2019attention des autorit\u00e9s sanitaires. Ce descendant direct<br \/>\nd\u2019Omicron est en r\u00e9alit\u00e9 une mutation hybride de deux souches du<br \/>\nSARS-CoV-2. Ce qui le diff\u00e9rencie surtout des pr\u00e9c\u00e9dents variants ?<br \/>\nIl est bien <a href=\"https:\/\/www.aufeminin.com\/societe\/sante-femme-societe\/coronavirus\/covid-19-le-variant-frankenstein-est-le-pire-que-jai-eu-voici-le-symptome-insoupconne-qui-ma-cause-une-douleur-atroce-2665798.html\" target=\"_blank\" rel=\"noopener\"><br \/>\n<strong>plus contagieux<\/strong><\/a>, <strong>circule plus<br \/>\nrapidemen<\/strong>t et parvient m\u00eame \u00e0 <strong>contourner<br \/>\npartiellement nos d\u00e9fenses immunitaires<\/strong> (m\u00eame si vous vous<br \/>\n\u00eates fait vacciner l\u00a0\u00bban pass\u00e9 par exemple).<\/p>\n<p data-start=\"470\" data-end=\"1503\">Si la bonne nouvelle, c\u2019est<br \/>\nqu\u2019il ne provoquerait pas plus de formes graves ou de <a href=\"https:\/\/www.aufeminin.com\/societe\/sante-femme-societe\/maux-de-gorge-cest-peut-etre-le-covid-19-voici-les-8-aliments-a-eviter-durgence-dont-le-chocolat-selon-un-medecin-2664201.html\" target=\"_blank\" rel=\"noopener\"><br \/>\nCovid long<\/a>, ses <a href=\"https:\/\/www.aufeminin.com\/societe\/sante-femme-societe\/coronavirus\/covid-19-vous-pensez-avoir-les-symptomes-du-variant-frankenstein-ces-3-choses-a-faire-durgence-selon-les-medecins-2664843.html\" target=\"_blank\" rel=\"noopener\"><br \/>\n<strong>sympt\u00f4mes atypiques peuvent passer totalement<br \/>\ninaper\u00e7us<\/strong><\/a>. C\u2019est ce qui inqui\u00e8te aujourd\u2019hui les<br \/>\nexperts de l\u2019UK Health Security Agency (UKHSA), qui alerte sur<br \/>\n<a href=\"https:\/\/www.aufeminin.com\/maman\/variant-frankenstein-enfants-attrapent-covid-19-seconde-fois-risque-developper-covid-long-2663961.html\" target=\"_blank\" rel=\"noopener\"><br \/>\n<strong>deux signes tr\u00e8s pr\u00e9cis \u00e0 ne pas ignorer<\/strong><\/a>.<br \/>\nComme le rappelle le <a href=\"https:\/\/www.mirror.co.uk\/news\/health\/latest-covid-variants-linked-two-36058790\" target=\"_blank\" rel=\"nofollow noopener\">Mirror<\/a>, qui<br \/>\ncite l\u2019agence britannique : \u00ab\u00a0Le virus continue de causer des<br \/>\nmaladies graves, des hospitalisations et des d\u00e9c\u00e8s, notamment chez<br \/>\nles personnes immunod\u00e9prim\u00e9es et les plus de 75 ans.\u00a0\u00bb<\/p>\n<p>Covid-19 : ces 2 sympt\u00f4mes du<br \/>\nvariant Frankenstein qui doivent vous alerter<\/p>\n<p data-start=\"1510\" data-end=\"2329\"><strong>Premier signe d\u2019alerte<br \/>\ndu variant Frankenstein<\/strong> : <strong>une <a href=\"https:\/\/www.aufeminin.com\/societe\/covid-19-le-nouveau-variant-frankenstein-inquiete-voici-le-symptome-n1-avec-votre-voix-qui-doit-vous-alerter-2662863.html\" target=\"_blank\" rel=\"noopener\"><br \/>\nvoix enrou\u00e9e<\/a>, souvent accompagn\u00e9e d\u2019une gorge douloureuses et<br \/>\nirrit\u00e9e<\/strong>. Ce sympt\u00f4me, d\u00e9crit comme une \u00ab\u00a0voix rauque\u00a0\u00bb, est<br \/>\naujourd\u2019hui l\u2019un des plus fr\u00e9quemment rapport\u00e9s par les personnes<br \/>\ninfect\u00e9es. Selon l\u2019UKHSA, \u00ab\u00a0certaines personnes pr\u00e9sentent une voix<br \/>\nenrou\u00e9e ou un mal de gorge particuli\u00e8rement douloureux, associ\u00e9 aux<br \/>\nderniers variants\u00a0\u00bb. Ce <strong>mal de gorge tr\u00e8s intense<\/strong>,<br \/>\nparfois surnomm\u00e9 par les m\u00e9dias anglais \u00ab\u00a0razor-blade throat\u00a0\u00bb<br \/>\n(<strong>\u00ab\u00a0lame de rasoir dans la gorge\u00a0\u00bb<\/strong>), est li\u00e9 \u00e0 la<br \/>\nforte inflammation provoqu\u00e9e par cette souche hybride. Si la<br \/>\n<strong>toux<\/strong> ou la <strong>fi\u00e8vre<\/strong> sont toujours<br \/>\npossibles, cette <strong>g\u00eane persistante au niveau de la<br \/>\ngorge<\/strong> reste aujourd\u2019hui le sympt\u00f4me le plus<br \/>\ncaract\u00e9ristique du variant XFG, d\u00e9tect\u00e9 massivement au Royaume-Uni<br \/>\net d\u00e9sormais aussi largement pr\u00e9sent en France.<\/p>\n<p data-start=\"2336\" data-end=\"3223\"><strong>Deuxi\u00e8me sympt\u00f4me cl\u00e9<br \/>\ndu variant Frankenstein<\/strong> : <strong>une fatigue marqu\u00e9e et<br \/>\npersistante<\/strong>. Comme l\u2019explique l\u2019agence britannique, \u00ab\u00a0de<br \/>\nnombreuses personnes ressentent des sympt\u00f4mes proches du<br \/>\n<strong>rhume<\/strong>, avec parfois de la <strong>fi\u00e8vre<\/strong>,<br \/>\ndes <strong>frissons<\/strong>, une <strong>toux<\/strong> continue,<br \/>\nun <strong>essoufflement<\/strong>, de la <strong>fatigue<\/strong>,<br \/>\ndes <strong>courbatures<\/strong> ou des <strong>maux de<br \/>\nt\u00eate<\/strong>\u00ab\u00a0. Ce \u00e9puisement inhabituel, qui survient m\u00eame apr\u00e8s<br \/>\nune bonne nuit de sommeil, est souvent l\u2019un des premiers signes<br \/>\nd\u2019infection. Contrairement aux variants pr\u00e9c\u00e9dents, celui-ci touche<br \/>\ndavantage les voies respiratoires sup\u00e9rieures, ce qui explique la<br \/>\n<strong>gorge douloureuse<\/strong> et la <strong>perte de<br \/>\ntonus<\/strong>. En revanche, il entra\u00eene rarement des troubles<br \/>\ngraves, \u00e0 condition d\u2019\u00eatre pris en charge \u00e0 temps. Si ces sympt\u00f4mes<br \/>\napparaissent, les experts recommandent de s\u2019isoler, se tester et<br \/>\n\u00e9viter tout contact avec les personnes fragiles, notamment les<br \/>\nseniors.<\/p>\n<p><img loading=\"lazy\" decoding=\"async\" itemprop=\"thumbnailUrl\" class=\"size-large wp-image-2664719 img-responsive pinit-here\" src=\"https:\/\/www.europesays.com\/fr\/wp-content\/uploads\/2025\/10\/covid-19-le-variant-frankenstein-explose-ce-medecin-vous-supplie-de-faire-ces-3-choses-pour-ne-pas-e.jpeg\" alt=\"&lt;p&gt;Covid-19 : vous pensez \u00eatre infect\u00e9 par le variant Frankenstein ? Voici les 2 sympt\u00f4mes cl\u00e9s \u00e0 surveiller d'urgence&lt;\/p&gt;\" width=\"1024\" height=\"683\" data-pin-media=\"https:\/\/sf2.afcdn.com\/wp-content\/uploads\/aufeminin\/2025\/10\/covid-19-le-variant-frankenstein-explose-ce-medecin-vous-supplie-de-faire-ces-3-choses-pour-ne-pas-etre-contamine-736x491.jpg\"\/><br \/>\n\u00a9 shutterstock<br \/>\n; Propos\u00e9e par FamVeld<\/p>\n<p>Covid-19 : faut-il se faire<br \/>\nvacciner contre le variant Frankenstein ?<\/p>\n<p data-start=\"3230\" data-end=\"4124\">Alors que le <strong>variant<br \/>\nFrankenstein<\/strong> gagne du terrain, la France vient tout juste<br \/>\nde lancer sa <a href=\"https:\/\/www.aufeminin.com\/societe\/grippe-la-campagne-de-vaccination-debute-ce-mardi-voici-les-10-departements-les-plus-touches-2666633.html\" target=\"_blank\" rel=\"noopener\"><br \/>\n<strong>campagne de vaccination automnale contre la grippe et le<br \/>\nCovid-19<\/strong><\/a>. Depuis ce mardi 14 octobre 2025, pr\u00e8s de 19<br \/>\nmillions de Fran\u00e7ais peuvent se faire vacciner gratuitement,<br \/>\nindique <a href=\"https:\/\/www.bfmtv.com\/sante\/vaccination-grippe-et-covid-19-tout-savoir-sur-la-campagne-qui-debute-ce-mardi_AD-202510140025.html\" target=\"_blank\" rel=\"nofollow noopener\">BFMTV<\/a>. Les autorit\u00e9s<br \/>\nsanitaires encouragent \u00e0 recevoir les deux vaccins en m\u00eame temps,<br \/>\nafin de renforcer la protection des plus fragiles. Selon<br \/>\nl\u2019Assurance maladie, <strong>\u00ab\u00a0le vaccin contre la grippe et celui<br \/>\ncontre le Covid-19 peuvent \u00eatre administr\u00e9s le m\u00eame jour\u00a0\u00bb<\/strong>.<br \/>\nQui sont les premi\u00e8res personnes \u00e9ligibles ?<\/p>\n<ul>\n<li data-start=\"3230\" data-end=\"4124\">Les <strong>personnes \u00e2g\u00e9es<br \/>\n(65 ans et plus)<\/strong><\/li>\n<li data-start=\"3230\" data-end=\"4124\">Les <strong>malades<br \/>\nchroniques<\/strong><\/li>\n<li data-start=\"3230\" data-end=\"4124\">Les <strong>personnes<br \/>\nsouffrant d&rsquo;ob\u00e9sit\u00e9<\/strong><\/li>\n<li data-start=\"3230\" data-end=\"4124\">Les <strong>femmes<br \/>\nenceintes<\/strong><\/li>\n<li data-start=\"3230\" data-end=\"4124\">Les <strong>personnes<br \/>\ns\u00e9journant dans un \u00e9tablissement de soins de suite ou dans un<br \/>\n\u00e9tablissement m\u00e9dicosocial d\u2019h\u00e9bergement<\/strong><\/li>\n<li data-start=\"3230\" data-end=\"4124\">Les<br \/>\n<strong>soignants<\/strong><\/li>\n<\/ul>\n<p data-start=\"3230\" data-end=\"4124\">En cas de fi\u00e8vre ou de maladie<br \/>\naigu\u00eb, il est toutefois conseill\u00e9 de reporter la vaccination.<br \/>\nL\u2019objectif : \u00e9viter un double impact grippe\/Covid cet hiver, alors<br \/>\nque le <strong>variant Frankenstein<\/strong> poursuit sa<br \/>\nprogression rapide sur le territoire.<\/p>\n<p data-start=\"4131\" data-end=\"4881\">Enfin, les autorit\u00e9s<br \/>\nrappellent qu\u2019il est \u00ab\u00a0normal et attendu que les virus changent avec<br \/>\nle temps\u00a0\u00bb, comme l\u2019a pr\u00e9cis\u00e9 l\u2019UKHSA. Ce m\u00e9lange g\u00e9n\u00e9tique qui a<br \/>\ndonn\u00e9 naissance au <strong>variant Frankenstein<\/strong> n\u2019est donc<br \/>\npas une surprise pour les chercheurs. Mais il confirme que le<br \/>\n<strong>Covid-19<\/strong> continue d\u2019\u00e9voluer et qu\u2019une vigilance<br \/>\nconstante reste n\u00e9cessaire. Si la situation est aujourd\u2019hui sous<br \/>\ncontr\u00f4le, ce variant rappelle que la <strong>pand\u00e9mie<\/strong><br \/>\nn\u2019est pas totalement derri\u00e8re nous. La meilleure arme reste la<br \/>\n<strong>vaccination<\/strong>, coupl\u00e9e aux bons r\u00e9flexes :<br \/>\n<strong>tester, isoler, prot\u00e9ger<\/strong>. En cas de gorge<br \/>\ndouloureuse ou de fatigue intense, mieux vaut ne pas attendre :<br \/>\n<strong>un test rapide permet de lever le doute et d\u2019\u00e9viter de<br \/>\ncontaminer son entourage<\/strong>.<\/p>\n","protected":false},"excerpt":{"rendered":"Depuis quelques semaines, le variant Frankenstein du Covid-19, descendant direct d\u2019Omicron, fait parler de lui dans l&rsquo;Hexagone. Plus&hellip;\n","protected":false},"author":2,"featured_media":465382,"comment_status":"","ping_status":"","sticky":false,"template":"","format":"standard","meta":{"footnotes":""},"categories":[10],"tags":[4400,1011,27,72,226,71,29765,773,5336],"class_list":{"0":"post-465381","1":"post","2":"type-post","3":"status-publish","4":"format-standard","5":"has-post-thumbnail","7":"category-sante","8":"tag-covid","9":"tag-fr","10":"tag-france","11":"tag-health","12":"tag-maladie","13":"tag-sante","14":"tag-symptomes","15":"tag-vaccin","16":"tag-virus"},"share_on_mastodon":{"url":"https:\/\/pubeurope.com\/@fr\/115379295755738422","error":""},"_links":{"self":[{"href":"https:\/\/www.europesays.com\/fr\/wp-json\/wp\/v2\/posts\/465381","targetHints":{"allow":["GET"]}}],"collection":[{"href":"https:\/\/www.europesays.com\/fr\/wp-json\/wp\/v2\/posts"}],"about":[{"href":"https:\/\/www.europesays.com\/fr\/wp-json\/wp\/v2\/types\/post"}],"author":[{"embeddable":true,"href":"https:\/\/www.europesays.com\/fr\/wp-json\/wp\/v2\/users\/2"}],"replies":[{"embeddable":true,"href":"https:\/\/www.europesays.com\/fr\/wp-json\/wp\/v2\/comments?post=465381"}],"version-history":[{"count":0,"href":"https:\/\/www.europesays.com\/fr\/wp-json\/wp\/v2\/posts\/465381\/revisions"}],"wp:featuredmedia":[{"embeddable":true,"href":"https:\/\/www.europesays.com\/fr\/wp-json\/wp\/v2\/media\/465382"}],"wp:attachment":[{"href":"https:\/\/www.europesays.com\/fr\/wp-json\/wp\/v2\/media?parent=465381"}],"wp:term":[{"taxonomy":"category","embeddable":true,"href":"https:\/\/www.europesays.com\/fr\/wp-json\/wp\/v2\/categories?post=465381"},{"taxonomy":"post_tag","embeddable":true,"href":"https:\/\/www.europesays.com\/fr\/wp-json\/wp\/v2\/tags?post=465381"}],"curies":[{"name":"wp","href":"https:\/\/api.w.org\/{rel}","templated":true}]}}