{"id":465387,"date":"2025-10-15T17:13:23","date_gmt":"2025-10-15T17:13:23","guid":{"rendered":"https:\/\/www.europesays.com\/fr\/465387\/"},"modified":"2025-10-15T17:13:23","modified_gmt":"2025-10-15T17:13:23","slug":"enorme-batterie-etancheite-de-choc-et-fiche-technique-complete","status":"publish","type":"post","link":"https:\/\/www.europesays.com\/fr\/465387\/","title":{"rendered":"\u00e9norme batterie, \u00e9tanch\u00e9it\u00e9 de choc et fiche technique compl\u00e8te"},"content":{"rendered":"<p>On pensait que son nom serait Edge 70, le smartphone ultra-fin de Motorola vient d\u2019\u00eatre officialis\u00e9 en Chine sous le nom de Moto X70 Air. <\/p>\n<p><a target=\"_blank\" href=\"https:\/\/images.frandroid.com\/wp-content\/uploads\/2025\/10\/motorola-moto-x70-air-5.jpg\" class=\"article-content__figure\" rel=\"nofollow noopener\"><img fetchpriority=\"high\" decoding=\"async\" loading=\"eager\" width=\"800\" height=\"800\" src=\"https:\/\/www.europesays.com\/fr\/wp-content\/uploads\/2025\/10\/motorola-moto-x70-air-5.jpg\" alt=\"\" class=\"wp-image-2831623 wp-image wp-image\"  \/><\/a>Motorola moto X70 Air \/\/ Source : Motorola<\/p>\n<p><a target=\"_blank\" href=\"https:\/\/item.lenovo.com.cn\/product\/1049827.html\" rel=\"nofollow noopener\">Lenovo, la maison m\u00e8re de Motorola, a list\u00e9 le <strong>Moto X70 Air<\/strong> sur son site chinois<\/a>, confirmant l\u2019arriv\u00e9e imminente de son smartphone ultra-fin. <a href=\"https:\/\/www.frandroid.com\/marques\/motorola\/2825571_liphone-air-et-le-s25-edge-sont-battus-par-ce-smartphone-sorti-de-nulle-part\" rel=\"nofollow noopener\" target=\"_blank\">Cette officialisation l\u00e8ve le voile sur une fiche technique compl\u00e8te qui non seulement confirme les promesses<\/a>, mais ajoute d\u2019excellentes surprises.<\/p>\n<p>Premi\u00e8re d\u2019entre elles, l\u2019\u00e9paisseur du produit : 5,3 mm. C\u2019est tout simplement le smartphone le plus fin du monde, plus encore que l\u2019iPhone Air (5,64 mm) et le Galaxy S25 Edge (5,8 mm). M\u00eame sur le poids, le Moto X70 Air fait mieux avec 159 grammes sur la balance.<\/p>\n<p>Une durabilit\u00e9 et un \u00e9cran qui surprennent<\/p>\n<p>La premi\u00e8re crainte avec un smartphone aussi fin et l\u00e9ger, c\u2019est sa fragilit\u00e9. Motorola semble avoir pris ce point au s\u00e9rieux. L\u2019appareil est con\u00e7u avec un <strong>cadre en m\u00e9tal renforc\u00e9<\/strong> pr\u00e9vu pour survivre aux chutes sous diff\u00e9rents angles. Mieux encore, il b\u00e9n\u00e9ficie des certifications <strong>IP68<\/strong> et <strong>IP69<\/strong>, garantissant non seulement une immersion dans l\u2019eau, mais aussi une r\u00e9sistance contre les jets d\u2019eau chaude \u00e0 haute pression.<\/p>\n<p>                <img decoding=\"async\" width=\"1200\" height=\"446\" loading=\"lazy\" alt=\"Xiaomi\" title=\"Xiaomi\" class=\"is-radiusless placeholder-default wp-image\" src=\"https:\/\/www.europesays.com\/fr\/wp-content\/uploads\/2025\/10\/xiaomi-1-1200x446.jpg\" \/>            <\/p>\n<p>\n                    5 Jours 5G : Xiaomi 15T Pro en promotion chez Orange                <\/p>\n<p class=\"has-text-weight-medium is-size-6 is-line-height-normal\">\n                    Profitez d\u2019une remise imm\u00e9diate de 100\u20ac et d\u2019un bonus reprise de 200\u20ac, la Xiaomi Watch 2 pour seulement 99\u20ac ainsi que d\u2019une offre de remboursement sur l\u2019\u00e9cosyst\u00e8me Xiaomi chez Orange.                <\/p>\n<p><a target=\"_blank\" href=\"https:\/\/www.europesays.com\/fr\/wp-content\/uploads\/2025\/10\/capture-decran-2025-10-14-a-170922.png\" class=\"article-content__figure\"><img loading=\"lazy\" decoding=\"async\" width=\"1029\" height=\"386\" src=\"https:\/\/www.europesays.com\/fr\/wp-content\/uploads\/2025\/10\/capture-decran-2025-10-14-a-170922.png\" alt=\"\" class=\"wp-image-2831611 wp-image\"  \/><\/a>Motorola moto X70 Air \/\/ Source : Motorola<\/p>\n<p>L\u2019\u00e9cran n\u2019est pas en reste. Le Moto X70 Air est \u00e9quip\u00e9 d\u2019une dalle <strong>OLED plate<\/strong> de <strong>6,7 pouces<\/strong> avec un taux de rafra\u00eechissement de <strong>120 Hz<\/strong>. Sa particularit\u00e9, c\u2019est son pic de luminosit\u00e9 annonc\u00e9 \u00e0 <strong>4500 nits<\/strong>, une valeur extr\u00eamement \u00e9lev\u00e9e que l\u2019on aimerait bien voir se v\u00e9rifier sous notre sonde. L\u2019\u00e9cran abrite \u00e9galement un lecteur d\u2019empreintes digitales et un poin\u00e7on pour la cam\u00e9ra selfie de <strong>50 Mpx<\/strong>.<\/p>\n<p><a target=\"_blank\" href=\"https:\/\/www.europesays.com\/fr\/wp-content\/uploads\/2025\/10\/motorola-moto-x70-air-1.jpg\" class=\"article-content__figure\"><img loading=\"lazy\" decoding=\"async\" width=\"800\" height=\"800\" src=\"https:\/\/www.europesays.com\/fr\/wp-content\/uploads\/2025\/10\/motorola-moto-x70-air-1.jpg\" alt=\"\" class=\"wp-image-2831621 wp-image\"  \/><\/a>Motorola moto X70 Air \/\/ Source : Motorola<\/p>\n<p>Une fiche technique de haut vol<\/p>\n<p>La promesse d\u2019une batterie de <strong>4800 mAh<\/strong> avec une charge filaire de <strong>68W<\/strong> est bien confirm\u00e9e. Mais la fiche technique r\u00e9v\u00e8le un autre atout : une compatibilit\u00e9 avec la <strong>charge sans fil de 15W<\/strong>.<\/p>\n<p>Le smartphone est propuls\u00e9 par le processeur <strong>Snapdragon 7 Gen 4<\/strong>, une puce de milieu de gamme performante, refroidie par une chambre \u00e0 vapeur. <\/p>\n<p>C\u00f4t\u00e9 photo, le module arri\u00e8re se compose d\u2019un capteur principal de <strong>50 Mpx<\/strong> (d\u2019origine Samsung) et d\u2019un ultra grand-angle de <strong>50 Mpx<\/strong> \u00e9galement, avec un champ de vision de 120\u00b0. <\/p>\n<p><a target=\"_blank\" href=\"https:\/\/www.europesays.com\/fr\/wp-content\/uploads\/2025\/10\/capture-decran-2025-10-14-a-170935.png\" class=\"article-content__figure\"><img loading=\"lazy\" decoding=\"async\" width=\"1027\" height=\"444\" src=\"https:\/\/www.europesays.com\/fr\/wp-content\/uploads\/2025\/10\/capture-decran-2025-10-14-a-170935.png\" alt=\"\" class=\"wp-image-2831613 wp-image\"  \/><\/a>Motorola moto X70 Air \/\/ Source : Motorola<\/p>\n<p>Les trois coloris Pantone (Gadget Gray, Lily Pad, Bronze Green) sont confirm\u00e9s, avec des touches de couleur sur les anneaux des cam\u00e9ras et le bouton d\u2019alimentation.<\/p>\n<p>Il sera disponible en deux configurations : <strong>12 Go de RAM<\/strong> avec <strong>256 Go de stockage<\/strong> ou <strong>12 Go de RAM<\/strong> avec <strong>512 Go de stockage<\/strong>. <\/p>\n<p>La seule information majeure manquante reste le prix. Avec une telle fiche technique, Motorola pourrait bien faire un joli coup en proposant sa version du smartphone ultrafin \u00e0 bien moins de 1000 euros, damant le pion \u00e0 Samsung et Apple. R\u00e9ponse le 31 octobre, jour de la pr\u00e9sentation officielle du Moto X70 Air.<\/p>\n","protected":false},"excerpt":{"rendered":"On pensait que son nom serait Edge 70, le smartphone ultra-fin de Motorola vient d\u2019\u00eatre officialis\u00e9 en Chine&hellip;\n","protected":false},"author":2,"featured_media":465388,"comment_status":"","ping_status":"","sticky":false,"template":"","format":"standard","meta":{"footnotes":""},"categories":[7],"tags":[1011,27,58911,58912,43,40,41,39,42,44],"class_list":{"0":"post-465387","1":"post","2":"type-post","3":"status-publish","4":"format-standard","5":"has-post-thumbnail","7":"category-sciences-et-technologies","8":"tag-fr","9":"tag-france","10":"tag-motorola-edge-70","11":"tag-motorola-moto-x70-air","12":"tag-science","13":"tag-science-and-technology","14":"tag-sciences","15":"tag-sciences-et-technologies","16":"tag-technologies","17":"tag-technology"},"share_on_mastodon":{"url":"https:\/\/pubeurope.com\/@fr\/115379307337322968","error":""},"_links":{"self":[{"href":"https:\/\/www.europesays.com\/fr\/wp-json\/wp\/v2\/posts\/465387","targetHints":{"allow":["GET"]}}],"collection":[{"href":"https:\/\/www.europesays.com\/fr\/wp-json\/wp\/v2\/posts"}],"about":[{"href":"https:\/\/www.europesays.com\/fr\/wp-json\/wp\/v2\/types\/post"}],"author":[{"embeddable":true,"href":"https:\/\/www.europesays.com\/fr\/wp-json\/wp\/v2\/users\/2"}],"replies":[{"embeddable":true,"href":"https:\/\/www.europesays.com\/fr\/wp-json\/wp\/v2\/comments?post=465387"}],"version-history":[{"count":0,"href":"https:\/\/www.europesays.com\/fr\/wp-json\/wp\/v2\/posts\/465387\/revisions"}],"wp:featuredmedia":[{"embeddable":true,"href":"https:\/\/www.europesays.com\/fr\/wp-json\/wp\/v2\/media\/465388"}],"wp:attachment":[{"href":"https:\/\/www.europesays.com\/fr\/wp-json\/wp\/v2\/media?parent=465387"}],"wp:term":[{"taxonomy":"category","embeddable":true,"href":"https:\/\/www.europesays.com\/fr\/wp-json\/wp\/v2\/categories?post=465387"},{"taxonomy":"post_tag","embeddable":true,"href":"https:\/\/www.europesays.com\/fr\/wp-json\/wp\/v2\/tags?post=465387"}],"curies":[{"name":"wp","href":"https:\/\/api.w.org\/{rel}","templated":true}]}}