{"id":465401,"date":"2025-10-15T17:20:33","date_gmt":"2025-10-15T17:20:33","guid":{"rendered":"https:\/\/www.europesays.com\/fr\/465401\/"},"modified":"2025-10-15T17:20:33","modified_gmt":"2025-10-15T17:20:33","slug":"nancy-des-militantes-relancent-le-planning-familial-54-pour-defendre-les-droits-des-femmes","status":"publish","type":"post","link":"https:\/\/www.europesays.com\/fr\/465401\/","title":{"rendered":"Nancy. Des militantes relancent le Planning Familial 54 pour d\u00e9fendre les droits des femmes"},"content":{"rendered":"<blockquote class=\"question\"><p><strong>Emma Chenu, apr\u00e8s quinze ann\u00e9es de fermeture, vous assumez avec Astrid Toussaint la copr\u00e9sidence du Planning Familial 54. Pourquoi le r\u00e9activer\u00a0?<\/strong><\/p><\/blockquote>\n<p>\u00ab\u00a0Les droits des femmes sont attaqu\u00e9s de toute part, dans l\u2019Am\u00e9rique de Trump bien s\u00fbr, mais m\u00eame en Europe. La vigilance est donc d\u2019une absolue n\u00e9cessit\u00e9. Il y a urgence. Des militantes f\u00e9ministes des ann\u00e9es 70-80 ont alors d\u00e9cid\u00e9 de r\u00e9instaurer un Planning Familial \u00e0 Nancy qui fonctionne depuis juin dernier.\u00a0\u00bb<\/p>\n<blockquote class=\"question\"><p><strong>Et port\u00e9 par qui aujourd\u2019hui\u00a0?<\/strong><\/p><\/blockquote>\n<p>\u00ab\u00a0\u00c0 ce jour, nous sommes 27 b\u00e9n\u00e9voles, avec une nouvelle pr\u00e9sidence, o\u00f9 les jeunes g\u00e9n\u00e9rations trouvent aussi leur place. Mais c\u2019est encore en structuration, parce qu\u2019il n\u2019est pas question de tenir une permanence sans une formation tr\u00e8s solide. Or ces formations, ce sont nous qui les finan\u00e7ons. \u2026 Elles sont dispens\u00e9es au sein d\u2019antennes professionnalis\u00e9es du Planning Familial, dont la sp\u00e9cificit\u00e9 est l\u2019approche inclusive des genres et la\u00efque, pr\u00e9cision fondamentale.\u00a0\u00bb<\/p>\n<blockquote class=\"question\"><p><strong>Que proposez-vous lors de ces permanences\u00a0?<\/strong><\/p><\/blockquote>\n<p>\u00ab\u00a0Pour l\u2019instant, notre principale action, c\u2019est d\u2019orienter les personnes en qu\u00eate d\u2019information sur leur sant\u00e9 sexuelle, ou qui subissent des violences (sexuelles et autres), ou qui s\u2019interrogent sur l\u2019<a href=\"https:\/\/www.estrepublicain.fr\/sante\/2025\/01\/17\/50-ans-apres-la-loi-veil-ou-en-est-l-acces-a-l-ivg-en-lorraine\" target=\"_blank\" rel=\"noopener\">IVG<\/a>, vers les diff\u00e9rentes associations et organismes ad hoc. De sorte qu\u2019elles puissent acc\u00e9der \u00e0 leurs droits. \u00c0 terme, quand nous serons parfaitement pr\u00eates, nous pourrons nous permettre de leur fournir cette information directement. Et les besoins en la mati\u00e8re sont aigus.\u00a0\u00bb<\/p>\n<blockquote class=\"question\"><p><strong>Ces informations ne sont-elles pas d\u00e9j\u00e0 accessibles dans les diverses structures publiques\u00a0?<\/strong><\/p><\/blockquote>\n<p>\u00ab\u00a0Sinc\u00e8rement, je d\u00e9fendrai le service public jusqu\u2019\u00e0 ma mort. Mais le fait est qu\u2019on n\u2019y est pas toujours tr\u00e8s bien accueilli, notamment pour l\u2019IVG. Ne serait-ce que par manque de moyens. C\u2019est pourquoi, si n\u00e9cessaire, on n\u2019h\u00e9site pas \u00e0 renvoyer les personnes vers des associations ou structures semi-priv\u00e9es qui n\u2019ont aucun a priori sur le genre ou l\u2019orientation sexuelle. Des sages-femmes, par exemple.\u00a0\u00bb<\/p>\n<blockquote class=\"question\"><p><strong>Ce qui confirme votre approche militante\u2026<\/strong><\/p><\/blockquote>\n<p>\u00ab\u00a0Absolument. Et plus inclusif. On accueille tout le monde, c\u2019est anonymis\u00e9 (on ne tient aucune fiche) et inconditionnel (ce qui inclut les sans-papiers). Et gratuit\u00a0! Et on y consid\u00e8re les personnes accueillies dans leur globalit\u00e9 et toute leur complexit\u00e9.\u00a0\u00bb<\/p>\n<blockquote class=\"question\"><p><strong>Prendre une adh\u00e9sion implique-t-il n\u00e9cessairement qu\u2019on soit b\u00e9n\u00e9vole\u00a0?<\/strong><\/p><\/blockquote>\n<p>\u00ab\u00a0Non, pas du tout. En revanche, \u00e7a implique qu\u2019on partage nos valeurs. Et plus on aura d\u2019adh\u00e9sions (20\u00a0\u20ac \u00e0 l\u2019ann\u00e9e), plus on p\u00e8sera lourd, ce qui nous aidera aussi \u00e0 trouver des subventions.\u00a0\u00bb<\/p>\n<blockquote class=\"question\"><p><strong>\u00c0 quel rythme tenez-vous ces permanences\u00a0?<\/strong><\/p><\/blockquote>\n<p>\u00ab\u00a0Aujourd\u2019hui, on a 3 permanences de 2 heures par semaine, dans des locaux mis g\u00e9n\u00e9reusement \u00e0 disposition par l\u2019<a href=\"https:\/\/www.estrepublicain.fr\/politique\/2025\/06\/11\/l-union-locale-cgt-nancy-collecte-la-memoire\" target=\"_blank\" rel=\"noopener\">UL-CGT<\/a>. Mais c\u2019est trop peu. Et on est appel\u00e9es \u00e0 monter en charge. Seulement, on ne peut pas s\u2019appeler Planning Familial sur un claquement de doigts, on doit faire les choses parfaitement. Or la charge administrative est colossale. Il nous faudrait des fonds pour pouvoir salarier quelqu\u2019un qui assume cette t\u00e2che.\u00a0\u00bb<\/p>\n<blockquote class=\"question\"><p><strong>Quels sont vos projets \u00e0 court terme\u00a0?<\/strong><\/p><\/blockquote>\n<p>\u00ab\u00a0Lancer, d\u00e8s la rentr\u00e9e 2026, des interventions de pr\u00e9vention et promotion en contraception \u00e0 des groupes de femmes, en partenariat avec des associations sociales et <a href=\"https:\/\/www.estrepublicain.fr\/social\/2024\/11\/26\/la-future-maison-des-femmes-a-son-association\" target=\"_blank\" rel=\"noopener\">la future Maison des Femmes<\/a>. Par ailleurs, nous avons re\u00e7u des demandes de plusieurs \u00e9tablissements scolaires de la r\u00e9gion. Malheureusement, nos fonds ne sont pas suffisants actuellement pour former beaucoup de b\u00e9n\u00e9voles donc cela risque de commencer doucement. Et ce, malgr\u00e9 l\u2019urgence.\u00a0\u00bb<\/p>\n","protected":false},"excerpt":{"rendered":"Emma Chenu, apr\u00e8s quinze ann\u00e9es de fermeture, vous assumez avec Astrid Toussaint la copr\u00e9sidence du Planning Familial 54.&hellip;\n","protected":false},"author":2,"featured_media":465402,"comment_status":"","ping_status":"","sticky":false,"template":"","format":"standard","meta":{"footnotes":""},"categories":[9635],"tags":[1111,11,1707,1704,1706,1705,1777,674,6757,1011,27,775,1702,1703,12,25,104],"class_list":{"0":"post-465401","1":"post","2":"type-post","3":"status-publish","4":"format-standard","5":"has-post-thumbnail","7":"category-nancy","8":"tag-actu","9":"tag-actualites","10":"tag-edition-luneville","11":"tag-edition-nancy-et-agglomeration","12":"tag-edition-pont-a-mousson","13":"tag-edition-toul","14":"tag-eu","15":"tag-europe","16":"tag-feminisme","17":"tag-fr","18":"tag-france","19":"tag-grand-est","20":"tag-nancy","21":"tag-nancy-ville-54b","22":"tag-news","23":"tag-republique-francaise","24":"tag-societe"},"share_on_mastodon":{"url":"https:\/\/pubeurope.com\/@fr\/115379334426486020","error":""},"_links":{"self":[{"href":"https:\/\/www.europesays.com\/fr\/wp-json\/wp\/v2\/posts\/465401","targetHints":{"allow":["GET"]}}],"collection":[{"href":"https:\/\/www.europesays.com\/fr\/wp-json\/wp\/v2\/posts"}],"about":[{"href":"https:\/\/www.europesays.com\/fr\/wp-json\/wp\/v2\/types\/post"}],"author":[{"embeddable":true,"href":"https:\/\/www.europesays.com\/fr\/wp-json\/wp\/v2\/users\/2"}],"replies":[{"embeddable":true,"href":"https:\/\/www.europesays.com\/fr\/wp-json\/wp\/v2\/comments?post=465401"}],"version-history":[{"count":0,"href":"https:\/\/www.europesays.com\/fr\/wp-json\/wp\/v2\/posts\/465401\/revisions"}],"wp:featuredmedia":[{"embeddable":true,"href":"https:\/\/www.europesays.com\/fr\/wp-json\/wp\/v2\/media\/465402"}],"wp:attachment":[{"href":"https:\/\/www.europesays.com\/fr\/wp-json\/wp\/v2\/media?parent=465401"}],"wp:term":[{"taxonomy":"category","embeddable":true,"href":"https:\/\/www.europesays.com\/fr\/wp-json\/wp\/v2\/categories?post=465401"},{"taxonomy":"post_tag","embeddable":true,"href":"https:\/\/www.europesays.com\/fr\/wp-json\/wp\/v2\/tags?post=465401"}],"curies":[{"name":"wp","href":"https:\/\/api.w.org\/{rel}","templated":true}]}}