{"id":465419,"date":"2025-10-15T17:29:12","date_gmt":"2025-10-15T17:29:12","guid":{"rendered":"https:\/\/www.europesays.com\/fr\/465419\/"},"modified":"2025-10-15T17:29:12","modified_gmt":"2025-10-15T17:29:12","slug":"grenoble-preparer-et-feter-halloween-a-la-casemate","status":"publish","type":"post","link":"https:\/\/www.europesays.com\/fr\/465419\/","title":{"rendered":"Grenoble. Pr\u00e9parer et f\u00eater Halloween \u00e0 La Casemate"},"content":{"rendered":"<p>Pendant les vacances de la Toussaint, La Casemate proposera de nombreux ateliers pour petits et grands. Le premier a lieu ce samedi 18\u00a0octobre de 14\u00a0h\u00a030 \u00e0 17\u00a0h\u00a030 sur le th\u00e8me \u201cCasse-t\u00eate animaux pentastiques\u201d (pour les 6-9 ans avec un accompagnant). Le but sera de fabriquer son propre puzzle en bois et son sac de rangement personnalis\u00e9. D\u2019autres ateliers sont programm\u00e9s \u00e0 La Casemate pendant les vacances scolaires, il reste quelques places.<\/p>\n<p class=\"note\">La Casemate. 2, place Saint- Laurent. Site : lacasemate.fr<\/p>\n","protected":false},"excerpt":{"rendered":"Pendant les vacances de la Toussaint, La Casemate proposera de nombreux ateliers pour petits et grands. Le premier&hellip;\n","protected":false},"author":2,"featured_media":465420,"comment_status":"","ping_status":"","sticky":false,"template":"","format":"standard","meta":{"footnotes":""},"categories":[9566],"tags":[1111,11,2430,1687,112,1777,674,1011,27,2731,2732,12,25],"class_list":{"0":"post-465419","1":"post","2":"type-post","3":"status-publish","4":"format-standard","5":"has-post-thumbnail","7":"category-grenoble","8":"tag-actu","9":"tag-actualites","10":"tag-auvergne-rhone-alpes","11":"tag-culture-loisirs","12":"tag-edition-grenoble-agglomeration","13":"tag-eu","14":"tag-europe","15":"tag-fr","16":"tag-france","17":"tag-grenoble","18":"tag-grenoble-bassin","19":"tag-news","20":"tag-republique-francaise"},"share_on_mastodon":{"url":"https:\/\/pubeurope.com\/@fr\/115379369665668202","error":""},"_links":{"self":[{"href":"https:\/\/www.europesays.com\/fr\/wp-json\/wp\/v2\/posts\/465419","targetHints":{"allow":["GET"]}}],"collection":[{"href":"https:\/\/www.europesays.com\/fr\/wp-json\/wp\/v2\/posts"}],"about":[{"href":"https:\/\/www.europesays.com\/fr\/wp-json\/wp\/v2\/types\/post"}],"author":[{"embeddable":true,"href":"https:\/\/www.europesays.com\/fr\/wp-json\/wp\/v2\/users\/2"}],"replies":[{"embeddable":true,"href":"https:\/\/www.europesays.com\/fr\/wp-json\/wp\/v2\/comments?post=465419"}],"version-history":[{"count":0,"href":"https:\/\/www.europesays.com\/fr\/wp-json\/wp\/v2\/posts\/465419\/revisions"}],"wp:featuredmedia":[{"embeddable":true,"href":"https:\/\/www.europesays.com\/fr\/wp-json\/wp\/v2\/media\/465420"}],"wp:attachment":[{"href":"https:\/\/www.europesays.com\/fr\/wp-json\/wp\/v2\/media?parent=465419"}],"wp:term":[{"taxonomy":"category","embeddable":true,"href":"https:\/\/www.europesays.com\/fr\/wp-json\/wp\/v2\/categories?post=465419"},{"taxonomy":"post_tag","embeddable":true,"href":"https:\/\/www.europesays.com\/fr\/wp-json\/wp\/v2\/tags?post=465419"}],"curies":[{"name":"wp","href":"https:\/\/api.w.org\/{rel}","templated":true}]}}