{"id":465423,"date":"2025-10-15T17:31:21","date_gmt":"2025-10-15T17:31:21","guid":{"rendered":"https:\/\/www.europesays.com\/fr\/465423\/"},"modified":"2025-10-15T17:31:21","modified_gmt":"2025-10-15T17:31:21","slug":"on-ne-va-pas-se-laisser-faire-en-bretagne-cette-medecin-viree-de-sa-banque-sans-aucune-explication","status":"publish","type":"post","link":"https:\/\/www.europesays.com\/fr\/465423\/","title":{"rendered":"\u00ab\u00a0On ne va pas se laisser faire\u00a0\u00bb\u00a0: en Bretagne, cette m\u00e9decin vir\u00e9e de sa banque sans aucune explication"},"content":{"rendered":"<p>\u00ab Nous avons eu le plaisir de d\u00e9tenir vos comptes. Malheureusement, nous sommes contraints de les cl\u00f4turer \u00e0 compter du 5 d\u00e9cembre 2025 \u00bb. Comme r\u00e9v\u00e9l\u00e9 par <a href=\"https:\/\/www.ouest-france.fr\/bretagne\/rennes-35000\/cette-medecin-rennaise-engagee-aupres-des-blesses-a-gaza-se-voit-fermer-ses-comptes-en-banque-5bf07562-a8dc-11f0-bf9e-dc0be67a8d9b\" target=\"_blank\" rel=\"noopener\">Ouest-France<\/a>, c\u2019est par ce bref courrier recommand\u00e9, re\u00e7u le samedi 11 octobre, que Catherine et Lionel Le Scolan ont appris qu\u2019ils allaient devoir fermer leurs comptes bancaires au Cr\u00e9dit Mutuel de Bretagne.<\/p>\n<p>\u00ab On est clients chez eux depuis plus de 20 ans. L\u2019achat de notre maison s\u2019est fait avec eux. On n\u2019a jamais eu le moindre probl\u00e8me \u00bb, relate la quinquag\u00e9naire qui officie comme m\u00e9decin g\u00e9n\u00e9raliste dans le quartier sud-gare.<\/p>\n<p>La r\u00e9ponse de la banque<\/p>\n<p>Sid\u00e9r\u00e9 par l\u2019annonce, le couple se rend dans son agence local du CMB pour demander des explications. \u00ab L\u2019\u00e9change a \u00e9t\u00e9 assez tendu. Personne n\u2019a pu r\u00e9pondre \u00e0 nos questions. On nous a dit qu\u2019il ne fallait pas venir sans rendez-vous. Le service de s\u00e9curit\u00e9 est m\u00eame venu \u00bb, raconte la m\u00e9decin.<\/p>\n<p>Contact\u00e9 par Le T\u00e9l\u00e9gramme, le Cr\u00e9dit Mutuel de Bretagne pr\u00e9cise que \u00ab les comptes ont \u00e9t\u00e9 cl\u00f4tur\u00e9s en raison du non-respect d\u2018exigences r\u00e9glementaires \u00bb refusant d\u2019en dire davantage.<\/p>\n<p>De l\u2019argent transf\u00e9r\u00e9 vers Gaza<\/p>\n<p>Face \u00e0 ce mur, le couple a r\u00e9dig\u00e9 une mise en demeure pour demander \u00e0 l\u2018\u00e9tablissement bancaire de faire marche arri\u00e8re. \u00ab Nous n\u2019avons pas re\u00e7u la moindre information compl\u00e9mentaire \u00bb. Pour Catherine Le Scolan, qui a effectu\u00e9 plusieurs missions humanitaires en Palestine ces derniers mois, la raison semble pourtant toute trouv\u00e9e.<\/p>\n<p>\u00ab On est titulaire d\u2019une cagnotte destin\u00e9e \u00e0 aider une famille gazaouie en difficult\u00e9 en Palestine. On leur a envoy\u00e9 2 500 \u20ac le 16 septembre dernier \u00bb, explique-t-elle. Cet argent, transf\u00e9r\u00e9 alors que la famille recevait un ordre d\u2018\u00e9vacuation, aurait principalement servi \u00e0 l\u2019achat d\u2019une tente \u00e0 usage humanitaire.<\/p>\n<p><img decoding=\"async\" src=\"https:\/\/www.europesays.com\/fr\/wp-content\/uploads\/2025\/10\/68efcf740edb6f49dc04f51e.1.jpeg\" width=\"480\" height=\"300\" class=\"web_golden_m\" loading=\"lazy\" alt=\"La tente qui a permis de mettre \u00e0 l\u2019abri une famille gazaouie en contact avec Catherine Le Scolan.\"\/>La tente qui a permis de mettre \u00e0 l\u2019abri une famille gazaouie en contact avec Catherine Le Scolan. (Photo transmise au T\u00e9l\u00e9gramme)<\/p>\n<p>\u00ab Est-ce que toutes les banques fran\u00e7aises vont d\u00e9sormais interdire aux particuliers de soutenir des familles dans des pays en guerre ? \u00bb, s\u2019interroge la m\u00e9decin. \u00ab Ce qui est certain, c\u2019est qu\u2019on ne va pas se laisser faire \u00bb.<\/p>\n","protected":false},"excerpt":{"rendered":"\u00ab Nous avons eu le plaisir de d\u00e9tenir vos comptes. Malheureusement, nous sommes contraints de les cl\u00f4turer \u00e0&hellip;\n","protected":false},"author":2,"featured_media":465424,"comment_status":"","ping_status":"","sticky":false,"template":"","format":"standard","meta":{"footnotes":""},"categories":[2821],"tags":[1111,11,829,765,1777,674,1011,27,848,12,50972,584,25],"class_list":{"0":"post-465423","1":"post","2":"type-post","3":"status-publish","4":"format-standard","5":"has-post-thumbnail","7":"category-rennes","8":"tag-actu","9":"tag-actualites","10":"tag-bretagne","11":"tag-en-continu","12":"tag-eu","13":"tag-europe","14":"tag-fr","15":"tag-france","16":"tag-ille-et-vilaine","17":"tag-news","18":"tag-newsletter-la-rennes-quotidienne","19":"tag-rennes","20":"tag-republique-francaise"},"share_on_mastodon":{"url":"https:\/\/pubeurope.com\/@fr\/115379377548620054","error":""},"_links":{"self":[{"href":"https:\/\/www.europesays.com\/fr\/wp-json\/wp\/v2\/posts\/465423","targetHints":{"allow":["GET"]}}],"collection":[{"href":"https:\/\/www.europesays.com\/fr\/wp-json\/wp\/v2\/posts"}],"about":[{"href":"https:\/\/www.europesays.com\/fr\/wp-json\/wp\/v2\/types\/post"}],"author":[{"embeddable":true,"href":"https:\/\/www.europesays.com\/fr\/wp-json\/wp\/v2\/users\/2"}],"replies":[{"embeddable":true,"href":"https:\/\/www.europesays.com\/fr\/wp-json\/wp\/v2\/comments?post=465423"}],"version-history":[{"count":0,"href":"https:\/\/www.europesays.com\/fr\/wp-json\/wp\/v2\/posts\/465423\/revisions"}],"wp:featuredmedia":[{"embeddable":true,"href":"https:\/\/www.europesays.com\/fr\/wp-json\/wp\/v2\/media\/465424"}],"wp:attachment":[{"href":"https:\/\/www.europesays.com\/fr\/wp-json\/wp\/v2\/media?parent=465423"}],"wp:term":[{"taxonomy":"category","embeddable":true,"href":"https:\/\/www.europesays.com\/fr\/wp-json\/wp\/v2\/categories?post=465423"},{"taxonomy":"post_tag","embeddable":true,"href":"https:\/\/www.europesays.com\/fr\/wp-json\/wp\/v2\/tags?post=465423"}],"curies":[{"name":"wp","href":"https:\/\/api.w.org\/{rel}","templated":true}]}}