{"id":465433,"date":"2025-10-15T17:37:24","date_gmt":"2025-10-15T17:37:24","guid":{"rendered":"https:\/\/www.europesays.com\/fr\/465433\/"},"modified":"2025-10-15T17:37:24","modified_gmt":"2025-10-15T17:37:24","slug":"une-remorque-posee-en-plein-milieu-du-pont-de-chevire-dans-le-sens-exterieur-du","status":"publish","type":"post","link":"https:\/\/www.europesays.com\/fr\/465433\/","title":{"rendered":"Une remorque \u00ab\u00a0pos\u00e9e\u00a0\u00bb en plein milieu du pont de Chevir\u00e9\u00a0dans le sens ext\u00e9rieur du"},"content":{"rendered":"<p>C\u2019est un cas rare qui vient de se produire sur le pont de Chevir\u00e9 \u00e0 Nantes\u00a0: ce lundi matin 13\u00a0octobre, une remorque s\u2019est d\u00e9croch\u00e9e de son v\u00e9hicule et se retrouve bloqu\u00e9e sur la voie centrale du pont, dans le sens ext\u00e9rieur.<\/p>\n<p>\t<img decoding=\"async\" src=\"https:\/\/www.europesays.com\/fr\/wp-content\/uploads\/2025\/10\/P35519501D7018002G_px_640_.jpg\" alt=\"photo remorque d\u00e9croch\u00e9e en plein milieu du pont de chevir\u00e9 ce lundi matin 13\u00a0octobre 2025.  \u00a9  ouest-france\" width=\"640\" title=\" Remorque d\u00e9croch\u00e9e en plein milieu du pont de Chevir\u00e9 ce lundi matin 13\u00a0octobre 2025.   Ouest-France \"\/><\/p>\n<p class=\"elmt-legende\"> Remorque d\u00e9croch\u00e9e en plein milieu du pont de Chevir\u00e9 ce lundi matin 13\u00a0octobre 2025.   Ouest-France <\/p>\n<p>Heureusement, cet incident ne s\u2019est pas produit \u00e0 une heure de pointe, mais cela complique la circulation sur le p\u00e9riph\u00e9rique nantais. Et une chose est s\u00fbre\u00a0: le conducteur qui a perdu son chargement doit \u00eatre dans l\u2019embarras\u00a0!<\/p>\n<p>Les usagers doivent faire preuve de patience et rester vigilants \u00e0 l\u2019approche du pont.<\/p>\n<p>\u00a0<\/p>\n","protected":false},"excerpt":{"rendered":"C\u2019est un cas rare qui vient de se produire sur le pont de Chevir\u00e9 \u00e0 Nantes\u00a0: ce lundi&hellip;\n","protected":false},"author":2,"featured_media":465434,"comment_status":"","ping_status":"","sticky":false,"template":"","format":"standard","meta":{"footnotes":""},"categories":[2818],"tags":[1111,11,40092,1777,674,4815,1011,27,12413,766,12,2636,4013,5604,58915,28978,25,4071],"class_list":{"0":"post-465433","1":"post","2":"type-post","3":"status-publish","4":"format-standard","5":"has-post-thumbnail","7":"category-nantes","8":"tag-actu","9":"tag-actualites","10":"tag-chevire","11":"tag-eu","12":"tag-europe","13":"tag-exterieur","14":"tag-fr","15":"tag-france","16":"tag-milieu","17":"tag-nantes","18":"tag-news","19":"tag-pays-de-la-loire","20":"tag-peripherique","21":"tag-pont","22":"tag-posee","23":"tag-remorque","24":"tag-republique-francaise","25":"tag-sens"},"share_on_mastodon":{"url":"https:\/\/pubeurope.com\/@fr\/115379401707219842","error":""},"_links":{"self":[{"href":"https:\/\/www.europesays.com\/fr\/wp-json\/wp\/v2\/posts\/465433","targetHints":{"allow":["GET"]}}],"collection":[{"href":"https:\/\/www.europesays.com\/fr\/wp-json\/wp\/v2\/posts"}],"about":[{"href":"https:\/\/www.europesays.com\/fr\/wp-json\/wp\/v2\/types\/post"}],"author":[{"embeddable":true,"href":"https:\/\/www.europesays.com\/fr\/wp-json\/wp\/v2\/users\/2"}],"replies":[{"embeddable":true,"href":"https:\/\/www.europesays.com\/fr\/wp-json\/wp\/v2\/comments?post=465433"}],"version-history":[{"count":0,"href":"https:\/\/www.europesays.com\/fr\/wp-json\/wp\/v2\/posts\/465433\/revisions"}],"wp:featuredmedia":[{"embeddable":true,"href":"https:\/\/www.europesays.com\/fr\/wp-json\/wp\/v2\/media\/465434"}],"wp:attachment":[{"href":"https:\/\/www.europesays.com\/fr\/wp-json\/wp\/v2\/media?parent=465433"}],"wp:term":[{"taxonomy":"category","embeddable":true,"href":"https:\/\/www.europesays.com\/fr\/wp-json\/wp\/v2\/categories?post=465433"},{"taxonomy":"post_tag","embeddable":true,"href":"https:\/\/www.europesays.com\/fr\/wp-json\/wp\/v2\/tags?post=465433"}],"curies":[{"name":"wp","href":"https:\/\/api.w.org\/{rel}","templated":true}]}}