{"id":465437,"date":"2025-10-15T17:39:10","date_gmt":"2025-10-15T17:39:10","guid":{"rendered":"https:\/\/www.europesays.com\/fr\/465437\/"},"modified":"2025-10-15T17:39:10","modified_gmt":"2025-10-15T17:39:10","slug":"une-femme-decede-pres-de-bordeaux-percutee-par-un-train-de-marchandise","status":"publish","type":"post","link":"https:\/\/www.europesays.com\/fr\/465437\/","title":{"rendered":"Une femme d\u00e9c\u00e8de pr\u00e8s de Bordeaux, percut\u00e9e par un train de marchandise"},"content":{"rendered":"<p>            Par<br \/>\n        <strong><br \/>\n            <a href=\"https:\/\/actu.fr\/auteur\/redaction-bordeaux\" title=\"Consulter tous les articles de R\u00e9daction Bordeaux\" rel=\"nofollow noopener\" target=\"_blank\">R\u00e9daction Bordeaux<\/a><br \/>\n        <\/strong><\/p>\n<p>        Publi\u00e9 le<\/p>\n<p>            15 oct. 2025 \u00e0 19h12        <\/p>\n<p>Second drame en Gironde, <a href=\"https:\/\/actu.fr\/nouvelle-aquitaine\/andernos-les-bains_33005\/un-homme-meurt-dans-un-violent-accident-entre-une-voiture-et-un-bus-sur-le-bassin-d-arcachon_63302971.html\" rel=\"nofollow noopener\" target=\"_blank\">ce mercredi 15\u00a0octobre 2025.<\/a> Dans l\u2019apr\u00e8s-midi, une<strong> femme est d\u00e9c\u00e9d\u00e9e<\/strong> dans une collision avec un train au niveau de la gare de <a href=\"https:\/\/actu.fr\/nouvelle-aquitaine\/cenon_33119\" rel=\"nofollow noopener\" target=\"_blank\">Cenon.<\/a>\u00a0Le train qui transportait des marchandises entre <a href=\"https:\/\/actu.fr\/nouvelle-aquitaine\/parempuyre_33312\/pres-de-bordeaux-un-automobiliste-decede-apres-une-collision-avec-un-train_63280944.html\" rel=\"nofollow noopener\" target=\"_blank\">Bordeaux<\/a> et Paris a <strong>percut\u00e9 la pi\u00e9tonne<\/strong> vers 15h30.<\/p>\n<p class=\" wall-content\">La victime, <strong>\u00e2g\u00e9e de 45\u00a0ans,<\/strong> a \u00e9t\u00e9 retrouv\u00e9e morte sur les voies de circulation et a \u00e9t\u00e9 prise en charge par les pompes fun\u00e8bres.<\/p>\n<p class=\" wall-content\">Le train de marchandise a \u00e9t\u00e9 immobilis\u00e9 en pleine voie. Son conducteur, <strong>un homme \u00e2g\u00e9 de 39\u00a0ans<\/strong> en urgence relative, n\u2019a pas requis de transport \u00e0 l\u2019h\u00f4pital.<\/p>\n<p>La circulation des trains perturb\u00e9e<\/p>\n<p class=\" wall-content\">La circulation ferroviaire a \u00e9t\u00e9 <strong>interrompue dans les deux sens<\/strong> le temps des op\u00e9rations. Une cellule d\u2019urgence m\u00e9dico-psychologique, la police nationale et le chef d\u2019incident local \u00e9taient sur les lieux.<\/p>\n<p class=\" wall-content\">Le train de marchandise a pu continuer son trajet vers Paris dans l\u2019apr\u00e8s-midi avec un autre conducteur. Le trafic <strong>entre Bordeaux et Libourne<\/strong> a pu reprendre sur l\u2019ensemble des voies <a href=\"https:\/\/x.com\/TERNouvelleAQ\" rel=\"nofollow\">indiquait la SNCF vers 17h50.<\/a> Des retards restaient \u00e0 pr\u00e9voir.<\/p>\n<p class=\" wall-content\">Personnalisez votre actualit\u00e9 en ajoutant vos villes et m\u00e9dias en favori avec <a href=\"https:\/\/moncompte.actu.fr\" title=\"D\u00e9couvez Mon Actu\" rel=\"nofollow noopener\" data-trk=\"{&quot;cta&quot;:{&quot;action&quot;:&quot;https:\\\/\\\/moncompte.actu.fr&quot;,&quot;category&quot;:&quot;mon compte&quot;,&quot;from&quot;:&quot;article footer&quot;,&quot;name&quot;:&quot;Mon actu&quot;,&quot;type&quot;:&quot;cta&quot;}}\" target=\"_blank\">Mon Actu<\/a>.<\/p>\n","protected":false},"excerpt":{"rendered":"Par R\u00e9daction Bordeaux Publi\u00e9 le 15 oct. 2025 \u00e0 19h12 Second drame en Gironde, ce mercredi 15\u00a0octobre 2025.&hellip;\n","protected":false},"author":2,"featured_media":465438,"comment_status":"","ping_status":"","sticky":false,"template":"","format":"standard","meta":{"footnotes":""},"categories":[2817],"tags":[119,1111,11,1997,1777,674,118,1011,27,12,2219,1311,25,2215],"class_list":{"0":"post-465437","1":"post","2":"type-post","3":"status-publish","4":"format-standard","5":"has-post-thumbnail","7":"category-bordeaux","8":"tag-accident","9":"tag-actu","10":"tag-actualites","11":"tag-bordeaux","12":"tag-eu","13":"tag-europe","14":"tag-faits-divers","15":"tag-fr","16":"tag-france","17":"tag-news","18":"tag-nouvelle-aquitaine","19":"tag-pompiers","20":"tag-republique-francaise","21":"tag-sncf"},"share_on_mastodon":{"url":"https:\/\/pubeurope.com\/@fr\/115379409090176918","error":""},"_links":{"self":[{"href":"https:\/\/www.europesays.com\/fr\/wp-json\/wp\/v2\/posts\/465437","targetHints":{"allow":["GET"]}}],"collection":[{"href":"https:\/\/www.europesays.com\/fr\/wp-json\/wp\/v2\/posts"}],"about":[{"href":"https:\/\/www.europesays.com\/fr\/wp-json\/wp\/v2\/types\/post"}],"author":[{"embeddable":true,"href":"https:\/\/www.europesays.com\/fr\/wp-json\/wp\/v2\/users\/2"}],"replies":[{"embeddable":true,"href":"https:\/\/www.europesays.com\/fr\/wp-json\/wp\/v2\/comments?post=465437"}],"version-history":[{"count":0,"href":"https:\/\/www.europesays.com\/fr\/wp-json\/wp\/v2\/posts\/465437\/revisions"}],"wp:featuredmedia":[{"embeddable":true,"href":"https:\/\/www.europesays.com\/fr\/wp-json\/wp\/v2\/media\/465438"}],"wp:attachment":[{"href":"https:\/\/www.europesays.com\/fr\/wp-json\/wp\/v2\/media?parent=465437"}],"wp:term":[{"taxonomy":"category","embeddable":true,"href":"https:\/\/www.europesays.com\/fr\/wp-json\/wp\/v2\/categories?post=465437"},{"taxonomy":"post_tag","embeddable":true,"href":"https:\/\/www.europesays.com\/fr\/wp-json\/wp\/v2\/tags?post=465437"}],"curies":[{"name":"wp","href":"https:\/\/api.w.org\/{rel}","templated":true}]}}