{"id":465441,"date":"2025-10-15T17:41:11","date_gmt":"2025-10-15T17:41:11","guid":{"rendered":"https:\/\/www.europesays.com\/fr\/465441\/"},"modified":"2025-10-15T17:41:11","modified_gmt":"2025-10-15T17:41:11","slug":"glow-my-period-lentrepreneure-toulousaine-qui-veut-changer-les-regles","status":"publish","type":"post","link":"https:\/\/www.europesays.com\/fr\/465441\/","title":{"rendered":"Glow my period, l&rsquo;entrepreneure toulousaine qui veut changer les r\u00e8gles"},"content":{"rendered":"<p>800 millions dans le monde, 15,5 millions en France. C\u2019est le nombre de femmes qui ont leur r\u00e8gles chaque mois. Un sujet encore tabou que l\u2019entrepreneure toulousaine Zineb Tahir a pris \u00e0 bras-le-corps. \u00ab\u00a0J\u2019ai v\u00e9cu dans la douleur le d\u00e9but de mes r\u00e8gles. Le sujet est encore moins abord\u00e9 facilement au Maroc, o\u00f9 je suis n\u00e9e. Quand je me suis retrouv\u00e9e lors de mes \u00e9tudes, seule \u00e0 Chicago, en plein Covid, j\u2019ai commenc\u00e9 \u00e0 imaginer un projet autour du bien-\u00eatre des femmes lors de leurs menstruations\u00a0\u00bb, r\u00e9sume la fondatrice de Glow my period. La dynamique et cr\u00e9ative jeune femme, qui \u00e9tudie alors l\u2019architecture, r\u00e9alise sa derni\u00e8re ann\u00e9e sous le statut d\u2019<a href=\"https:\/\/www.enseignementsup-recherche.gouv.fr\/fr\/statut-national-etudiant-entrepreneur-46412\" class=\"spip_out\" rel=\"external noopener\" target=\"_blank\">\u00e9tudiant-entrepreneur<\/a>\u00a0[<a href=\"#nb1\" class=\"spip_note\" rel=\"appendix\" title=\"Elle entre alors dans le dispositif P\u00e9pite-Emergence, port\u00e9 par le minist\u00e8re\u00a0(\u2026)\" id=\"nh1\">1<\/a>]. Ce sont les d\u00e9buts de sa start-up qui propose chaque mois des coffrets pour permettre aux femmes de vivre mieux leurs r\u00e8gles. Dans chaque box, cinq produits compl\u00e9mentaires (protections, patch anti-douleur, produits cosm\u00e9tiques, aliments bien-\u00eatre, etc.).<\/p>\n<p>\u00ab\u00a0Nos fournisseurs sont engag\u00e9s \u00e9cologiquement. Ils d\u00e9veloppent des produits les plus bios et les plus locaux possible sans perturbateurs endocriniens. C\u2019est le cas notamment des Petites choses, marque fran\u00e7aise qui nous fournit en protections p\u00e9riodiques\u00a0\u00bb, assure Zineb Tahir. Aujourd\u2019hui, plus d\u2019une centaine de personnes re\u00e7oivent les coffrets de la jeune entreprise toulousaine\u00a0[<a href=\"#nb2\" class=\"spip_note\" rel=\"appendix\" title=\"Il faut compter 45,90 euros pour un coffret. Des offres d\u2019abonnement sont\u00a0(\u2026)\" id=\"nh2\">2<\/a>].<\/p>\n<p>Des distributeurs dans les entreprises et les \u00e9tablissements scolaires<\/p>\n<p> <a href=\"https:\/\/www.touleco.fr\/IMG\/jpg\/8\/4\/9\/zinebtahir-he_le_neressayres_1.jpg\" class=\"spip_doc_lien mediabox\" type=\"image\/jpeg\" target=\"_blank\" rel=\"noopener\"><br \/>\n\t\t<img loading=\"lazy\" decoding=\"async\" src=\"https:\/\/www.europesays.com\/fr\/wp-content\/uploads\/2025\/10\/5752d6e817a2d48a9b307bafb1579f.webp\" width=\"650\" height=\"975\" alt=\"\"\/><\/a><\/p>\n<p>En cet automne 2025, la dirigeante de Glow my period lance une nouvelle offre qui vise les entreprises. \u00ab\u00a0Nous proposons d\u00e9sormais l\u2019installation de distributeurs de protections et de produits pour accompagner les femmes lors de la p\u00e9riode des r\u00e8gles. Pour les entreprises qui ne mettent pas en place de cong\u00e9s menstruels, c\u2019est une mani\u00e8re de montrer qu\u2019elles se pr\u00e9occupent tout de m\u00eame du bien-\u00eatre de leurs collaboratrices. Cela peut rentrer dans leur politique RSE\u00a0\u00bb, poursuit la dirigeante haut-garonnaise, qui d\u00e9taille\u00a0: \u00ab\u00a0Nous allons aussi viser les coll\u00e8ges, les lyc\u00e9es et les facs qui sont d\u00e9sormais oblig\u00e9s de fournir des protections menstruelles \u00e0 leurs \u00e9l\u00e8ves et \u00e9tudiantes.\u00a0\u00bb Elle compte, dans les mois qui viennent, multiplier participations \u00e0 des salons et rendez-vous business pour convaincre dirigeantes et dirigeants toulousains.<\/p>\n<p>Zineb Tabir veut parall\u00e8lement cr\u00e9er des coffrets de plus en plus personnalis\u00e9s qui s\u2019adressent \u00e0 toutes les femmes. \u00ab\u00a0Nous fonctionnons d\u00e9j\u00e0 avec un syst\u00e8me de questionnaire qui permet de cr\u00e9er l\u2019assortiment parfait de produit pour chacune. Mais l\u2019id\u00e9e, c\u2019est d\u2019aller au-del\u00e0 des r\u00e8gles. Nous allons proposer des coffrets pour les femmes en pr\u00e9-m\u00e9nopause, les femmes enceintes et nous r\u00e9fl\u00e9chissons \u00e0 un coffret sp\u00e9cifique pour les femmes souffrant <a href=\"https:\/\/sante.gouv.fr\/soins-et-maladies\/prises-en-charge-specialisees\/endometriose\/\" class=\"spip_out\" rel=\"external noopener\" target=\"_blank\">d\u2019endom\u00e9triose<\/a>. L\u2019objectif c\u2019est d\u2019\u00eatre une soci\u00e9t\u00e9 r\u00e9f\u00e9rente sur le bien-\u00eatre des femmes\u00a0\u00bb, explique avec conviction la cheffe d\u2019entreprise toulousaine. <br class=\"autobr\"\/><br \/>\nMatthias Hardoy<\/p>\n<p>Sur la photo\u00a0: Zineb Tahir, la fondatrice de Glow my period, qui d\u00e9veloppe des coffrets personnalis\u00e9s de produits pour affronter au mieux la p\u00e9riode des r\u00e8gles. Aujourd\u2019hui, sa jeune pousse propose \u00e9galement aux entreprises l\u2019installation de distributeurs de produits menstruels.\u00a0: Cr\u00e9dit\u00a0: H\u00e9l\u00e8ne Ressayres &#8211; Toul\u00c9co.<\/p>\n<p>Notes<\/p>\n<p>[<a href=\"#nh1\" class=\"spip_note\" title=\"Notes 1\" rev=\"appendix\">1<\/a>]\u00a0Elle entre alors dans le dispositif <a href=\"https:\/\/www.pepite-france.fr\/les-projets-pepite-france\/\" class=\"spip_out\" rel=\"external noopener\" target=\"_blank\">P\u00e9pite-Emergence<\/a>, port\u00e9 par le minist\u00e8re de l\u2019Enseignement sup\u00e9rieur et de la recherche. La jeune pousse a aussi \u00e9t\u00e9 accompagn\u00e9e par la Chambre r\u00e9gionale de l\u2019\u00e9conomie sociale et solidaire (Cress).<\/p>\n<p>[<a href=\"#nh2\" class=\"spip_note\" title=\"Notes 2\" rev=\"appendix\">2<\/a>]\u00a0Il faut compter 45,90 euros pour un coffret. Des offres d\u2019abonnement sont propos\u00e9es (trois mois, un an).<\/p>\n","protected":false},"excerpt":{"rendered":"800 millions dans le monde, 15,5 millions en France. C\u2019est le nombre de femmes qui ont leur r\u00e8gles&hellip;\n","protected":false},"author":2,"featured_media":465442,"comment_status":"","ping_status":"","sticky":false,"template":"","format":"standard","meta":{"footnotes":""},"categories":[2816],"tags":[1111,11,4983,58916,1777,674,1011,27,12,2680,25,71,2312],"class_list":{"0":"post-465441","1":"post","2":"type-post","3":"status-publish","4":"format-standard","5":"has-post-thumbnail","7":"category-toulouse","8":"tag-actu","9":"tag-actualites","10":"tag-bien-etre","11":"tag-egalite-professionnelle","12":"tag-eu","13":"tag-europe","14":"tag-fr","15":"tag-france","16":"tag-news","17":"tag-occitanie","18":"tag-republique-francaise","19":"tag-sante","20":"tag-toulouse"},"share_on_mastodon":{"url":"https:\/\/pubeurope.com\/@fr\/115379417030871453","error":""},"_links":{"self":[{"href":"https:\/\/www.europesays.com\/fr\/wp-json\/wp\/v2\/posts\/465441","targetHints":{"allow":["GET"]}}],"collection":[{"href":"https:\/\/www.europesays.com\/fr\/wp-json\/wp\/v2\/posts"}],"about":[{"href":"https:\/\/www.europesays.com\/fr\/wp-json\/wp\/v2\/types\/post"}],"author":[{"embeddable":true,"href":"https:\/\/www.europesays.com\/fr\/wp-json\/wp\/v2\/users\/2"}],"replies":[{"embeddable":true,"href":"https:\/\/www.europesays.com\/fr\/wp-json\/wp\/v2\/comments?post=465441"}],"version-history":[{"count":0,"href":"https:\/\/www.europesays.com\/fr\/wp-json\/wp\/v2\/posts\/465441\/revisions"}],"wp:featuredmedia":[{"embeddable":true,"href":"https:\/\/www.europesays.com\/fr\/wp-json\/wp\/v2\/media\/465442"}],"wp:attachment":[{"href":"https:\/\/www.europesays.com\/fr\/wp-json\/wp\/v2\/media?parent=465441"}],"wp:term":[{"taxonomy":"category","embeddable":true,"href":"https:\/\/www.europesays.com\/fr\/wp-json\/wp\/v2\/categories?post=465441"},{"taxonomy":"post_tag","embeddable":true,"href":"https:\/\/www.europesays.com\/fr\/wp-json\/wp\/v2\/tags?post=465441"}],"curies":[{"name":"wp","href":"https:\/\/api.w.org\/{rel}","templated":true}]}}