{"id":465449,"date":"2025-10-15T17:45:12","date_gmt":"2025-10-15T17:45:12","guid":{"rendered":"https:\/\/www.europesays.com\/fr\/465449\/"},"modified":"2025-10-15T17:45:12","modified_gmt":"2025-10-15T17:45:12","slug":"les-salaries-licencies-par-id-logistics-broyes-par-le-systeme-amazon-attaquent-leur-ex-employeur","status":"publish","type":"post","link":"https:\/\/www.europesays.com\/fr\/465449\/","title":{"rendered":"les salari\u00e9s licenci\u00e9s par ID Logistics, \u00ab\u00a0broy\u00e9s par le syst\u00e8me Amazon\u00a0\u00bb, attaquent leur ex-employeur"},"content":{"rendered":"<p>Un an de bataille, et des questions. Face au cas des ex \u00ab\u00a0<a href=\"https:\/\/www.laprovence.com\/article\/economie\/5376526\/une-certaine-idee-de-la-logistique.html\" target=\"_blank\" rel=\"noopener\">ID Logistics<\/a>\u00ab\u00a0, contraints d\u2019aller travailler dans le Vaucluse alors que leur ex-employeur faisait valoir des difficult\u00e9s \u00e9conomiques apr\u00e8s la perte d\u2019un contrat avec le g\u00e9ant Amazon \u00e0 Marseille, la justice va trancher. <a href=\"https:\/\/www.laprovence.com\/article\/societe\/5755010024973414\/en-greve-depuis-un-mois-les-salaries-marseillais-did-logistics-sous-traitant-d-amazon-optent-pour-le-combat-judiciaire\" target=\"_blank\" rel=\"noopener\">Licenci\u00e9s pour faute grave<\/a> pour ne pas avoir accept\u00e9 la clause de mobilit\u00e9 incluse dans leur contrat, ces salari\u00e9s esp\u00e8rent prouver que leur renvoi \u00ab\u00a0est un licenciement \u00e9conomique d\u00e9guis\u00e9\u00a0\u00bb.<\/p>\n<p>La justice comme ultime recours<\/p>\n<p>Devant le conseil de Prud\u2019hommes de Marseille (7e), la vingtaine de salari\u00e9s se sont r\u00e9unis pour \u00ab\u00a0faire valoir leurs droits\u00a0\u00bb. Accompagn\u00e9s par leur avocate, Mathilde Lant\u00e9, ils ont d\u00e9pos\u00e9 un recours contre ID Logistics, une soci\u00e9t\u00e9 fran\u00e7aise qui g\u00e8re <a href=\"https:\/\/www.laprovence.com\/article\/edition-vaucluse\/4677841\/lentreprise-id-logistics-construit-un-nouveau-siege-a-orgon.html\" target=\"_blank\" rel=\"noopener\">la chaine logistique de plusieurs gros groupes<\/a> comme Nespresso ou Intermarch\u00e9.<\/p>\n<p>En\u00a02024, la fin du contrat avec Amazon marque un tournant pour les salari\u00e9s, qui sont pri\u00e9s de travailler non plus \u00e0 Marseille, <a href=\"https:\/\/www.laprovence.com\/article\/region\/1346856953205614\/a-marseille-50-preparateurs-de-colis-amazon-denoncent-la-fermeture-de-leur-entrepot-et-leur-mutation-forcee-dans-le-vaucluse\" target=\"_blank\" rel=\"noopener\">mais \u00e0 Boll\u00e8ne, \u00e0 136\u00a0kilom\u00e8tres de leur domicile<\/a>. \u00ab\u00a0\u00c0 aucun moment, l\u2019employeur ne nous a propos\u00e9 de prendre en charge les frais de transport depuis chez nous, soit plus de 500\u00a0euros par mois\u00a0\u00bb, ass\u00e8nent les salari\u00e9s sortis de plusieurs mois de gr\u00e8v&#8230;<\/p>\n","protected":false},"excerpt":{"rendered":"Un an de bataille, et des questions. Face au cas des ex \u00ab\u00a0ID Logistics\u00ab\u00a0, contraints d\u2019aller travailler dans&hellip;\n","protected":false},"author":2,"featured_media":465450,"comment_status":"","ping_status":"","sticky":false,"template":"","format":"standard","meta":{"footnotes":""},"categories":[2814],"tags":[17,1111,11,58919,1777,674,1011,27,151,58917,58918,884,12,5912,882,25,7264,104],"class_list":{"0":"post-465449","1":"post","2":"type-post","3":"status-publish","4":"format-standard","5":"has-post-thumbnail","7":"category-marseille","8":"tag-17","9":"tag-actu","10":"tag-actualites","11":"tag-broyes","12":"tag-eu","13":"tag-europe","14":"tag-fr","15":"tag-france","16":"tag-les","17":"tag-licencies","18":"tag-logistics","19":"tag-marseille","20":"tag-news","21":"tag-par","22":"tag-provence-alpes-cote-dazur","23":"tag-republique-francaise","24":"tag-salaries","25":"tag-societe"},"share_on_mastodon":{"url":"https:\/\/pubeurope.com\/@fr\/115379432637122194","error":""},"_links":{"self":[{"href":"https:\/\/www.europesays.com\/fr\/wp-json\/wp\/v2\/posts\/465449","targetHints":{"allow":["GET"]}}],"collection":[{"href":"https:\/\/www.europesays.com\/fr\/wp-json\/wp\/v2\/posts"}],"about":[{"href":"https:\/\/www.europesays.com\/fr\/wp-json\/wp\/v2\/types\/post"}],"author":[{"embeddable":true,"href":"https:\/\/www.europesays.com\/fr\/wp-json\/wp\/v2\/users\/2"}],"replies":[{"embeddable":true,"href":"https:\/\/www.europesays.com\/fr\/wp-json\/wp\/v2\/comments?post=465449"}],"version-history":[{"count":0,"href":"https:\/\/www.europesays.com\/fr\/wp-json\/wp\/v2\/posts\/465449\/revisions"}],"wp:featuredmedia":[{"embeddable":true,"href":"https:\/\/www.europesays.com\/fr\/wp-json\/wp\/v2\/media\/465450"}],"wp:attachment":[{"href":"https:\/\/www.europesays.com\/fr\/wp-json\/wp\/v2\/media?parent=465449"}],"wp:term":[{"taxonomy":"category","embeddable":true,"href":"https:\/\/www.europesays.com\/fr\/wp-json\/wp\/v2\/categories?post=465449"},{"taxonomy":"post_tag","embeddable":true,"href":"https:\/\/www.europesays.com\/fr\/wp-json\/wp\/v2\/tags?post=465449"}],"curies":[{"name":"wp","href":"https:\/\/api.w.org\/{rel}","templated":true}]}}