{"id":465455,"date":"2025-10-15T17:48:16","date_gmt":"2025-10-15T17:48:16","guid":{"rendered":"https:\/\/www.europesays.com\/fr\/465455\/"},"modified":"2025-10-15T17:48:16","modified_gmt":"2025-10-15T17:48:16","slug":"une-centaine-de-personnes-devant-la-prefecture-pour-defendre-le-droit-des-etrangers","status":"publish","type":"post","link":"https:\/\/www.europesays.com\/fr\/465455\/","title":{"rendered":"une centaine de personnes devant la pr\u00e9fecture pour d\u00e9fendre le droit des \u00e9trangers"},"content":{"rendered":"<p>\u00ab\u00a0Ouvrez les guichets\u00a0!\u00a0\u00bb \u00ab\u00a0Pigeons migrants en col\u00e8re\u00a0\u00bb, les banderoles d\u00e9ploy\u00e9es lors du rassemblement organis\u00e9 par le Collectif de soutien aux r\u00e9fugi\u00e9s et migrants 69 et Bouge ta Pref r\u00e9sument parfaitement l\u2019esprit de la mobilisation de ce mercredi en fin d\u2019apr\u00e8s-midi devant la pr\u00e9fecture. Soutenus entre autres par des associations, des syndicats et le Parti communiste, les militants sont venus d\u00e9noncer les probl\u00e8mes de traitement des demandes des titres de s\u00e9jour en attente de traitement par la pr\u00e9fecture.<\/p>\n<p>  \u00ab\u00a0Des braconniers du droit\u00a0\u00bb<\/p>\n<p>Des intervenants ont d\u00e9nonc\u00e9 la prolif\u00e9ration d\u2019officines, \u00e9tablies aussi bien dans la rue que sur Internet, proposant aux \u00e9trangers une aide pour obtenir des papiers. \u00ab\u00a0Des mercenaires, des braconniers du droit profitent de la mis\u00e8re humaine et font payer 1\u00a0000\u00a0euros pour monter un dossier \u00e0 des pauvres gens qui n\u2019y connaissent rien\u00a0\u00bb, fustige un avocat du barreau de Lyon. Qui regrette \u00ab\u00a0le manque d\u2019avocats\u00a0\u00bb pour suivre les proc\u00e9dures et d\u00e9nonce \u00e9galement \u00ab\u00a0l\u2019examen civique de Retailleau qui n\u00e9cessite 80\u00a0% de r\u00e9ponses justes pour obtenir le droit de rester plus d\u2019un an dans notre pays\u00a0\u00bb.<\/p>\n<p>Les collectifs demandent l\u2019ouverture des guichets et des remises de titres de s\u00e9jour simples et rapides. \u00ab\u00a0Il y a urgence, car des personnes se retrouvent en situation irr\u00e9guli\u00e8re, certaines perdent m\u00eame leur emploi \u00e0 cause de la lenteur d\u2019un traitement des dossiers par une pr\u00e9fecture en sous dotation\u00a0\u00bb, pointent du doigt les militants associatifs.<\/p>\n","protected":false},"excerpt":{"rendered":"\u00ab\u00a0Ouvrez les guichets\u00a0!\u00a0\u00bb \u00ab\u00a0Pigeons migrants en col\u00e8re\u00a0\u00bb, les banderoles d\u00e9ploy\u00e9es lors du rassemblement organis\u00e9 par le Collectif de&hellip;\n","protected":false},"author":2,"featured_media":465456,"comment_status":"","ping_status":"","sticky":false,"template":"","format":"standard","meta":{"footnotes":""},"categories":[1889],"tags":[1111,11,2430,9671,2757,1777,674,1011,27,2428,2756,12,25,2429,801,104],"class_list":{"0":"post-465455","1":"post","2":"type-post","3":"status-publish","4":"format-standard","5":"has-post-thumbnail","7":"category-lyon","8":"tag-actu","9":"tag-actualites","10":"tag-auvergne-rhone-alpes","11":"tag-conflit-social","12":"tag-edition-lyon-villeurbanne","13":"tag-eu","14":"tag-europe","15":"tag-fr","16":"tag-france","17":"tag-lyon","18":"tag-lyon-bassin","19":"tag-news","20":"tag-republique-francaise","21":"tag-rhone","22":"tag-social","23":"tag-societe"},"share_on_mastodon":{"url":"https:\/\/pubeurope.com\/@fr\/115379444333197933","error":""},"_links":{"self":[{"href":"https:\/\/www.europesays.com\/fr\/wp-json\/wp\/v2\/posts\/465455","targetHints":{"allow":["GET"]}}],"collection":[{"href":"https:\/\/www.europesays.com\/fr\/wp-json\/wp\/v2\/posts"}],"about":[{"href":"https:\/\/www.europesays.com\/fr\/wp-json\/wp\/v2\/types\/post"}],"author":[{"embeddable":true,"href":"https:\/\/www.europesays.com\/fr\/wp-json\/wp\/v2\/users\/2"}],"replies":[{"embeddable":true,"href":"https:\/\/www.europesays.com\/fr\/wp-json\/wp\/v2\/comments?post=465455"}],"version-history":[{"count":0,"href":"https:\/\/www.europesays.com\/fr\/wp-json\/wp\/v2\/posts\/465455\/revisions"}],"wp:featuredmedia":[{"embeddable":true,"href":"https:\/\/www.europesays.com\/fr\/wp-json\/wp\/v2\/media\/465456"}],"wp:attachment":[{"href":"https:\/\/www.europesays.com\/fr\/wp-json\/wp\/v2\/media?parent=465455"}],"wp:term":[{"taxonomy":"category","embeddable":true,"href":"https:\/\/www.europesays.com\/fr\/wp-json\/wp\/v2\/categories?post=465455"},{"taxonomy":"post_tag","embeddable":true,"href":"https:\/\/www.europesays.com\/fr\/wp-json\/wp\/v2\/tags?post=465455"}],"curies":[{"name":"wp","href":"https:\/\/api.w.org\/{rel}","templated":true}]}}