{"id":465459,"date":"2025-10-15T17:51:15","date_gmt":"2025-10-15T17:51:15","guid":{"rendered":"https:\/\/www.europesays.com\/fr\/465459\/"},"modified":"2025-10-15T17:51:15","modified_gmt":"2025-10-15T17:51:15","slug":"dijon-paris-trajets-rallonges-ou-billet-hors-de-prix-cest-galere-pour-les-usagers","status":"publish","type":"post","link":"https:\/\/www.europesays.com\/fr\/465459\/","title":{"rendered":"Dijon\u2013Paris. Trajets rallong\u00e9s ou billet hors de prix, \u00ab\u00a0c&rsquo;est gal\u00e8re\u00a0\u00bb pour les usagers"},"content":{"rendered":"<p>            Par<br \/>\n        <strong><br \/>\n            <a href=\"https:\/\/actu.fr\/auteur\/nicolas-salaun\" title=\"Consulter tous les articles de Nicolas Salin\" rel=\"nofollow noopener\" target=\"_blank\">Nicolas Salin<\/a><br \/>\n        <\/strong><\/p>\n<p>        Publi\u00e9 le<\/p>\n<p>            15 oct. 2025 \u00e0 16h30        <\/p>\n<p>\u00ab\u00a0C\u2019est<strong> bient\u00f4t fin<\/strong>i !\u00a0\u00bb philosophe \u00c9lodie, une dijonnaise qui voyage souvent entre Dijon et la capitale, rencontr\u00e9 sur le parvis de la gare.<\/p>\n<p class=\" wall-content\">Depuis la fin du mois de juillet, les usagers de la ligne TER <a href=\"https:\/\/actu.fr\/bourgogne-franche-comte\/dijon_21231\" rel=\"nofollow noopener\" target=\"_blank\">Dijon<\/a>\u2013<a href=\"https:\/\/actu.fr\/ile-de-france\/paris_75056\" rel=\"nofollow noopener\" target=\"_blank\">Paris<\/a> doivent faire avec (ou plut\u00f4t sans !) une<strong> interruption quotidienne<\/strong> du trafic ferroviaire. La <a href=\"https:\/\/actu.fr\/tag\/sncf\" rel=\"nofollow noopener\" target=\"_blank\">SNCF<\/a> r\u00e9alise actuellement d\u2019importants <strong>travaux<\/strong> de r\u00e9novation des voies entre l\u2019<a href=\"https:\/\/actu.fr\/bourgogne-franche-comte\/yonne_89\" rel=\"nofollow noopener\" target=\"_blank\">Yonne<\/a> et la <a href=\"https:\/\/actu.fr\/bourgogne-franche-comte\/cote-d-or_21\" rel=\"nofollow noopener\" target=\"_blank\">C\u00f4te-d\u2019Or<\/a>. Cette op\u00e9ration entra\u00eene la mise en place de cars de substitution jusqu\u2019au <strong>5 d\u00e9cembre prochain<\/strong>.<\/p>\n<p>Des trajets plus longs et un confort r\u00e9duit<\/p>\n<p class=\" wall-content\">Chaque jour, entre 9h30 et 17h, les trains sont remplac\u00e9s par des autocars. Ces derniers assurent la liaison entre Dijon, Auxerre et Laroche-Migennes, mais rallongent consid\u00e9rablement la dur\u00e9e du voyage.<\/p>\n<p class=\" wall-content\">\u00ab\u00a0Normalement, je paye environ 27 euros et je mets <strong>trois heures<\/strong> pour faire Dijon\u2013Paris. Aujourd\u2019hui, \u00e7a me prend <strong>presque cinq heures<\/strong> !\u00a0\u00bb confie \u00c9lodie, \u00e9tudiante dijonnaise en alternance \u00e0 Paris. \u00ab\u00a0Dans le car, on ne peut pas bouger, il fait chaud, c\u2019est gal\u00e8re, c\u2019est pas hyper confortable et l\u2019intimit\u00e9 n\u2019est pas la m\u00eame qu\u2019en train.\u00a0\u00bb<\/p>\n<p>Le TGV : une coquetterie\u00a0<\/p>\n<p class=\" wall-content\">\u00ab\u00a0Au moins, on a la garantie d\u2019avoir une place assise, ce qui n\u2019est pas toujours le cas dans les TER aux heures de pointe\u00a0\u00bb ajoute la Dijonnaise. Et lorsque son budget le permet, \u00c9lodie s\u2019offre \u00ab\u00a0la <strong>coquetterie<\/strong> de prendre le TGV\u00a0\u00bb, entre deux et quatre fois plus cher selon la p\u00e9riode.<\/p>\n<p class=\" wall-content\">\u00ab\u00a0Entre <strong>cinq heures<\/strong> de trajet et une longue correspondance \u00e0 attendre le bus \u00e0 moins de 30 euros avec r\u00e9duction ou moins de deux heures tout confort parfois \u00e0 <strong>presque 80 euros<\/strong>, parfois, il n\u2019y a pas photo !\u00a0\u00bb<\/p>\n<p>Votre r\u00e9gion, votre actu !<\/p>\n<p>Recevez chaque jour les infos qui comptent pour vous.<\/p>\n<p>\t<a href=\"https:\/\/actu.fr\/newsletter\" class=\"ac-btn ac-btn--corner ac-btn--medium ac-btn--blue800\" rel=\"nofollow noopener\" target=\"_blank\">S&rsquo;incrire<\/a><br \/>\nUn dispositif de remplacement renforc\u00e9<\/p>\n<p class=\" wall-content\">Ces travaux s\u2019inscrivent dans le programme de <strong>maintenance<\/strong> du r\u00e9seau r\u00e9gional. Ils visent \u00e0 moderniser les infrastructures et \u00e0 am\u00e9liorer la r\u00e9gularit\u00e9 des circulations \u00e0 long terme.<\/p>\n<p class=\" wall-content\">La SNCF affirme avoir renforc\u00e9 son offre de cars pour <strong>limiter les d\u00e9sagr\u00e9ments<\/strong>. Elle recommande toutefois de r\u00e9server les trajets \u00e0 l\u2019avance afin d\u2019\u00e9viter les mauvaises surprises. \u00c0 noter que les v\u00e9los ne sont pas accept\u00e9s \u00e0 bord des bus de remplacement. Les trains circulent normalement t\u00f4t le matin et en soir\u00e9e. Selon la SNCF, ces p\u00e9riodes de maintien du trafic concernent \u00ab\u00a0deux voyageurs sur trois de la ligne\u00a0\u00bb.<\/p>\n<p class=\" wall-content\">Personnalisez votre actualit\u00e9 en ajoutant vos villes et m\u00e9dias en favori avec <a href=\"https:\/\/moncompte.actu.fr\" title=\"D\u00e9couvez Mon Actu\" rel=\"nofollow noopener\" data-trk=\"{&quot;cta&quot;:{&quot;action&quot;:&quot;https:\\\/\\\/moncompte.actu.fr&quot;,&quot;category&quot;:&quot;mon compte&quot;,&quot;from&quot;:&quot;article footer&quot;,&quot;name&quot;:&quot;Mon actu&quot;,&quot;type&quot;:&quot;cta&quot;}}\" target=\"_blank\">Mon Actu<\/a>.<\/p>\n","protected":false},"excerpt":{"rendered":"Par Nicolas Salin Publi\u00e9 le 15 oct. 2025 \u00e0 16h30 \u00ab\u00a0C\u2019est bient\u00f4t fini !\u00a0\u00bb philosophe \u00c9lodie, une dijonnaise&hellip;\n","protected":false},"author":2,"featured_media":465460,"comment_status":"","ping_status":"","sticky":false,"template":"","format":"standard","meta":{"footnotes":""},"categories":[1888],"tags":[1111,1928,11,1927,1777,674,1011,27,12,1926,626,1925,25,2215,104,586],"class_list":{"0":"post-465459","1":"post","2":"type-post","3":"status-publish","4":"format-standard","5":"has-post-thumbnail","7":"category-paris","8":"tag-actu","9":"tag-actu-paris","10":"tag-actualites","11":"tag-actualites-paris","12":"tag-eu","13":"tag-europe","14":"tag-fr","15":"tag-france","16":"tag-news","17":"tag-news-paris","18":"tag-paris","19":"tag-paris-news","20":"tag-republique-francaise","21":"tag-sncf","22":"tag-societe","23":"tag-voyage"},"share_on_mastodon":{"url":"https:\/\/pubeurope.com\/@fr\/115379456244413910","error":""},"_links":{"self":[{"href":"https:\/\/www.europesays.com\/fr\/wp-json\/wp\/v2\/posts\/465459","targetHints":{"allow":["GET"]}}],"collection":[{"href":"https:\/\/www.europesays.com\/fr\/wp-json\/wp\/v2\/posts"}],"about":[{"href":"https:\/\/www.europesays.com\/fr\/wp-json\/wp\/v2\/types\/post"}],"author":[{"embeddable":true,"href":"https:\/\/www.europesays.com\/fr\/wp-json\/wp\/v2\/users\/2"}],"replies":[{"embeddable":true,"href":"https:\/\/www.europesays.com\/fr\/wp-json\/wp\/v2\/comments?post=465459"}],"version-history":[{"count":0,"href":"https:\/\/www.europesays.com\/fr\/wp-json\/wp\/v2\/posts\/465459\/revisions"}],"wp:featuredmedia":[{"embeddable":true,"href":"https:\/\/www.europesays.com\/fr\/wp-json\/wp\/v2\/media\/465460"}],"wp:attachment":[{"href":"https:\/\/www.europesays.com\/fr\/wp-json\/wp\/v2\/media?parent=465459"}],"wp:term":[{"taxonomy":"category","embeddable":true,"href":"https:\/\/www.europesays.com\/fr\/wp-json\/wp\/v2\/categories?post=465459"},{"taxonomy":"post_tag","embeddable":true,"href":"https:\/\/www.europesays.com\/fr\/wp-json\/wp\/v2\/tags?post=465459"}],"curies":[{"name":"wp","href":"https:\/\/api.w.org\/{rel}","templated":true}]}}