{"id":465463,"date":"2025-10-15T17:53:12","date_gmt":"2025-10-15T17:53:12","guid":{"rendered":"https:\/\/www.europesays.com\/fr\/465463\/"},"modified":"2025-10-15T17:53:12","modified_gmt":"2025-10-15T17:53:12","slug":"paris-face-au-trottoir-des-fast-foods-un-lidl-arrive-sur-la-place-de-la-republique","status":"publish","type":"post","link":"https:\/\/www.europesays.com\/fr\/465463\/","title":{"rendered":"Paris\u00a0: face au trottoir des fast-foods, un Lidl arrive sur la place de la R\u00e9publique"},"content":{"rendered":"<p class=\"paragraph text_align_left lp-f-body-02\">B\u00e9ret sur le cr\u00e2ne, ce discret habitant de 94 ans quitte son immeuble du <a href=\"https:\/\/www.leparisien.fr\/paris-75\/paris-75003\/\" target=\"_self\" rel=\"nofollow noopener\">IIIe arrondissement<\/a> de Paris en milieu de journ\u00e9e. \u00c0 son rythme, il progresse sur le trottoir o\u00f9 se croisent les livreurs \u00e0 v\u00e9lo, les d\u00e9marcheurs \u00e0 la sortie du m\u00e9tro et les clients des <a href=\"https:\/\/www.leparisien.fr\/paris-75\/a-paris-ca-chauffe-entre-le-roi-du-poulet-et-les-riverains-de-la-porte-doree-deja-envahis-par-les-odeurs-de-friture-10-10-2025-6P6LQDMV3BHLPGXCR7SJCF4EWM.php\" target=\"_blank\" rel=\"noreferrer nofollow noopener\">fast-foods<\/a>.<\/p>\n<p class=\"paragraph text_align_left lp-f-body-02\">Depuis 10 ans, ce retrait\u00e9 vit sur la place de la R\u00e9publique. Lui qui \u00ab recherchait la tranquillit\u00e9 \u00bb dit \u00ab regretter ne pas avoir \u00e9t\u00e9 pr\u00e9venu du bazar permanent \u00bb de ce haut lieu des revendications populaires. \u00c0 cela s\u2019ajoute la multiplication, ces derni\u00e8res ann\u00e9es, des enseignes de restauration rapide en bas de chez lui.<\/p>\n","protected":false},"excerpt":{"rendered":"B\u00e9ret sur le cr\u00e2ne, ce discret habitant de 94 ans quitte son immeuble du IIIe arrondissement de Paris&hellip;\n","protected":false},"author":2,"featured_media":465464,"comment_status":"","ping_status":"","sticky":false,"template":"","format":"standard","meta":{"footnotes":""},"categories":[1888],"tags":[11,1777,674,1011,27,1944,12,626,25],"class_list":{"0":"post-465463","1":"post","2":"type-post","3":"status-publish","4":"format-standard","5":"has-post-thumbnail","7":"category-paris","8":"tag-actualites","9":"tag-eu","10":"tag-europe","11":"tag-fr","12":"tag-france","13":"tag-ma-ville","14":"tag-news","15":"tag-paris","16":"tag-republique-francaise"},"share_on_mastodon":{"url":"https:\/\/pubeurope.com\/@fr\/115379463996257695","error":""},"_links":{"self":[{"href":"https:\/\/www.europesays.com\/fr\/wp-json\/wp\/v2\/posts\/465463","targetHints":{"allow":["GET"]}}],"collection":[{"href":"https:\/\/www.europesays.com\/fr\/wp-json\/wp\/v2\/posts"}],"about":[{"href":"https:\/\/www.europesays.com\/fr\/wp-json\/wp\/v2\/types\/post"}],"author":[{"embeddable":true,"href":"https:\/\/www.europesays.com\/fr\/wp-json\/wp\/v2\/users\/2"}],"replies":[{"embeddable":true,"href":"https:\/\/www.europesays.com\/fr\/wp-json\/wp\/v2\/comments?post=465463"}],"version-history":[{"count":0,"href":"https:\/\/www.europesays.com\/fr\/wp-json\/wp\/v2\/posts\/465463\/revisions"}],"wp:featuredmedia":[{"embeddable":true,"href":"https:\/\/www.europesays.com\/fr\/wp-json\/wp\/v2\/media\/465464"}],"wp:attachment":[{"href":"https:\/\/www.europesays.com\/fr\/wp-json\/wp\/v2\/media?parent=465463"}],"wp:term":[{"taxonomy":"category","embeddable":true,"href":"https:\/\/www.europesays.com\/fr\/wp-json\/wp\/v2\/categories?post=465463"},{"taxonomy":"post_tag","embeddable":true,"href":"https:\/\/www.europesays.com\/fr\/wp-json\/wp\/v2\/tags?post=465463"}],"curies":[{"name":"wp","href":"https:\/\/api.w.org\/{rel}","templated":true}]}}