{"id":465472,"date":"2025-10-15T17:58:12","date_gmt":"2025-10-15T17:58:12","guid":{"rendered":"https:\/\/www.europesays.com\/fr\/465472\/"},"modified":"2025-10-15T17:58:12","modified_gmt":"2025-10-15T17:58:12","slug":"canicules-secheresses-inondations-le-royaume-uni-doit-se-preparer-a-des-phenomenes-extremes-dici-2050","status":"publish","type":"post","link":"https:\/\/www.europesays.com\/fr\/465472\/","title":{"rendered":"Canicules, s\u00e9cheresses, inondations\u2026 Le Royaume-Uni doit se pr\u00e9parer \u00e0 des \u00ab\u00a0ph\u00e9nom\u00e8nes extr\u00eames\u00a0\u00bb d&rsquo;ici 2050"},"content":{"rendered":"<p class=\"article-p mdl\">Le Royaume-Uni devrait faire face \u00e0 des <strong>\u00ab\u00a0ph\u00e9nom\u00e8nes climatiques extr\u00eames\u00a0\u00bb d\u2019ici 2050,<\/strong> avertissent des experts du Comit\u00e9 sur le changement climatique (CCC). L\u2019organisme consultatif ind\u00e9pendant appelle le gouvernement \u00e0 prendre <strong>des mesures en urgence pour prot\u00e9ger la population<\/strong> : \u00ab\u00a0Il est clair que nous ne sommes pas pr\u00eats \u00e0 faire face aux changements m\u00e9t\u00e9orologiques et climatiques actuels, <strong>encore moins \u00e0 ceux qui sont attendus dans les d\u00e9cennies \u00e0 venir.\u00a0\u00bb<\/strong><br \/><strong\/><br \/>C\u2019est la premi\u00e8re fois que le CCC envisage le sc\u00e9nario du r\u00e9chauffement de 2\u00b0C de l\u2019atmosph\u00e8re, au-del\u00e0 de ce que pr\u00e9voit\u00a0<a class=\"link\" href=\"https:\/\/www.rtl.fr\/actu\/debats-societe\/la-cop-21-un-moment-historique-dans-l-engagement-climatique-7900232882\" title=\"La COP21, un moment historique dans l&#039;engagement climatique\" target=\"_blank\" rel=\"noopener\">l\u2019accord de Paris<\/a>. En 2015, 196 pays ont ratifi\u00e9 cet accord visant \u00e0 maintenir l\u2019augmentation de la temp\u00e9rature moyenne mondiale \u00e0 1,5\u00b0C. Le climat est d\u00e9j\u00e0 en moyenne 1,4\u00b0C plus chaud aujourd&rsquo;hui, selon l&rsquo;observatoire europ\u00e9en Copernicus.\u2028<\/p>\n<p class=\"article-p mdl\">Pour le CCC, il faut \u00ab\u00a0pr\u00e9parer le pays aux ph\u00e9nom\u00e8nes m\u00e9t\u00e9orologiques extr\u00eames qui se produiront si le\u00a0<a class=\"link\" href=\"https:\/\/www.rtl.fr\/actu\/meteo\/rechauffement-climatique-on-tisse-une-toile-de-gaz-carbonique-autour-de-la-terre-alerte-jean-louis-etienne-sur-rtl-7900538448\" title=\"R\u00e9chauffement climatique : &quot;On tisse une toile de gaz carbonique autour de la Terre&quot;, alerte Jean-Louis \u00c9tienne sur RTL\" target=\"_blank\" rel=\"noopener\">r\u00e9chauffement climatique<\/a>\u00a0atteint 2\u00b0C au-dessus des niveaux pr\u00e9industriels d&rsquo;ici 2050&Prime;.<\/p>\n<p>            Des cons\u00e9quences climatiques de plus en plus violentes<\/p>\n<p class=\"article-p mdl\">Des\u00a0<a class=\"link\" href=\"https:\/\/www.rtl.fr\/actu\/sante\/canicule-au-moins-280-deces-en-exces-comptabilises-pendant-l-episode-du-mois-d-aout-annonce-sante-publique-france-7900540145\" title=\"Canicule : au moins 280 d\u00e9c\u00e8s en exc\u00e8s comptabilis\u00e9s pendant l&#039;\u00e9pisode du mois d&#039;ao\u00fbt, annonce Sant\u00e9 publique France\" target=\"_blank\" rel=\"noopener\">canicules\u00a0<\/a>\u00ab\u00a0plus fr\u00e9quentes et g\u00e9n\u00e9ralis\u00e9es\u00a0\u00bb, le nombre de s\u00e9cheresses multipli\u00e9 par deux par rapport \u00e0 la p\u00e9riode 1981-2010 et des inondations avec des crues pouvant augmenter de 40% sont \u00e0 pr\u00e9voir, selon le rapport. Il faudrait \u00e9galement s\u2019attendre \u00e0 une hausse du niveau de la mer de 15 \u00e0 25 cm, mena\u00e7ant les villes c\u00f4ti\u00e8res. <strong>\u00ab\u00a0La population du Royaume-Uni subit d\u00e9j\u00e0 les r\u00e9percussions du changement climatique\u00a0\u00bb,<\/strong> a rappel\u00e9 une responsable du CCC, Julia King, et <strong>\u00ab\u00a0nous devons l&rsquo;aider \u00e0 se pr\u00e9parer\u00a0\u00bb.<\/strong><\/p>\n<p class=\"article-p mdl\">Alors que le Royaume-Uni vient de traverser un de ses \u00e9t\u00e9s les plus chauds, le comit\u00e9 cite des chiffres alarmants : plus de 6,3 millions de propri\u00e9t\u00e9s sont menac\u00e9es d&rsquo;inondations dans le pays, elles seront plus de 8 millions d&rsquo;ici 2050. D&rsquo;ici cette date, plus de 10.000 personnes mourront chaque ann\u00e9e en lien avec les fortes chaleurs.<\/p>\n<p>            Des mesures fortes sont attendues<\/p>\n<p class=\"article-p mdl\">Il est \u00ab\u00a0crucial et urgent\u00a0\u00bb de prendre des mesures, insistent les experts, en recommandant l&rsquo;am\u00e9lioration du fonctionnement des infrastructures et des services publics essentiels, la poursuite de la r\u00e9duction des \u00e9missions de carbone, la planification d&rsquo;objectifs pr\u00e9cis \u00e0 long terme.<\/p>\n<p class=\"article-p mdl\">Le Dr Douglas Parr, de l\u2019ONG Greenpeace, a exhort\u00e9 tout l&rsquo;ex\u00e9cutif \u00e0 s&#8217;emparer de la question et a appel\u00e9 \u00e0 <strong>taxer les entreprises d&rsquo;\u00e9nergies fossiles. \u00ab\u00a0<\/strong>C&rsquo;est le moyen le plus r\u00e9aliste et le plus \u00e9quitable de financer les mesures de protection dont nous avons urgemment besoin\u00a0\u00bb, a-t-il dit dans un communiqu\u00e9.<\/p>\n<p>    La r\u00e9daction vous recommande<\/p>\n<p class=\"s-newsletter__title\">\n                L\u2019actualit\u00e9 par la r\u00e9daction de RTL dans votre bo\u00eete mail.\n            <\/p>\n<p class=\"s-newsletter__subtitle\">\n                Gr\u00e2ce \u00e0 votre compte RTL abonnez-vous \u00e0 la newsletter RTL info pour suivre toute l&rsquo;actualit\u00e9 au quotidien\n            <\/p>\n<p>\n                                    Lire la suite\n                                <\/p>\n","protected":false},"excerpt":{"rendered":"Le Royaume-Uni devrait faire face \u00e0 des \u00ab\u00a0ph\u00e9nom\u00e8nes climatiques extr\u00eames\u00a0\u00bb d\u2019ici 2050, avertissent des experts du Comit\u00e9 sur&hellip;\n","protected":false},"author":2,"featured_media":465473,"comment_status":"","ping_status":"","sticky":false,"template":"","format":"standard","meta":{"footnotes":""},"categories":[1588],"tags":[11,6698,4734,1129,58920,1777,674,107,2839,14,12,473,1853,12817,1851,1850,1852],"class_list":{"0":"post-465472","1":"post","2":"type-post","3":"status-publish","4":"format-standard","5":"has-post-thumbnail","7":"category-royaume-uni","8":"tag-actualites","9":"tag-canicule","10":"tag-changement-climatique","11":"tag-climat","12":"tag-cop21","13":"tag-eu","14":"tag-europe","15":"tag-fil-info","16":"tag-inondations","17":"tag-international","18":"tag-news","19":"tag-royaume-uni","20":"tag-royaume-uni-de-grande-bretagne-et-dirlande-du-nord","21":"tag-secheresse","22":"tag-uk","23":"tag-united-kingdom","24":"tag-united-kingdom-of-great-britain-and-northern-ireland"},"share_on_mastodon":{"url":"https:\/\/pubeurope.com\/@fr\/115379483678465735","error":""},"_links":{"self":[{"href":"https:\/\/www.europesays.com\/fr\/wp-json\/wp\/v2\/posts\/465472","targetHints":{"allow":["GET"]}}],"collection":[{"href":"https:\/\/www.europesays.com\/fr\/wp-json\/wp\/v2\/posts"}],"about":[{"href":"https:\/\/www.europesays.com\/fr\/wp-json\/wp\/v2\/types\/post"}],"author":[{"embeddable":true,"href":"https:\/\/www.europesays.com\/fr\/wp-json\/wp\/v2\/users\/2"}],"replies":[{"embeddable":true,"href":"https:\/\/www.europesays.com\/fr\/wp-json\/wp\/v2\/comments?post=465472"}],"version-history":[{"count":0,"href":"https:\/\/www.europesays.com\/fr\/wp-json\/wp\/v2\/posts\/465472\/revisions"}],"wp:featuredmedia":[{"embeddable":true,"href":"https:\/\/www.europesays.com\/fr\/wp-json\/wp\/v2\/media\/465473"}],"wp:attachment":[{"href":"https:\/\/www.europesays.com\/fr\/wp-json\/wp\/v2\/media?parent=465472"}],"wp:term":[{"taxonomy":"category","embeddable":true,"href":"https:\/\/www.europesays.com\/fr\/wp-json\/wp\/v2\/categories?post=465472"},{"taxonomy":"post_tag","embeddable":true,"href":"https:\/\/www.europesays.com\/fr\/wp-json\/wp\/v2\/tags?post=465472"}],"curies":[{"name":"wp","href":"https:\/\/api.w.org\/{rel}","templated":true}]}}