{"id":465482,"date":"2025-10-15T18:03:19","date_gmt":"2025-10-15T18:03:19","guid":{"rendered":"https:\/\/www.europesays.com\/fr\/465482\/"},"modified":"2025-10-15T18:03:19","modified_gmt":"2025-10-15T18:03:19","slug":"les-enfants-jubillar-au-coeur-des-plaidoiries","status":"publish","type":"post","link":"https:\/\/www.europesays.com\/fr\/465482\/","title":{"rendered":"les enfants Jubillar au c\u0153ur des plaidoiries"},"content":{"rendered":"<p>            Par<br \/>\n        <strong><br \/>\n            <a href=\"https:\/\/actu.fr\/auteur\/anaelle-montagne\" title=\"Consulter tous les articles de Anaelle Montagne\" target=\"_blank\" rel=\"noopener\">Anaelle Montagne<\/a><br \/>\n        <\/strong><\/p>\n<p>        Publi\u00e9 le<\/p>\n<p>            15 oct. 2025 \u00e0 13h19        <\/p>\n<p>Une photo de Delphine accroch\u00e9e \u00e0 leur cordon rouge, les membres du clan Aussaguel sont soud\u00e9s. Les deux derniers \u00e0 \u00eatre repr\u00e9sent\u00e9s, ce jeudi 15\u00a0octobre, sont aussi les plus fragiles\u2009: Louis, 11\u00a0ans et Elyah, 6\u00a0ans. Les avocats de leur repr\u00e9sentante l\u00e9gale, saisie pour repr\u00e9senter les int\u00e9r\u00eats des enfants de <a href=\"https:\/\/actu.fr\/dossier\/disparition-de-delphine-jubillar-quelles-sont-les-dernieres-infos-sur-l-affaire_40171277.html\" target=\"_blank\" rel=\"noopener\">Delphine et C\u00e9dric Jubillar<\/a>, se sont livr\u00e9s \u00e0 des plaidoiries profond\u00e9ment \u00e9mouvantes, face \u00e0<strong> un p\u00e8re toujours herm\u00e9tique<\/strong>.<\/p>\n<p class=\" wall-content\">La terrible lettre de son fils, \u00ab\u2009la chair de sa chair\u2009\u00bb, n\u2019avait pas suffi \u00e0 le faire fl\u00e9chir devant les assises d\u2019Albi. Il ne plie pas. Il ne rompt pas. Alors pour la quinzaine de parties civiles, les plaidoiries de Me Boguet et Me Chmani \u00e9taient les toutes derni\u00e8res chances de <strong>provoquer une \u00e9motion<\/strong> chez le trentenaire, accus\u00e9 d\u2019avoir tu\u00e9 sa femme disparue en d\u00e9cembre\u00a02020.<\/p>\n<p>\u00ab\u2009Louis a cet air grave et ce nom tellement difficile \u00e0 porter\u2009\u00bb<\/p>\n<p class=\" wall-content\">Aujourd\u2019hui, Elyah est enjou\u00e9e, solaire. \u00ab\u2009Mais Louis a <strong>cet air grave<\/strong> et ce nom tellement difficile \u00e0 porter.\u2009\u00bb Il avait 6\u00a0ans lorsque sa m\u00e8re a disparu et sa s\u0153ur, 18\u00a0mois.<\/p>\n<p class=\" wall-content\">Dans la famille Jubillar, des moments de bonheur, il y en a eu. Des violences aussi, insiste Me Chmani. Exerc\u00e9es sur chaque membre, diff\u00e9remment. Delphine se fait \u00ab\u2009r\u00e9tamer publiquement\u2009\u00bb, fait tout \u00e0 la maison, elle est \u00ab\u2009soumise <strong>au feu nourri de l\u2019humiliation<\/strong> et au d\u00e9nigrement permanent\u2009\u00bb, \u00e9nonce Me Boguet.<\/p>\n<p class=\" wall-content\">Louis aussi est violent\u00e9. Souvent quand maman n\u2019est pas l\u00e0, il ne doit pas lui r\u00e9p\u00e9ter. Gifles, insultes, tirages d\u2019oreille, coups de pied, punitions longues, les mains derri\u00e8re la t\u00eate, \u00ab\u2009\u00e0 genoux sur des lego <strong>parce que \u00e7a marque mieux\u2009\u00bb<\/strong>. Le petit\u00a0voulait t\u00e9moigner \u00e0 la barre, il ne l\u2019a finalement pas fait alors il a \u00e9crit une lettre adress\u00e9e \u00e0 la pr\u00e9sidente, lue pendant le proc\u00e8s.<\/p>\n<p class=\" wall-content\">Il y relate un \u00e9pisode de violences\u2009: \u00ab\u2009J\u2019avais mal fait les devoirs [\u2026]. <strong>Il m\u2019a tap\u00e9 la t\u00eate qui a cogn\u00e9 la table, ma dent est tomb\u00e9e<\/strong>, il m\u2019a dit que c\u2019\u00e9tait pas fort et que c\u2019\u00e9tait de ma faute.\u2009\u00bb Me Chmani tranche\u2009: \u00ab\u2009Ce n\u2019est pas parce qu\u2019il n\u2019y a <strong>pas eu de signalement<\/strong> que \u00e7a n\u2019a pas exist\u00e9.\u2009\u00bb<\/p>\n<p>Vid\u00e9os : en ce moment sur ActuRedoutable privil\u00e8ge<\/p>\n<p class=\" wall-content\">Quand Delphine dispara\u00eet, les enfants sont livr\u00e9s \u00e0 leur p\u00e8re pendant six mois, jusqu\u2019\u00e0 ce qu\u2019il soit mis en examen. \u00ab\u2009Six mois o\u00f9 on peut se questionner sur les difficult\u00e9s que Louis a \u00e0 se livrer.\u2009\u00bb Lors de sa deuxi\u00e8me d\u00e9position, l\u2019enfant relate finalement avoir \u00e9t\u00e9<a href=\"https:\/\/actu.fr\/occitanie\/cagnac-les-mines_81048\/affaire-delphine-jubillar-la-couette-la-machine-a-laver-et-la-dispute-qui-mettent-a-mal-cedric-jubillar_42770080.html\" target=\"_blank\" rel=\"noopener\"><strong> t\u00e9moin d\u2019une dispute entre ses parents<\/strong><\/a>, le soir du 15\u00a0d\u00e9cembre 2020. \u00ab\u2009Il a le redoutable privil\u00e8ge d\u2019\u00eatre le t\u00e9moin des derniers instants de sa m\u00e8re et une victime expiatoire\u2009\u00bb, r\u00e9sume Me Boguet.<\/p>\n<p>Votre r\u00e9gion, votre actu !<\/p>\n<p>Recevez chaque jour les infos qui comptent pour vous.<\/p>\n<p>\t<a href=\"https:\/\/actu.fr\/newsletter\" class=\"ac-btn ac-btn--corner ac-btn--medium ac-btn--blue800\" target=\"_blank\" rel=\"noopener\">S&rsquo;incrire<\/a><\/p>\n<p class=\" wall-content\">\u00ab\u2009La sc\u00e8ne racont\u00e9e n\u2019a pas \u00e9t\u00e9 extorqu\u00e9e, <strong>elle l\u2019a d\u00e9livr\u00e9<\/strong>. C\u2019\u00e9tait un moment fort. Sans trucage\u2009\u00bb, insiste Me Chmani. Non, le gamin n\u2019amalgame pas des souvenirs comme l\u2019avan\u00e7ait son p\u00e8re. \u00ab\u2009Un gamin de 6\u00a0ans n\u2019est pas trop con pour se souvenir, l\u00e2che Me Boguet. En r\u00e9alit\u00e9 ce petit n\u2019invente rien. Il en a peut-\u00eatre m\u00eame vu davantage ce soir-l\u00e0, on se pose la question, avec Me Chmani. Ce gamin a peur de son p\u00e8re depuis sa naissance\u2009!\u2009\u00bb<\/p>\n<p>Papa Patrice et maman St\u00e9phanie<\/p>\n<p class=\" wall-content\">Me Chmani et Me Boguet ont rencontr\u00e9 les enfants Jubillar une dizaine de fois en quatre ans. Avant chaque entretien, <strong>Louis inspecte, visite le bureau<\/strong>. Il touche, il organise. \u00ab\u2009Quand on a re\u00e7u Elyah il voulait rester avec elle pour la prot\u00e9ger. Pas de m\u00e8re, pas de p\u00e8re, il s\u2019est investi d\u2019une fonction qu\u2019il ne devrait pas avoir.\u2009\u00bb<\/p>\n<p class=\" wall-content\">Depuis l\u2019incarc\u00e9ration de leur p\u00e8re, les enfants de Delphine vivent chez \u00ab\u2009papa Patrice et maman St\u00e9phanie\u2009\u00bb, la soeur de Delphine. Au fil des ann\u00e9es, les images de leur m\u00e8re s\u2019effacent de leur esprit. <strong>\u00ab\u2009Louis cherche son regard dans les photos, Elyah son odeur, dans certains v\u00eatements\u2009\u00bb<\/strong>, \u00e9nonce Me Boguet. De son p\u00e8re, le petit gar\u00e7on ne garde que les souvenirs difficiles. Et son discours se fait de plus en plus dur au fil des ann\u00e9es.<\/p>\n<p class=\" wall-content\">D\u2019abord, il comprenait que \u00ab\u2009papa \u00e9tait en prison pour aider l\u2019enqu\u00eate\u2009\u00bb et puis en 2023, il explique finalement que c\u2019est<strong> \u00ab\u2009parce qu\u2019il ne dit pas la v\u00e9rit\u00e9\u2009\u00bb<\/strong>. Aujourd\u2019hui, il a la conviction qu\u2019il a tu\u00e9 sa m\u00e8re.<\/p>\n<blockquote class=\"ac-article-quote wall-content\">\n<p>Je pense que papa a fait du mal \u00e0 maman, il \u00e9tait m\u00e9chant avec elle. \u00c7a a d\u00fb se passer la nuit quand je dormais. Maman nous aimait, c&rsquo;est impossible qu&rsquo;elle parte sans nous. Je suis s\u00fbr que c&rsquo;est papa, je vois personne d&rsquo;autre qui aurait pu lui faire du mal.<\/p>\n<p>    <strong>Louis <\/strong><br \/>\n        Fils de C\u00e9dric Jubillar et sa femme Delphine    <\/p><\/blockquote>\n<p>Vivre en tant qu\u2019enfant des Jubillar<\/p>\n<p class=\" wall-content\">Louis subit, aussi, <strong>le revers m\u00e9diatique<\/strong> de l\u2019affaire Jubillar. Son affaire \u00e0 lui, sa vie \u00e0 lui, ses parents \u00e0 lui. Il en subit les cons\u00e9quences \u00e0 l\u2019\u00e9cole, o\u00f9 on se moque de son nom. Il en entend aussi parler constamment, jusque dans le bus scolaire chaque matin, o\u00f9 le chauffeur refusera de changer la cha\u00eene de radio qui relate incessamment la disparition de sa m\u00e8re.<\/p>\n<p class=\" wall-content\">Elyah subit \u00e9galement, \u00e0 sa mani\u00e8re, ce battement m\u00e9diatique.<strong> \u00ab\u2009Aux informations, j\u2019ai entendu que papa C\u00e9dric avait \u00e9trangl\u00e9 maman\u2009\u00bb<\/strong>, confie l\u2019enfant de 6\u00a0ans \u00e0 Me Chmani. Elle voudrait dire \u00e0 son p\u00e8re qu\u2019elle l\u2019aime,<strong> qu\u2019elle \u00ab\u2009aimerait savoir o\u00f9 est maman Delphine\u2009\u00bb<\/strong>. Et de temps en temps, avec sa baguette magique\u2009: \u00ab<a href=\"https:\/\/actu.fr\/occitanie\/albi_81004\/proces-jubillar-elle-demande-si-sa-maman-est-vivante-les-mots-des-enfants-resonnent-a-l-audience_63201228.html\" target=\"_blank\" rel=\"noopener\">\u2009Je dis abracadabra pour que maman revienne<\/a>, \u00e7a me permet de pas l\u2019oublier, j\u2019ai peur de l\u2019oublier.\u2009\u00bb<\/p>\n<p class=\" wall-content\">Louis aussi a peur.\u00a0\u00ab\u00a0Si papa dit la v\u00e9rit\u00e9, est-ce que \u00e7a s\u2019arr\u00eate l\u00e0\u2009?\u00a0\u00bb, demande-t-il aux avocats durant l\u2019\u00e9t\u00e9 2025. \u00ab\u00a0J\u2019ai peur <strong>qu\u2019il sorte et qu\u2019il me reprenne<\/strong> au vu de la maltraitance subie\u00a0\u00bb.<\/p>\n<p>\u00ab\u2009L\u2019autre, il a p\u00e9t\u00e9 les plombs\u2009!\u2009\u00bb<\/p>\n<p class=\" wall-content\">Sa v\u00e9rit\u00e9, C\u00e9dric Jubillar la r\u00e9p\u00e8te inlassablement\u2009: il n\u2019a \u00ab\u2009pas tu\u00e9 Delphine\u2009\u00bb. Alors les avocats des parties civiles doivent <strong>imaginer les sc\u00e9narios du drame<\/strong>. Un exercice auquel s\u2019attelle Me Boguet.<\/p>\n<p class=\" wall-content\">Le 15\u00a0d\u00e9cembre, apr\u00e8s avoir mis fin \u00e0 des mois de clandestinit\u00e9 en discutant avec la compagne de son amant, Delphine est emmitoufl\u00e9e avec son fils, sur le canap\u00e9. \u00ab\u2009Il essaie de lui taper des b\u00fbches de No\u00ebl en regardant Incroyable talent. S\u2019il se souvient de \u00e7a, pourquoi amalgamerait-il sur le reste\u2009?\u2009\u00bb, s\u2019insurge l\u2019avocat, de sa voix portante.<\/p>\n<p class=\" wall-content\">Delphine envoie un dernier je t\u2019aime et dans le sc\u00e9nario de Me Boguet, <strong>C\u00e9dric la surprend<\/strong> \u2013 \u00ab\u2009et <a href=\"https:\/\/actu.fr\/occitanie\/albi_81004\/proces-jubillar-est-ce-que-vous-mentez-madame-apres-ses-revelations-une-autre-ex-de-cedric-s-explique_63277351.html\" target=\"_blank\" rel=\"noopener\">Jennifer Cahuzac<\/a> n\u2019a aucune raison de vous mentir\u2009\u00bb, soutient l\u2019avocat aux jur\u00e9s -. Alors sa femme avoue, pour s\u2019\u00e9manciper. <strong>\u00ab\u2009Et l\u2019autre, il p\u00e8te les plombs\u2009!\u2009\u00bb<\/strong>, crie l\u2019avocat, reprenant la mani\u00e8re dont l\u2019accus\u00e9 aurait pr\u00e9nomm\u00e9 sa compagne disparue.<\/p>\n<p class=\" wall-content\">\u00ab\u2009Puisque c\u2019est comme \u00e7a, on va se s\u00e9parer\u2009\u00bb \u2013 Me Boguet cite ce qu\u2019aurait entendu Louis, de la bouche de son p\u00e8re. Le sc\u00e9nario continue, C\u00e9dric \u00e9trangle sa femme. \u00ab\u2009Et<strong> on n\u2019\u00e9trangle pas pour tuer, on \u00e9trangle pour faire taire.<\/strong> Tais-toi\u2009!\u2009\u00bb, hurle Me Boguet. Dans le box, toujours aucune r\u00e9action de l\u2019accus\u00e9. \u00ab\u2009Certaines trahisons se paient au-del\u00e0 du dernier souffle\u2009\u00bb, r\u00e9sume l\u2019avocat.<\/p>\n<p>\u00ab\u2009Rendez-leur Delphine\u2009!\u2009\u00bb<\/p>\n<p class=\" wall-content\">Me Chmani terminera son intervention en reprenant le mantra martel\u00e9 par le clan Aussaguel, affich\u00e9 aujourd\u2019hui encore devant le domicile de C\u00e9dric et Delphine\u2009: <strong>\u00ab\u2009Justice et v\u00e9rit\u00e9 pour Louis et Elyah.\u2009\u00bb<\/strong><\/p>\n<p class=\" wall-content\">Son confr\u00e8re, arriv\u00e9 au paroxysme d\u2019une plaidoirie habit\u00e9e, choisira une comparaison avec Achille qui, ayant priv\u00e9 Priam de la d\u00e9pouille de son fils, avait fini par la lui rendre, \u00ab\u2009d\u00e9cidant de permettre aux autres de faire leur deuil\u2009\u00bb. Et de se tourner vers l\u2019accus\u00e9, pour <strong>l\u2019implorer en hurlant<\/strong>\u2009: \u00ab\u2009RENDEZ-LEUR DELPHINE\u2009! RENDEZ-LEUR DELPHINE\u2009!\u2009\u00bb<\/p>\n<p class=\" wall-content\">Personnalisez votre actualit\u00e9 en ajoutant vos villes et m\u00e9dias en favori avec <a href=\"https:\/\/moncompte.actu.fr\" title=\"D\u00e9couvez Mon Actu\" rel=\"nofollow noopener\" data-trk=\"{&quot;cta&quot;:{&quot;action&quot;:&quot;https:\\\/\\\/moncompte.actu.fr&quot;,&quot;category&quot;:&quot;mon compte&quot;,&quot;from&quot;:&quot;article footer&quot;,&quot;name&quot;:&quot;Mon actu&quot;,&quot;type&quot;:&quot;cta&quot;}}\" target=\"_blank\">Mon Actu<\/a>.<\/p>\n","protected":false},"excerpt":{"rendered":"Par Anaelle Montagne Publi\u00e9 le 15 oct. 2025 \u00e0 13h19 Une photo de Delphine accroch\u00e9e \u00e0 leur cordon&hellip;\n","protected":false},"author":2,"featured_media":465483,"comment_status":"","ping_status":"","sticky":false,"template":"","format":"standard","meta":{"footnotes":""},"categories":[2],"tags":[11,38151,118,1011,27,12,25],"class_list":{"0":"post-465482","1":"post","2":"type-post","3":"status-publish","4":"format-standard","5":"has-post-thumbnail","7":"category-actualites","8":"tag-actualites","9":"tag-affaire-delphine-jubillar","10":"tag-faits-divers","11":"tag-fr","12":"tag-france","13":"tag-news","14":"tag-republique-francaise"},"share_on_mastodon":{"url":"https:\/\/pubeurope.com\/@fr\/115379503478408289","error":""},"_links":{"self":[{"href":"https:\/\/www.europesays.com\/fr\/wp-json\/wp\/v2\/posts\/465482","targetHints":{"allow":["GET"]}}],"collection":[{"href":"https:\/\/www.europesays.com\/fr\/wp-json\/wp\/v2\/posts"}],"about":[{"href":"https:\/\/www.europesays.com\/fr\/wp-json\/wp\/v2\/types\/post"}],"author":[{"embeddable":true,"href":"https:\/\/www.europesays.com\/fr\/wp-json\/wp\/v2\/users\/2"}],"replies":[{"embeddable":true,"href":"https:\/\/www.europesays.com\/fr\/wp-json\/wp\/v2\/comments?post=465482"}],"version-history":[{"count":0,"href":"https:\/\/www.europesays.com\/fr\/wp-json\/wp\/v2\/posts\/465482\/revisions"}],"wp:featuredmedia":[{"embeddable":true,"href":"https:\/\/www.europesays.com\/fr\/wp-json\/wp\/v2\/media\/465483"}],"wp:attachment":[{"href":"https:\/\/www.europesays.com\/fr\/wp-json\/wp\/v2\/media?parent=465482"}],"wp:term":[{"taxonomy":"category","embeddable":true,"href":"https:\/\/www.europesays.com\/fr\/wp-json\/wp\/v2\/categories?post=465482"},{"taxonomy":"post_tag","embeddable":true,"href":"https:\/\/www.europesays.com\/fr\/wp-json\/wp\/v2\/tags?post=465482"}],"curies":[{"name":"wp","href":"https:\/\/api.w.org\/{rel}","templated":true}]}}