{"id":465490,"date":"2025-10-15T18:10:17","date_gmt":"2025-10-15T18:10:17","guid":{"rendered":"https:\/\/www.europesays.com\/fr\/465490\/"},"modified":"2025-10-15T18:10:17","modified_gmt":"2025-10-15T18:10:17","slug":"motogp-quand-maverick-vinales-evoque-ses-racines-gitanes-et-son-besoin-de-nature","status":"publish","type":"post","link":"https:\/\/www.europesays.com\/fr\/465490\/","title":{"rendered":"MotoGP : quand Maverick Vi\u00f1ales \u00e9voque ses racines gitanes et son besoin de nature"},"content":{"rendered":"<p><strong>Par-del\u00e0 le bitume et la comp\u00e9tition, Maverick Vi\u00f1ales<br \/>\npoursuit un autre type de trajectoire : celle, plus intime, qui le<br \/>\nram\u00e8ne \u00e0 ses racines. N\u00e9 \u00e0 Figueres, comme un certain Salvador<br \/>\nDal\u00ed, le pilote catalan a r\u00e9cemment \u00e9voqu\u00e9 ses origines tziganes et<br \/>\nce besoin visc\u00e9ral de fuir, de se reconnecter \u00e0 une forme de vie<br \/>\nplus brute. Une confession rare, profonde, presque chuchot\u00e9e\u2026 qui<br \/>\nnous rappelle qu\u2019un homme reste toujours en qu\u00eate de sens, m\u00eame<br \/>\nlanc\u00e9 \u00e0 350 km\/h.<\/strong><\/p>\n<p><strong>Maverick Vi\u00f1ales<\/strong> \u00e9voque ainsi le le besoin<br \/>\nparfois de fuir\u2026 pour se retrouver\u00a0: \u00ab parfois, j\u2019ai juste<br \/>\nbesoin de m\u2019\u00e9vader. <strong>Un week-end, seul, en<br \/>\nmontagne<\/strong> \u00bb<\/p>\n<p><strong>Vi\u00f1ales<\/strong> le reconna\u00eet : derri\u00e8re le casque, il y<br \/>\na une \u00e2me sauvage, une pulsion vers la nature, une soif d\u2019espace.<br \/>\nIl ne s\u2019agit pas de caprice, mais d\u2019un besoin enracin\u00e9, presque<br \/>\ng\u00e9n\u00e9tique, de retrouver un lien perdu avec le monde brut,<br \/>\norganique.<\/p>\n<p>Ce d\u00e9sir d\u2019isolement n\u2019est pas une rupture avec le monde<br \/>\nmoderne, mais une r\u00e9conciliation avec un pass\u00e9 flou, celui de ses<br \/>\nanc\u00eatres tziganes. Il le dit avec pudeur, mais on sent qu\u2019il y a l\u00e0<br \/>\nune forme d\u2019appel int\u00e9rieur, un \u00e9cho lointain qui r\u00e9sonne encore<br \/>\ndans le pr\u00e9sent.<\/p>\n<p><img loading=\"lazy\" decoding=\"async\" class=\"aligncenter size-full wp-image-1338157\" src=\"https:\/\/www.europesays.com\/fr\/wp-content\/uploads\/2025\/10\/Vinales-.jpg\" alt=\"Maverick Vinales \" width=\"620\" height=\"400\"  \/><\/p>\n<p><strong>L\u2019h\u00e9ritage invisible des<br \/>\nanc\u00eatres \u00e9voqu\u00e9 par Maverick Vi\u00f1ales<\/strong><\/p>\n<p>\u00ab Mon grand-p\u00e8re a encore beaucoup de racines, on voit bien<br \/>\nqu\u2019il a cette fa\u00e7on de faire plus gitane <strong>dans le<br \/>\nsang<\/strong> \u00bb commente le pilote <a href=\"https:\/\/www.paddock-gp.com\/motogp-guenther-steiner-fixe-sa-feuille-de-route-tech3-champion-du-monde-dans-3-a-5-ans\/\" rel=\"nofollow noopener\" target=\"_blank\"><br \/>\n<strong>Tech3 KTM<\/strong><\/a> sur <a href=\"https:\/\/www.moto.it\/MotoGP\/motogp-2025-esclusivo-maverick-vinales-intervista-ktm-aprilia-aleix-espargaro-bagnaia-yamaha.html#google_vignette\" rel=\"nofollow noopener\" target=\"_blank\"><br \/>\nMoto.it<\/a>.<\/p>\n<p>Ce n\u2019est pas un r\u00e9cit nostalgique. <strong>Vi\u00f1ales<\/strong><br \/>\nparle d\u2019exploration. D\u2019enqu\u00eate. D\u2019un voyage vers l\u2019arri\u00e8re, pour<br \/>\nmieux comprendre qui il est aujourd\u2019hui. Il lit, observe,<br \/>\ninterroge. Il cherche \u00e0 comprendre ce que ses a\u00efeux ont fait \u2014 ou<br \/>\nn\u2019ont pas fait \u2014 et comment cela a pu sculpter ses r\u00e9actions, son<br \/>\ntemp\u00e9rament, ses silences.<\/p>\n<p>Il \u00e9voque son grand-p\u00e8re, encore impr\u00e9gn\u00e9 de cette culture,<br \/>\ncomme un rep\u00e8re vivant, un t\u00e9moin d\u2019un monde en voie de<br \/>\ndisparition. Et pourtant, ce monde semble rejaillir chez<br \/>\n<strong>Maverick<\/strong> dans sa mani\u00e8re d\u2019\u00eatre, sa retenue, sa<br \/>\npuissance canalis\u00e9e.<\/p>\n<p>\u00ab Ma famille a toujours \u00e9t\u00e9 tr\u00e8s solide. Ils \u00e9taient<br \/>\np\u00eacheurs. <strong>Ce sont des gens brutaux. Forts. Comme<br \/>\nmoi<\/strong>. \u00bb<\/p>\n<p>Il y a chez <strong>Vi\u00f1ales<\/strong> une fiert\u00e9 tranquille pour<br \/>\ncet h\u00e9ritage de duret\u00e9, d\u2019endurance. Le monde de la p\u00eache, rude,<br \/>\nimplacable, o\u00f9 l\u2019homme affronte les \u00e9l\u00e9ments, a forg\u00e9 une lign\u00e9e \u00e0<br \/>\nlaquelle il s\u2019identifie pleinement. Cette robustesse \u00e9motionnelle,<br \/>\ncette capacit\u00e9 \u00e0 encaisser, il la tient de l\u00e0.<\/p>\n<p>Mais ce monde-l\u00e0 s\u2019est apais\u00e9. Et lui aussi. Aujourd\u2019hui, le<br \/>\npilote sauvage peut aussi se permettre la douceur, l\u2019introspection,<br \/>\net ce luxe rare : se comprendre.<\/p>\n<p>Dans le paddock, on le sait impr\u00e9visible, insaisissable. Parfois<br \/>\nflamboyant, parfois en retrait. Peut-\u00eatre est-ce l\u00e0 l\u2019empreinte de<br \/>\nses origines : une libert\u00e9 farouche, un besoin d\u2019authenticit\u00e9, un<br \/>\nrefus des carcans.<\/p>\n<p><strong>Vi\u00f1ales<\/strong> n\u2019est pas qu\u2019un pilote. Il est un homme<br \/>\nen mouvement, dans le temps, dans l\u2019espace, dans son propre pass\u00e9.<br \/>\nEt cela, sans doute, explique la profondeur de son regard, et cette<br \/>\nmani\u00e8re unique qu\u2019il a de tracer sa propre ligne, sur la piste<br \/>\ncomme dans la vie.<\/p>\n<p><img decoding=\"async\" class=\"aligncenter\" src=\"https:\/\/www.europesays.com\/fr\/wp-content\/uploads\/2025\/10\/20250920-121435972-2697.jpg\" alt=\"Vinales met de la glace sur son \u00e9paule gauche tout en parlant \u00e0 Pedrosa (GP d'Autriche 2025)\"\/><\/p>\n","protected":false},"excerpt":{"rendered":"Par-del\u00e0 le bitume et la comp\u00e9tition, Maverick Vi\u00f1ales poursuit un autre type de trajectoire : celle, plus intime,&hellip;\n","protected":false},"author":2,"featured_media":465491,"comment_status":"","ping_status":"","sticky":false,"template":"","format":"standard","meta":{"footnotes":""},"categories":[1413],"tags":[1011,27,1457,1456,60],"class_list":{"0":"post-465490","1":"post","2":"type-post","3":"status-publish","4":"format-standard","5":"has-post-thumbnail","7":"category-moto","8":"tag-fr","9":"tag-france","10":"tag-moto","11":"tag-motocycle","12":"tag-sports"},"share_on_mastodon":{"url":"https:\/\/pubeurope.com\/@fr\/115379531507460602","error":""},"_links":{"self":[{"href":"https:\/\/www.europesays.com\/fr\/wp-json\/wp\/v2\/posts\/465490","targetHints":{"allow":["GET"]}}],"collection":[{"href":"https:\/\/www.europesays.com\/fr\/wp-json\/wp\/v2\/posts"}],"about":[{"href":"https:\/\/www.europesays.com\/fr\/wp-json\/wp\/v2\/types\/post"}],"author":[{"embeddable":true,"href":"https:\/\/www.europesays.com\/fr\/wp-json\/wp\/v2\/users\/2"}],"replies":[{"embeddable":true,"href":"https:\/\/www.europesays.com\/fr\/wp-json\/wp\/v2\/comments?post=465490"}],"version-history":[{"count":0,"href":"https:\/\/www.europesays.com\/fr\/wp-json\/wp\/v2\/posts\/465490\/revisions"}],"wp:featuredmedia":[{"embeddable":true,"href":"https:\/\/www.europesays.com\/fr\/wp-json\/wp\/v2\/media\/465491"}],"wp:attachment":[{"href":"https:\/\/www.europesays.com\/fr\/wp-json\/wp\/v2\/media?parent=465490"}],"wp:term":[{"taxonomy":"category","embeddable":true,"href":"https:\/\/www.europesays.com\/fr\/wp-json\/wp\/v2\/categories?post=465490"},{"taxonomy":"post_tag","embeddable":true,"href":"https:\/\/www.europesays.com\/fr\/wp-json\/wp\/v2\/tags?post=465490"}],"curies":[{"name":"wp","href":"https:\/\/api.w.org\/{rel}","templated":true}]}}