{"id":465496,"date":"2025-10-15T18:13:13","date_gmt":"2025-10-15T18:13:13","guid":{"rendered":"https:\/\/www.europesays.com\/fr\/465496\/"},"modified":"2025-10-15T18:13:13","modified_gmt":"2025-10-15T18:13:13","slug":"mercato-psg-beraldo-de-nouveau-annonce-sur-le-depart","status":"publish","type":"post","link":"https:\/\/www.europesays.com\/fr\/465496\/","title":{"rendered":"Mercato PSG &#8211; Beraldo de nouveau annonc\u00e9 sur le d\u00e9part"},"content":{"rendered":"<p><strong>Lucas Beraldo, d\u00e9fenseur de 21 ans du Br\u00e9sil, a su faire se faire une place mais sans totalement s\u2019imposer comme un titulaire rassurant des grands soirs depuis son arriv\u00e9e au Paris Saint-Germain en janvier 2024 (contrat jusqu\u2019en 2028). Fotoma\u00e7 indique que le Galatasaray aimerait en profiter afin d\u2019obtenir un pr\u00eat \u00e0 option d\u2019achat.<\/strong><\/p>\n<blockquote class=\"twitter-tweet\">\n<p dir=\"ltr\" lang=\"fr\">\ud83d\udea8\ud83d\udea8 GALATASARAY VEUT RELANCER LUCAS BERALDO CET HIVER ! \u2764\ufe0f\ud83d\udc99<\/p>\n<p>Le club turc souhaite un pr\u00eat avec option d\u2019achat pour le d\u00e9fenseur du PSG, en manque de temps de jeu.<\/p>\n<p>Le Br\u00e9silien de 21 ans, derri\u00e8re Marquinhos, Pacho et Zabarnyi, verrait d\u2019un bon \u0153il un d\u00e9part avant la Coupe du\u2026 <a href=\"https:\/\/t.co\/bLd54Fa7wF\">pic.twitter.com\/bLd54Fa7wF<\/a><\/p>\n<p>\u2014 Actu Ligue 1 (@ActuL1_) <a href=\"https:\/\/twitter.com\/ActuL1_\/status\/1977380324205031907?ref_src=twsrc%5Etfw\" target=\"_blank\" rel=\"noopener\">October 12, 2025<\/a><\/p>\n<\/blockquote>\n<p>Ce n\u2019est pas une nouvelle id\u00e9e, un d\u00e9part de Beraldo \u00e9tait d\u00e9j\u00e0 \u00e9voqu\u00e9 cet \u00e9t\u00e9 avec plusieurs clubs cit\u00e9s. Le Galatasaray peut \u00eatre une option, avec une belle \u00e9quipe et un temps de jeu peut-\u00eatre plus accessible que face \u00e0 la concurrence au PSG.<\/p>\n<p>Cependant, il n\u2019y a rien de concret. Alors, on reste encore prudent. Beraldo a un r\u00f4le au PSG, qui ne devrait pas s\u2019en s\u00e9parer facilement. Et le joueur ne s\u2019est pas plaint de son temps de jeu, il a d\u2019ailleurs \u00e9t\u00e9 convoqu\u00e9 avec le Br\u00e9sil pour la tr\u00eave d\u2019octobre. On attendra donc de voir s\u2019il y a la moindre confirmation.<\/p>\n<p>\t\t\t\t\t\t\t\t\t\t\t\t\t\t\t\t\t\t\t\t\t\t\t<img loading=\"lazy\" src=\"https:\/\/www.europesays.com\/fr\/wp-content\/uploads\/2025\/04\/ParisFans_Logo.png\" decoding=\"async\" class=\"lazyload\" width=\"240\" height=\"54\" data-eio-rwidth=\"240\" data-eio-rheight=\"54\"\/><\/p>\n<p>\t\t\t\t\t\t\t\t<script async src=\"https:\/\/platform.twitter.com\/widgets.js\" charset=\"utf-8\"><\/script><\/p>\n","protected":false},"excerpt":{"rendered":"Lucas Beraldo, d\u00e9fenseur de 21 ans du Br\u00e9sil, a su faire se faire une place mais sans totalement&hellip;\n","protected":false},"author":2,"featured_media":465497,"comment_status":"","ping_status":"","sticky":false,"template":"","format":"standard","meta":{"footnotes":""},"categories":[1410],"tags":[63,1011,27,790,60,96],"class_list":{"0":"post-465496","1":"post","2":"type-post","3":"status-publish","4":"format-standard","5":"has-post-thumbnail","7":"category-football","8":"tag-football","9":"tag-fr","10":"tag-france","11":"tag-lucas-beraldo","12":"tag-sports","13":"tag-une"},"share_on_mastodon":{"url":"https:\/\/pubeurope.com\/@fr\/115379543410284594","error":""},"_links":{"self":[{"href":"https:\/\/www.europesays.com\/fr\/wp-json\/wp\/v2\/posts\/465496","targetHints":{"allow":["GET"]}}],"collection":[{"href":"https:\/\/www.europesays.com\/fr\/wp-json\/wp\/v2\/posts"}],"about":[{"href":"https:\/\/www.europesays.com\/fr\/wp-json\/wp\/v2\/types\/post"}],"author":[{"embeddable":true,"href":"https:\/\/www.europesays.com\/fr\/wp-json\/wp\/v2\/users\/2"}],"replies":[{"embeddable":true,"href":"https:\/\/www.europesays.com\/fr\/wp-json\/wp\/v2\/comments?post=465496"}],"version-history":[{"count":0,"href":"https:\/\/www.europesays.com\/fr\/wp-json\/wp\/v2\/posts\/465496\/revisions"}],"wp:featuredmedia":[{"embeddable":true,"href":"https:\/\/www.europesays.com\/fr\/wp-json\/wp\/v2\/media\/465497"}],"wp:attachment":[{"href":"https:\/\/www.europesays.com\/fr\/wp-json\/wp\/v2\/media?parent=465496"}],"wp:term":[{"taxonomy":"category","embeddable":true,"href":"https:\/\/www.europesays.com\/fr\/wp-json\/wp\/v2\/categories?post=465496"},{"taxonomy":"post_tag","embeddable":true,"href":"https:\/\/www.europesays.com\/fr\/wp-json\/wp\/v2\/tags?post=465496"}],"curies":[{"name":"wp","href":"https:\/\/api.w.org\/{rel}","templated":true}]}}