{"id":465498,"date":"2025-10-15T18:14:12","date_gmt":"2025-10-15T18:14:12","guid":{"rendered":"https:\/\/www.europesays.com\/fr\/465498\/"},"modified":"2025-10-15T18:14:12","modified_gmt":"2025-10-15T18:14:12","slug":"depart-de-laurence-boccolini-lex-miss-france-camille-cerf-reprend-mot-de-passe-sur-france-2","status":"publish","type":"post","link":"https:\/\/www.europesays.com\/fr\/465498\/","title":{"rendered":"D\u00e9part de Laurence Boccolini\u00a0: L\u2019ex-Miss France Camille Cerf reprend \u00ab\u00a0Mot de passe\u00a0\u00bb sur France\u00a02"},"content":{"rendered":"<p class=\"paragraph text_align_left lp-f-body-02\">\u00ab Quand on fait de la t\u00e9l\u00e9vision, on a l\u2019habitude de g\u00e9rer des al\u00e9as et des urgences. Il y a des impr\u00e9vus tous les jours \u00bb, sourit Bruno Fallot, le patron de la soci\u00e9t\u00e9 de production Fremantle France. Ce mardi, \u00e0 18 heures, le producteur a appris en m\u00eame temps que France T\u00e9l\u00e9visions par un mail de son avocat que <a href=\"https:\/\/www.leparisien.fr\/culture-loisirs\/tv\/laurence-boccolini-claque-la-porte-de-france-televisions-14-10-2025-PP24Z6UCT5CO3HAFSNLOHEOJTI.php\" target=\"_blank\" rel=\"noreferrer nofollow noopener\">Laurence Boccolini claquait la porte des cha\u00eenes publiques<\/a>. L\u2019animatrice de 62 ans ne dig\u00e8re pas d\u2019avoir \u00e9t\u00e9 <a href=\"https:\/\/www.leparisien.fr\/culture-loisirs\/tv\/jai-eu-des-frissons-lemotion-de-faustine-bollaert-pour-son-premier-tournage-des-enfants-de-la-tele-20-09-2025-OJ3QXQHL75FTXDVXSVE43WI24U.php\" target=\"_blank\" rel=\"noreferrer nofollow noopener\">remplac\u00e9e sans raison par Faustine Bollaert aux manettes des \u00ab Enfants de la t\u00e9l\u00e9 \u00bb<\/a>.<\/p>\n<p class=\"paragraph text_align_left lp-f-body-02\">Un d\u00e9part totalement surprise : Laurence Boccolini avait rendez-vous ce mercredi matin \u00e0 10 heures pour une salve de quatre jours de tournage afin d\u2019enregistrer 60 num\u00e9ros de \u00ab Mot de passe \u00bb, le jeu diffus\u00e9 juste apr\u00e8s le journal de 20 Heures de France 2, qui doit faire son retour en 2026 (en ce moment c\u2019est <a href=\"https:\/\/www.leparisien.fr\/culture-loisirs\/tv\/lea-salame-sur-france-2-cyril-hanouna-sur-w-9-arrivee-de-novo-19-les-enjeux-de-la-rentree-tele-31-08-2025-KIUI56R2LRE4ZOFT2Z2PBJWPQA.php\" target=\"_blank\" rel=\"noreferrer nofollow noopener\">\u00ab Memory \u00bb<\/a> qui occupe le cr\u00e9neau).<\/p>\n<p class=\"paragraph text_align_left lp-f-body-02\">Les candidats, dont certains venaient de loin, ont \u00e9t\u00e9 d\u00e9command\u00e9s au dernier moment. Idem pour les spectateurs qui avaient pr\u00e9vu de venir assister \u00e0 l\u2019\u00e9mission dans le public. Trop tard en revanche pour planter les contrats de la quarantaine de salari\u00e9s mobilis\u00e9s, avec un d\u00e9cor d\u00e9j\u00e0 mont\u00e9 les jours pr\u00e9c\u00e9dents. \u00ab Ce n\u2019est pas dans nos valeurs d\u2019annuler les contrats de travail de nos collaborateurs la veille pour le lendemain. Financi\u00e8rement, ce genre d\u2019al\u00e9as c\u2019est de la perte s\u00e8che pour nous \u00bb, indique le producteur qui n\u2019avait pas connu telle situation depuis le Covid-19 et la pause, du jour au lendemain, de la quasi-totalit\u00e9 des \u00e9missions de t\u00e9l\u00e9vision.<\/p>\n<p class=\"paragraph text_align_left lp-f-body-02\">Bruno Fallot s\u2019est donc mis \u00e0 chercher tr\u00e8s vite une alternative. La plus simple : se mettre d\u2019accord avec France 2 en moins de 24 heures sur un ou une rempla\u00e7ante afin de sauver trois jours de tournage, et d\u2019enregistrer des \u00e9missions de jeudi \u00e0 samedi. C\u2019est chose faite puisque, comme il l\u2019officialise aupr\u00e8s du \u00ab Parisien &#8211; Aujourd\u2019hui en France \u00bb, Camille Cerf a \u00e9t\u00e9 choisie pour reprendre le flambeau.<\/p>\n<p class=\"paragraph text_align_left lp-f-body-02\">\u00ab Cela nous a sembl\u00e9 une \u00e9vidence car Camille est enthousiaste, ravie et motiv\u00e9e. Un bonheur ! Elle nous avait tap\u00e9s dans l\u2019\u0153il au printemps lors de la derni\u00e8re salve d\u2019enregistrements puisqu\u2019elle fait partie des soci\u00e9taires du jeu \u00bb, explique le producteur, qui r\u00e9fute tout choix par d\u00e9faut.<\/p>\n<p class=\"paragraph text_align_left lp-f-body-02\">Ces derniers mois, l\u2019ex Miss France, 30 ans, se fait de plus en plus pr\u00e9sente sur le service public. On l\u2019a vue cet \u00e9t\u00e9 dans la <a href=\"https:\/\/www.leparisien.fr\/culture-loisirs\/tv\/intervilles-avec-saucisses-geantes-mais-sans-vachettes-dans-les-coulisses-des-dernieres-repetitions-03-07-2025-XWSR5PTIGNGU7HFBCKXZ4LI26A.php\" target=\"_blank\" rel=\"noreferrer nofollow noopener\">nouvelle version d\u2019\u00ab Intervilles \u00bb<\/a> et, en plus de \u00ab Mot de passe \u00bb, elle est aussi r\u00e9guli\u00e8rement dans \u00ab Tout le monde a son mot \u00e0 dire \u00bb, le jeu pr\u00e9sent\u00e9 par Sidonie Bonnec et Bruno Guillon depuis <a href=\"https:\/\/www.leparisien.fr\/culture-loisirs\/tv\/olivier-minne-en-partance-pour-m-6-les-coulisses-dun-coup-de-tonnerre-03-05-2025-4MJOCZBEZNDWPCX7GBJKRGRQIU.php\" target=\"_blank\" rel=\"noreferrer nofollow noopener\">le d\u00e9part pour M 6 d\u2019Olivier Minne<\/a>.<\/p>\n<p class=\"paragraph text_align_left lp-f-body-02\">Camille Cerf n\u2019aura pas le temps de stresser. Apr\u00e8s des essais ce mercredi matin, elle va se jeter directement dans le grand bain avec trois jours de tournage. \u00ab Le plus dur quand on anime un jeu c\u2019est d\u2019endosser la m\u00e9canique. Or Camille conna\u00eet par c\u0153ur l\u2019\u00e9mission. Ce sera donc plus facile. On est tr\u00e8s satisfaits des essais de la matin\u00e9e \u00bb, ajoute Bruno Fallot.<\/p>\n<p class=\"paragraph text_align_left lp-f-body-02\">Pour sa quarantaine de premiers num\u00e9ros, Camille Cerf pourra s\u2019appuyer sur des soci\u00e9taires avec qui elle a souvent jou\u00e9 : les journalistes \u00c9milie Mazoyer, Julia Martin, Laurent Luyat et Matthieu Lartot et les com\u00e9diens Armelle et Gwendal Marimoutou.<\/p>\n","protected":false},"excerpt":{"rendered":"\u00ab Quand on fait de la t\u00e9l\u00e9vision, on a l\u2019habitude de g\u00e9rer des al\u00e9as et des urgences. Il&hellip;\n","protected":false},"author":2,"featured_media":465499,"comment_status":"","ping_status":"","sticky":false,"template":"","format":"standard","meta":{"footnotes":""},"categories":[1359],"tags":[872,58,59,1011,27,973,2205],"class_list":{"0":"post-465498","1":"post","2":"type-post","3":"status-publish","4":"format-standard","5":"has-post-thumbnail","7":"category-people","8":"tag-culture-et-loisirs","9":"tag-divertissement","10":"tag-entertainment","11":"tag-fr","12":"tag-france","13":"tag-people","14":"tag-television-medias"},"share_on_mastodon":{"url":"https:\/\/pubeurope.com\/@fr\/115379546748955720","error":""},"_links":{"self":[{"href":"https:\/\/www.europesays.com\/fr\/wp-json\/wp\/v2\/posts\/465498","targetHints":{"allow":["GET"]}}],"collection":[{"href":"https:\/\/www.europesays.com\/fr\/wp-json\/wp\/v2\/posts"}],"about":[{"href":"https:\/\/www.europesays.com\/fr\/wp-json\/wp\/v2\/types\/post"}],"author":[{"embeddable":true,"href":"https:\/\/www.europesays.com\/fr\/wp-json\/wp\/v2\/users\/2"}],"replies":[{"embeddable":true,"href":"https:\/\/www.europesays.com\/fr\/wp-json\/wp\/v2\/comments?post=465498"}],"version-history":[{"count":0,"href":"https:\/\/www.europesays.com\/fr\/wp-json\/wp\/v2\/posts\/465498\/revisions"}],"wp:featuredmedia":[{"embeddable":true,"href":"https:\/\/www.europesays.com\/fr\/wp-json\/wp\/v2\/media\/465499"}],"wp:attachment":[{"href":"https:\/\/www.europesays.com\/fr\/wp-json\/wp\/v2\/media?parent=465498"}],"wp:term":[{"taxonomy":"category","embeddable":true,"href":"https:\/\/www.europesays.com\/fr\/wp-json\/wp\/v2\/categories?post=465498"},{"taxonomy":"post_tag","embeddable":true,"href":"https:\/\/www.europesays.com\/fr\/wp-json\/wp\/v2\/tags?post=465498"}],"curies":[{"name":"wp","href":"https:\/\/api.w.org\/{rel}","templated":true}]}}