{"id":465500,"date":"2025-10-15T18:15:15","date_gmt":"2025-10-15T18:15:15","guid":{"rendered":"https:\/\/www.europesays.com\/fr\/465500\/"},"modified":"2025-10-15T18:15:15","modified_gmt":"2025-10-15T18:15:15","slug":"le-cliche-dune-hyene-dans-un-village-fantome-de-namibie-remporte-le-prix-de-la-photo-animaliere-2025-liberation","status":"publish","type":"post","link":"https:\/\/www.europesays.com\/fr\/465500\/","title":{"rendered":"Le clich\u00e9 d\u2019une hy\u00e8ne dans un village fant\u00f4me de Namibie remporte le prix de la photo animali\u00e8re 2025 \u2013 Lib\u00e9ration"},"content":{"rendered":"<p class=\"sc-cPiKLX AiZTS text-element\">Une b\u00eate qui erre, dans une ville abandonn\u00e9e. Nulle \u00e2me qui vive, rien que des carcasses de maisons, le tout baign\u00e9 dans la clart\u00e9 de la lune qui fait scintiller le granit. C\u2019est une hy\u00e8ne, entour\u00e9e d\u2019un halo de brume, qui regarde curieusement l\u2019objectif. Ce clich\u00e9 Wim van den Heever intitul\u00e9 Ghost Town Visitor (le visiteur de la ville fant\u00f4me) a remport\u00e9 le prix annuel de <a href=\"https:\/\/www.liberation.fr\/arts\/2017\/11\/09\/tim-flach-le-bestiaire-des-ephemeres_1609030\/\" target=\"_blank\" rel=\"nofollow noopener\" title=\"https:\/\/www.liberation.fr\/arts\/2017\/11\/09\/tim-flach-le-bestiaire-des-ephemeres_1609030\/\">la photographie animali\u00e8re<\/a> d\u00e9cern\u00e9 par le Mus\u00e9e d\u2019histoire naturelle de Londres, le 14 octobre. <\/p>\n<p class=\"sc-cPiKLX AiZTS text-element\">Ce photographe sud-africain a sillonn\u00e9 le globe pour capturer la vie sauvage, s\u2019int\u00e9ressant particuli\u00e8rement aux zones prot\u00e9g\u00e9es ou d\u00e9laiss\u00e9es par les humains. Sa photo prim\u00e9e, prise dans le d\u00e9sert de Namibie, a \u00e9t\u00e9 pl\u00e9biscit\u00e9e par les juges qui ont consid\u00e9r\u00e9 qu\u2019elle refl\u00e9tait \u00e0 merveille le \u00abtalent\u00bb et la \u00abcuriosit\u00e9\u00bb de son auteur, comme le pr\u00e9cise un communiqu\u00e9. Surtout, le jury a salu\u00e9 sa \u00abpers\u00e9v\u00e9rance\u00bb puisqu\u2019il a \u00abconsacr\u00e9 dix ans \u00e0 obtenir cette photographie extraordinaire\u00bb. <\/p>\n<p class=\"sc-cPiKLX AiZTS text-element\">Il est en effet rare de croiser l\u2019animal qui figure sur le clich\u00e9, \u00e0 plus forte raison dans une ville. Il s\u2019agit d\u2019une hy\u00e8ne brune, dont l\u2019esp\u00e8ce est consid\u00e9r\u00e9e comme <a href=\"https:\/\/www.liberation.fr\/environnement\/biodiversite\/mammiferes-poissons-oiseaux-et-reptiles-letat-des-lieux-mondial-du-wwf-montre-un-effondrement-de-73-des-populations-de-vertebres-sauvages-20241010_ZFFNRAQWXFBKXN4URP3FSN34IE\/\" target=\"_blank\" rel=\"nofollow noopener\" title=\"https:\/\/www.liberation.fr\/environnement\/biodiversite\/mammiferes-poissons-oiseaux-et-reptiles-letat-des-lieux-mondial-du-wwf-montre-un-effondrement-de-73-des-populations-de-vertebres-sauvages-20241010_ZFFNRAQWXFBKXN4URP3FSN34IE\/\">quasi menac\u00e9e<\/a> du fait de sa faible population \u2013 entre 4 000 et 10 000. Pendant des ann\u00e9es, le photographe sud-africain a traqu\u00e9 ses empreintes dans le d\u00e9sert, sans jamais parvenir \u00e0 en croise une. Jusqu\u2019\u00e0 ce que l\u2019une d\u2019elles s\u2019aventure dans les ruelles du village de Kolmanskop, et tombe nez \u00e0 nez avec le photographe. <\/p>\n<p class=\"sc-cPiKLX sc-crhfPb ka-DgwP kxwMat\">Avec un essaim de t\u00eatards, le Canadien Shane Gross remporte le prix de la photographie animali\u00e8re 2024<\/p>\n<p class=\"sc-cPiKLX AiZTS text-element\">La pr\u00e9sence de cette hy\u00e8ne en milieu urbain, \u00e0 premi\u00e8re vue surprenante, s\u2019explique par le fait que le lieu o\u00f9 elle vagabonde est d\u00e9saffect\u00e9. Auparavant s\u2019y trouvaient des mines de diamants, grandement exploit\u00e9es au XXe si\u00e8cle, avant leur \u00e9puisement dans les ann\u00e9es 1960. Kolmanskop est donc un lieu fant\u00f4me, o\u00f9 errent seulement des b\u00eates dont des hy\u00e8nes. Celles-ci sont d\u2019ailleurs indispensables dans ces \u00e9cosyst\u00e8mes presque d\u00e9sertiques, contextualise le Mus\u00e9e d\u2019Histoire naturelle. \u00abCharognardes, elles nettoient en se nourrissant d\u2019animaux morts, mais redistribuent \u00e9galement les nutriments\u00bb via leurs excr\u00e9ments ou avec le reste des carcasses qu\u2019elles ont consomm\u00e9es. <\/p>\n<p class=\"sc-cPiKLX AiZTS text-element\">Kolmanskop \u00ab\u00e9tait autrefois un environnement domin\u00e9 par l\u2019homme, mais ce n\u2019est plus le cas\u00bb, remarque Kathy Moran, pr\u00e9sidente du jury du prix au sujet du clich\u00e9 r\u00e9compens\u00e9. \u00abAbandonn\u00e9e par les mineurs, la faune a pris le dessus. Repeupl\u00e9e, en quelque sorte. Est-ce encore une ville ? Il me semble que oui, mais elle n\u2019est plus \u00e0 nous\u00bb. <\/p>\n","protected":false},"excerpt":{"rendered":"Une b\u00eate qui erre, dans une ville abandonn\u00e9e. Nulle \u00e2me qui vive, rien que des carcasses de maisons,&hellip;\n","protected":false},"author":2,"featured_media":465501,"comment_status":"","ping_status":"","sticky":false,"template":"","format":"standard","meta":{"footnotes":""},"categories":[1358],"tags":[1348,1384,1385,5253,413,1386,58,59,1011,27,58921],"class_list":{"0":"post-465500","1":"post","2":"type-post","3":"status-publish","4":"format-standard","5":"has-post-thumbnail","7":"category-arts-et-design","8":"tag-arts","9":"tag-arts-and-design","10":"tag-arts-et-design","11":"tag-biodiversite-cest-la-sante","12":"tag-ca-va-mieux-lisant","13":"tag-design","14":"tag-divertissement","15":"tag-entertainment","16":"tag-fr","17":"tag-france","18":"tag-namibie"},"share_on_mastodon":{"url":"https:\/\/pubeurope.com\/@fr\/115379550564081219","error":""},"_links":{"self":[{"href":"https:\/\/www.europesays.com\/fr\/wp-json\/wp\/v2\/posts\/465500","targetHints":{"allow":["GET"]}}],"collection":[{"href":"https:\/\/www.europesays.com\/fr\/wp-json\/wp\/v2\/posts"}],"about":[{"href":"https:\/\/www.europesays.com\/fr\/wp-json\/wp\/v2\/types\/post"}],"author":[{"embeddable":true,"href":"https:\/\/www.europesays.com\/fr\/wp-json\/wp\/v2\/users\/2"}],"replies":[{"embeddable":true,"href":"https:\/\/www.europesays.com\/fr\/wp-json\/wp\/v2\/comments?post=465500"}],"version-history":[{"count":0,"href":"https:\/\/www.europesays.com\/fr\/wp-json\/wp\/v2\/posts\/465500\/revisions"}],"wp:featuredmedia":[{"embeddable":true,"href":"https:\/\/www.europesays.com\/fr\/wp-json\/wp\/v2\/media\/465501"}],"wp:attachment":[{"href":"https:\/\/www.europesays.com\/fr\/wp-json\/wp\/v2\/media?parent=465500"}],"wp:term":[{"taxonomy":"category","embeddable":true,"href":"https:\/\/www.europesays.com\/fr\/wp-json\/wp\/v2\/categories?post=465500"},{"taxonomy":"post_tag","embeddable":true,"href":"https:\/\/www.europesays.com\/fr\/wp-json\/wp\/v2\/tags?post=465500"}],"curies":[{"name":"wp","href":"https:\/\/api.w.org\/{rel}","templated":true}]}}