{"id":465502,"date":"2025-10-15T18:16:32","date_gmt":"2025-10-15T18:16:32","guid":{"rendered":"https:\/\/www.europesays.com\/fr\/465502\/"},"modified":"2025-10-15T18:16:32","modified_gmt":"2025-10-15T18:16:32","slug":"rencontre-litteraire-avec-helene-laurain-ce-vendredi","status":"publish","type":"post","link":"https:\/\/www.europesays.com\/fr\/465502\/","title":{"rendered":"Rencontre litt\u00e9raire avec H\u00e9l\u00e8ne Laurain ce vendredi"},"content":{"rendered":"<p>\u00c0 l\u2019occasion de la manifestation Les Passerelles, la m\u00e9diath\u00e8que accueillera H\u00e9l\u00e8ne Laurain ce vendredi 17\u00a0octobre \u00e0 20\u00a0h. L\u2019autrice viendra pr\u00e9senter son roman Tambora , r\u00e9cit consacr\u00e9 \u00e0 une femme confront\u00e9e aux \u00e9preuves de la maternit\u00e9. L\u2019ouvrage est en lice pour le prix Goncourt 2025.<\/p>\n<p class=\"note\">Entr\u00e9e gratuite. R\u00e9servation au 03\u00a082\u00a082\u00a019\u00a074 ou par courriel \u00e0 mediatheque@basse-ham.fr<\/p>\n","protected":false},"excerpt":{"rendered":"\u00c0 l\u2019occasion de la manifestation Les Passerelles, la m\u00e9diath\u00e8que accueillera H\u00e9l\u00e8ne Laurain ce vendredi 17\u00a0octobre \u00e0 20\u00a0h. L\u2019autrice&hellip;\n","protected":false},"author":2,"featured_media":465503,"comment_status":"","ping_status":"","sticky":false,"template":"","format":"standard","meta":{"footnotes":""},"categories":[1357],"tags":[58922,1379,58923,1687,58,7162,59,1011,27,1380,2410],"class_list":{"0":"post-465502","1":"post","2":"type-post","3":"status-publish","4":"format-standard","5":"has-post-thumbnail","7":"category-livres","8":"tag-basse-ham","9":"tag-books","10":"tag-ca-portes-de-france-thionville-57f","11":"tag-culture-loisirs","12":"tag-divertissement","13":"tag-edition-thionville-hayange","14":"tag-entertainment","15":"tag-fr","16":"tag-france","17":"tag-livres","18":"tag-livres-bd"},"share_on_mastodon":{"url":"https:\/\/pubeurope.com\/@fr\/115379554503789241","error":""},"_links":{"self":[{"href":"https:\/\/www.europesays.com\/fr\/wp-json\/wp\/v2\/posts\/465502","targetHints":{"allow":["GET"]}}],"collection":[{"href":"https:\/\/www.europesays.com\/fr\/wp-json\/wp\/v2\/posts"}],"about":[{"href":"https:\/\/www.europesays.com\/fr\/wp-json\/wp\/v2\/types\/post"}],"author":[{"embeddable":true,"href":"https:\/\/www.europesays.com\/fr\/wp-json\/wp\/v2\/users\/2"}],"replies":[{"embeddable":true,"href":"https:\/\/www.europesays.com\/fr\/wp-json\/wp\/v2\/comments?post=465502"}],"version-history":[{"count":0,"href":"https:\/\/www.europesays.com\/fr\/wp-json\/wp\/v2\/posts\/465502\/revisions"}],"wp:featuredmedia":[{"embeddable":true,"href":"https:\/\/www.europesays.com\/fr\/wp-json\/wp\/v2\/media\/465503"}],"wp:attachment":[{"href":"https:\/\/www.europesays.com\/fr\/wp-json\/wp\/v2\/media?parent=465502"}],"wp:term":[{"taxonomy":"category","embeddable":true,"href":"https:\/\/www.europesays.com\/fr\/wp-json\/wp\/v2\/categories?post=465502"},{"taxonomy":"post_tag","embeddable":true,"href":"https:\/\/www.europesays.com\/fr\/wp-json\/wp\/v2\/tags?post=465502"}],"curies":[{"name":"wp","href":"https:\/\/api.w.org\/{rel}","templated":true}]}}