{"id":465504,"date":"2025-10-15T18:17:17","date_gmt":"2025-10-15T18:17:17","guid":{"rendered":"https:\/\/www.europesays.com\/fr\/465504\/"},"modified":"2025-10-15T18:17:17","modified_gmt":"2025-10-15T18:17:17","slug":"demain-nous-appartient-du-mercredi-15-octobre-2025-episode-2053-tf1","status":"publish","type":"post","link":"https:\/\/www.europesays.com\/fr\/465504\/","title":{"rendered":"Demain nous appartient du mercredi 15 octobre 2025 &#8211; Episode 2053 &#8211; TF1+"},"content":{"rendered":"<ol>\n<li><a href=\"https:\/\/news.google.com\/rss\/articles\/CBMiygFBVV95cUxOWDJOZm02UlQtUFZaQ3V1STIxYWNqeUppTGdTWXBUcEl5Sl9vbEUwaU0tMVVyS0RVYWZMU1lWNm91OTc3Sm9JT1cwdjdHem5aX1Etb2l0UEhUWEVsWTlINENZMXBQMWdSR3FPVnF5WjhzbmQ4VHRFRVVlM1p4VzN3bFdkMUo3eEM1SF9WeFBaRTNEOUdjTlYzZFhBMU1jalY1ME85MGhiZkdIUi1mMTJhQzkxZjZVTDUydHlyQ2s3S0JPSUxOSWZDSHp3?oc=5\" target=\"_blank\" rel=\"noopener\">Demain nous appartient du mercredi 15 octobre 2025 &#8211; Episode 2053<\/a>&nbsp;&nbsp;TF1+<\/li>\n<li><a href=\"https:\/\/news.google.com\/rss\/articles\/CBMiqAJBVV95cUxNV2JxQ2s4TW14YkFOLVVReThsVGlTekprMkpRX2lHbmlKNElmbllSRWRqTjFLdW93amk1S09yaUtjYlpCenBOc0JRREJNTUxIUGFlZkd2N0VERzRyNnMzc2VmckFDRHk5UFNLUWxERzlfS25iV1JESEpmU3JKbmp3YzhhaFJPRjktLXpWU3pXMkplUUlHUHdHa3NzN2pQeG9fQ1Atd0V5cHBVOHpRWFNBMC1pMFBYaDBNVndpRjU5VTFWQVZuRlNybVdpUFZIV2o1c1pSWjlWeUxzUl9RRUE3blZaemlpY3lnc1B1dmlRalV0UTNXamVPVWQwWklHMXlkVzIxQmpkLWl5dDJYM3A4dllZY2dadi1zdkJNVGk5a0I4bnJGUFNiRg?oc=5\" target=\"_blank\" rel=\"noopener\">Demain nous appartient : ce qui vous attend dans les \u00e9pisodes 2052 et 2053 du mercredi 15 octobre 2025 [SPOILERS]<\/a>&nbsp;&nbsp;Portail Orange<\/li>\n<li><a href=\"https:\/\/news.google.com\/rss\/articles\/CBMi4wJBVV95cUxNU2JGNC16VjFfTHJyaUZuaHRmUVdpcGw1SUItU1d2Y21mdm54SWE1aGp0aTZ6aWlhUHdBVThlSHF0U2RTSWdwUHNiRWpSUlhrTWZzWGxxX0hhMTJJOWdYOWFuSHZzeUd2QzNLeHBtMWtVTlpxeE52c2NncFBJeXhCVmFPTTV3S09WZU1KMm1Vd1hxNW0zV2l1U0RiOHdYLTQwYXhIVnNCbDljcXZFMFFGa2dYamR2OVlXczRjZnlFMUl2UUNUV0JkMUx5ZVBPRER1WlJxZlJJNTBNN04zUEFGTGM3WFk3bXNJUGp6cENsRkswMnZTQ2VYZUlfNFA0RGwxVlVXZmNxN0VOTFBQcFkxSC1LMThnTnBuWGZKbEVIVzdWcUIzQjU0UFJRZVNud1pLbW1rdWs0cVQ1clhhUzFWTTJGQTJvZk1ObFRWTnRfREREMWFnUHZYYXh3UXBBeDU1dklr?oc=5\" target=\"_blank\" rel=\"noopener\">Demain nous appartient en avance : Bart sain et sauf mais Augustin risque de le bruler vif, Marine quitte Samuel, Oc\u00e9ane sort du coma&#8230; Le r\u00e9sum\u00e9 des \u00e9pisodes 2052 et 2053 du mercredi 15 octobre 2025<\/a>&nbsp;&nbsp;programme-tv.net<\/li>\n<li><a href=\"https:\/\/news.google.com\/rss\/articles\/CBMikwFBVV95cUxNUnlmNkxaS21kejlaX1FzWS13OVU2MGFtNFVPaXM1NkROZ0dmTTcxZVNzVHU2bW1MOTVvaDRQSUxKQU9rQ0xBcG9RcXF1WmRMUk9kMkVnZGYyNTdrZzI1aVFuZkFpYUEtdXFXOEdKYTdwOWJrMDIyb2MzSXpQeEpqRFZnLVNqY0ZuLUR0ajdxVGc3U2M?oc=5\" target=\"_blank\" rel=\"noopener\">Demain nous appartient (spoiler) : la mort de Bart ?<\/a>&nbsp;&nbsp;Toutelatele<\/li>\n<li><a href=\"https:\/\/news.google.com\/rss\/articles\/CBMi8gFBVV95cUxPcGdmTlJkUG9XUG8wdVozdWUwZ3BELUhSNEVTQno3TTNEc1hHVTAtaktMOC1TNngyZFcwM0VUMkRaQnp2d2hjLTRJR0xzMUEtRjkxd01zMU5nam1hVmx3UjFlQXpXS3FCdU1KcU55dTdPUlRKbUNEUjFiRlY0RFdIN0dSRHh5YXpnbnc2SHZwQlo4ZW1Bem5yWUdIOXJZbVFiNTRmMHVZbDI1c09qelQyNWZGdFVTcXRsWk85X0oxMkRLa2ZQYlROTUJwOHRxSGpwRUNMUDVYWDExZjdaa0J0eVI1MVBwN1BBS3Rad29KQUxBUQ?oc=5\" target=\"_blank\" rel=\"noopener\">Demain nous appartient : \u00ab\u00a0J\u2019aurais presque pu la tuer\u2026\u00a0\u00bb Le r\u00e9sum\u00e9 du 15 octobre (SPOILERS)<\/a>&nbsp;&nbsp;T\u00e9l\u00e9 7 Jours<\/li>\n<\/ol>\n","protected":false},"excerpt":{"rendered":"Demain nous appartient du mercredi 15 octobre 2025 &#8211; Episode 2053&nbsp;&nbsp;TF1+ Demain nous appartient : ce qui vous&hellip;\n","protected":false},"author":2,"featured_media":465505,"comment_status":"","ping_status":"","sticky":false,"template":"","format":"standard","meta":{"footnotes":""},"categories":[1356],"tags":[4090,43004,58,59,1365,4089,43003,41047,1011,27,43001,43011,43015,43002,43012,43016,43008,43007,43013,43014,43009,43010,252,1364,43005,43006],"class_list":{"0":"post-465504","1":"post","2":"type-post","3":"status-publish","4":"format-standard","5":"has-post-thumbnail","7":"category-television","8":"tag-demain-nous-appartient-episode","9":"tag-demain-nous-appartient-episode-tf1","10":"tag-divertissement","11":"tag-entertainment","12":"tag-episode","13":"tag-episode-demain-nous-appartient","14":"tag-episode-demain-nous-appartient-tf1","15":"tag-episode-tf1","16":"tag-fr","17":"tag-france","18":"tag-serie-demain-nous-appartient","19":"tag-serie-demain-nous-appartient-streaming","20":"tag-serie-demain-nous-appartient-streaming-gratuit","21":"tag-serie-demain-nous-appartient-tf1","22":"tag-serie-demain-nous-appartient-tf1-streaming","23":"tag-serie-demain-nous-appartient-tf1-streaming-gratuit","24":"tag-serie-demain-nous-appartient-tf1-video","25":"tag-serie-demain-nous-appartient-video","26":"tag-streaming-gratuit-serie-demain-nous-appartient","27":"tag-streaming-gratuit-serie-demain-nous-appartient-tf1","28":"tag-streaming-serie-demain-nous-appartient","29":"tag-streaming-serie-demain-nous-appartient-tf1","30":"tag-television","31":"tag-tv","32":"tag-video-serie-demain-nous-appartient","33":"tag-video-serie-demain-nous-appartient-tf1"},"share_on_mastodon":{"url":"","error":"Validation failed: Text character limit of 500 exceeded"},"_links":{"self":[{"href":"https:\/\/www.europesays.com\/fr\/wp-json\/wp\/v2\/posts\/465504","targetHints":{"allow":["GET"]}}],"collection":[{"href":"https:\/\/www.europesays.com\/fr\/wp-json\/wp\/v2\/posts"}],"about":[{"href":"https:\/\/www.europesays.com\/fr\/wp-json\/wp\/v2\/types\/post"}],"author":[{"embeddable":true,"href":"https:\/\/www.europesays.com\/fr\/wp-json\/wp\/v2\/users\/2"}],"replies":[{"embeddable":true,"href":"https:\/\/www.europesays.com\/fr\/wp-json\/wp\/v2\/comments?post=465504"}],"version-history":[{"count":0,"href":"https:\/\/www.europesays.com\/fr\/wp-json\/wp\/v2\/posts\/465504\/revisions"}],"wp:featuredmedia":[{"embeddable":true,"href":"https:\/\/www.europesays.com\/fr\/wp-json\/wp\/v2\/media\/465505"}],"wp:attachment":[{"href":"https:\/\/www.europesays.com\/fr\/wp-json\/wp\/v2\/media?parent=465504"}],"wp:term":[{"taxonomy":"category","embeddable":true,"href":"https:\/\/www.europesays.com\/fr\/wp-json\/wp\/v2\/categories?post=465504"},{"taxonomy":"post_tag","embeddable":true,"href":"https:\/\/www.europesays.com\/fr\/wp-json\/wp\/v2\/tags?post=465504"}],"curies":[{"name":"wp","href":"https:\/\/api.w.org\/{rel}","templated":true}]}}