{"id":465520,"date":"2025-10-15T18:26:12","date_gmt":"2025-10-15T18:26:12","guid":{"rendered":"https:\/\/www.europesays.com\/fr\/465520\/"},"modified":"2025-10-15T18:26:12","modified_gmt":"2025-10-15T18:26:12","slug":"voici-la-peine-requise-a-lencontre-de-laccuse-le-verdict-attendu-vendredi","status":"publish","type":"post","link":"https:\/\/www.europesays.com\/fr\/465520\/","title":{"rendered":"voici la peine requise \u00e0 l\u2019encontre de l\u2019accus\u00e9, le verdict attendu vendredi"},"content":{"rendered":"<p>        <img decoding=\"async\" loading=\"lazy\" src=\"https:\/\/www.europesays.com\/fr\/wp-content\/uploads\/2025\/10\/8da5213_upload-1-5uxupoaonhra-afp-20250923-76hr768-v5-highres-francecrimewomentrialmissing.jpg\"  width=\"728\" height=\"409\" alt=\"C\u00e9dric Jubillar, photographi\u00e9 dans la salle d\u2019assises du Tarn, \u00e0 l\u2019ouverture de l\u2019audience de son proc\u00e8s pour le meurtre de sa femme Delphine Jubillar.\"\/>  <\/p>\n<p>LIONEL BONAVENTURE \/ AFP<\/p>\n<p>C\u00e9dric Jubillar, photographi\u00e9 dans la salle d\u2019assises du Tarn, \u00e0 l\u2019ouverture de l\u2019audience de son proc\u00e8s pour le meurtre de sa femme Delphine Jubillar.<\/p>\n<p class=\"asset asset-text\">JUSTICE &#8211; Le proc\u00e8s de <a href=\"https:\/\/www.huffingtonpost.fr\/faits-divers\/article\/cedric-jubillar-fait-de-premiers-aveux-a-son-proces_255512.html\" target=\"_blank\" rel=\"noopener\">C\u00e9dric Jubillar<\/a> touche \u00e0 sa fin. Apr\u00e8s quatre semaines d\u2019audiences, les avocats g\u00e9n\u00e9raux ont requis, ce mercredi 15\u00a0octobre, une peine de trente ans de r\u00e9clusion criminelle requise \u00e0 l\u2019encontre de l\u2019accus\u00e9, qui compara\u00eet devant la cour d\u2019assises du Tarn pour le <a href=\"https:\/\/www.huffingtonpost.fr\/justice\/article\/proces-de-cedric-jubillar-sur-quoi-sa-defense-compte-s-appuyer-pour-tenter-de-lui-eviter-la-condamnation_255016.html\" target=\"_blank\" rel=\"noopener\">meurtre de sa femme Delphine<\/a>, disparue en d\u00e9cembre\u00a02020.<\/p>\n<p class=\"asset asset-text\">L\u2019avocat g\u00e9n\u00e9ral Pierre Aurignac a demand\u00e9 \u00ab\u00a0une r\u00e9ponse p\u00e9nale extr\u00eamement ferme\u00a0\u00bb pour un \u00ab\u00a0meurtre aggrav\u00e9\u00a0\u00bb dont le corps n\u2019a jamais \u00e9t\u00e9 retrouv\u00e9. Un peu plus t\u00f4t, son coll\u00e8gue Nicolas Ruff avait aux jur\u00e9s dit sa conviction que C\u00e9dric Jubillar est \u00ab\u00a0coupable\u00a0\u00bb. \u00ab\u00a0Je prononce ces mots qui accusent en assumant pleinement leurs cons\u00e9quences et en esp\u00e9rant vous convaincre de condamner C\u00e9dric Jubillar pour le meurtre de Delphine\u00a0\u00bb, a-t-il d\u00e9clar\u00e9 aux jur\u00e9s.<\/p>\n<p class=\"asset asset-text\">\u00ab\u00a0Au bout du chemin, je n\u2019ai aucun doute sur le fait que Delphine Aussaguel est morte\u00a0\u00bb\u00a0le soir du 15 d\u00e9cembre 2020,\u00a0\u00ab\u00a0je n\u2019ai aucun doute sur le fait que c\u2019est C\u00e9dric Jubillar qui l\u2019a tu\u00e9e\u00a0\u00bb, a-t-il affirm\u00e9, estimant que les jur\u00e9s devraient eux aussi parcourir le m\u00eame chemin, en se posant\u00a0\u00ab\u00a0les m\u00eames questions\u00a0\u00bb.<\/p>\n<p class=\"asset asset-text\">Descendu dans le pr\u00e9toire pour s\u2019adresser\u00a0\u00ab\u00a0uniquement\u00a0\u00bb\u00a0\u00e0 la cour et aux jur\u00e9s, Nicolas Ruff les a appel\u00e9s \u00e0 ne pas rendre une\u00a0\u00ab\u00a0justice des on-dit\u00a0\u00bb dans un dossier qui a vu\u00a0\u00ab\u00a0le pire de ce que peut \u00eatre la m\u00e9diatisation\u00a0\u00bb. Sans hausser le ton, regardant r\u00e9guli\u00e8rement l\u2019accus\u00e9 et sa d\u00e9fense, Nicolas Ruff s\u2019est d\u00e9fendu d\u2019\u00eatre un\u00a0\u00ab\u00a0mercenaire de l\u2019accusation\u00a0\u00bb, affirmant livrer son\u00a0\u00ab\u00a0analyse factuelle et juridique d\u2019un dossier\u00a0\u00bb.<\/p>\n<p class=\"asset asset-text\">Et si l\u2019absence du corps de Delphine Jubillar\u00a0\u00ab\u00a0rend votre travail judiciaire plus compliqu\u00e9\u00a0\u00bb, a-t-il dit aux jur\u00e9s,\u00a0\u00ab\u00a0elle n\u2019emp\u00eache pas la justice de travailler\u00a0\u00bb\u00a0et\u00a0\u00ab\u00a0on doit condamner quand il y a des \u00e9l\u00e9ments qui convergent\u00a0\u00bb, a-t-il insist\u00e9.<\/p>\n<p class=\"asset asset-text\">\u00ab\u00a0Dire que ce dossier est vide, c\u2019est ne pas voir\u00bb, a poursuivi le magistrat en r\u00e9f\u00e9rence \u00e0 la ligne de d\u00e9fense des avocats de C\u00e9dric Jubillad. Loin du\u00a0\u00ab\u00a0d\u00e9sastre judiciaire\u00a0\u00bb\u00a0annonc\u00e9 par la d\u00e9fense si leur client \u00e9tait condamn\u00e9, Nicolas Ruff a estim\u00e9 que les indices d\u00e9montraient au contraire que\u00a0\u00ab\u00a0C\u00e9dric Jubillar est coupable du meurtre de Delphine Aussaguel\u00a0\u00bb.<\/p>\n<p>    Escquives et contradictions    <\/p>\n<p class=\"asset asset-text\">Les deux repr\u00e9sentants de l\u2019accusation ont questionn\u00e9 C\u00e9dric Jubillar avec courtoisie pendant pr\u00e8s d\u2019un mois, mais ses <a href=\"https:\/\/www.huffingtonpost.fr\/justice\/article\/voiture-garee-en-montee-ou-en-descente-cedric-jubillar-se-contredit-sur-ce-point-cle-a-son-proces_255719.html\" target=\"_blank\" rel=\"noopener\">esquives et contradictions<\/a> ont fini par les agacer. \u00ab\u00a0\u00c0 chaque fois qu\u2019on essaie de dialoguer avec vous, vous vous d\u00e9robez, c\u2019est un peu vain de discuter\u00a0\u00bb, a ainsi regrett\u00e9 Pierre Aurignac lundi, lors du long interrogatoire de C\u00e9dric Jubillar. \u00ab\u00a0Vous dites tout et son contraire sur tout et n\u2019importe quoi\u00a0\u00bb, s\u2019est aussi exasp\u00e9r\u00e9 Nicolas Ruff lors de la m\u00eame journ\u00e9e.<\/p>\n<p class=\"asset asset-text\">Delphine Jubillar a disparu dans la nuit du 15\u00a0au 16\u00a0d\u00e9cembre\u00a02020. Son mari, principal suspect depuis le d\u00e9but de l\u2019enqu\u00eate, aura l\u2019opportunit\u00e9 de s\u2019exprimer une derni\u00e8re fois devant la cour vendredi avant qu\u2019elle ne se retire pour d\u00e9battre puis qu\u2019elle rende son verdict. Il clame son innocence depuis le d\u00e9but.<\/p>\n","protected":false},"excerpt":{"rendered":"LIONEL BONAVENTURE \/ AFP C\u00e9dric Jubillar, photographi\u00e9 dans la salle d\u2019assises du Tarn, \u00e0 l\u2019ouverture de l\u2019audience de&hellip;\n","protected":false},"author":2,"featured_media":465521,"comment_status":"","ping_status":"","sticky":false,"template":"","format":"standard","meta":{"footnotes":""},"categories":[4],"tags":[11,2715,1011,27,303,12,2694,25],"class_list":{"0":"post-465520","1":"post","2":"type-post","3":"status-publish","4":"format-standard","5":"has-post-thumbnail","7":"category-france","8":"tag-actualites","9":"tag-disparition","10":"tag-fr","11":"tag-france","12":"tag-justice","13":"tag-news","14":"tag-proces","15":"tag-republique-francaise"},"share_on_mastodon":{"url":"https:\/\/pubeurope.com\/@fr\/115379594329584335","error":""},"_links":{"self":[{"href":"https:\/\/www.europesays.com\/fr\/wp-json\/wp\/v2\/posts\/465520","targetHints":{"allow":["GET"]}}],"collection":[{"href":"https:\/\/www.europesays.com\/fr\/wp-json\/wp\/v2\/posts"}],"about":[{"href":"https:\/\/www.europesays.com\/fr\/wp-json\/wp\/v2\/types\/post"}],"author":[{"embeddable":true,"href":"https:\/\/www.europesays.com\/fr\/wp-json\/wp\/v2\/users\/2"}],"replies":[{"embeddable":true,"href":"https:\/\/www.europesays.com\/fr\/wp-json\/wp\/v2\/comments?post=465520"}],"version-history":[{"count":0,"href":"https:\/\/www.europesays.com\/fr\/wp-json\/wp\/v2\/posts\/465520\/revisions"}],"wp:featuredmedia":[{"embeddable":true,"href":"https:\/\/www.europesays.com\/fr\/wp-json\/wp\/v2\/media\/465521"}],"wp:attachment":[{"href":"https:\/\/www.europesays.com\/fr\/wp-json\/wp\/v2\/media?parent=465520"}],"wp:term":[{"taxonomy":"category","embeddable":true,"href":"https:\/\/www.europesays.com\/fr\/wp-json\/wp\/v2\/categories?post=465520"},{"taxonomy":"post_tag","embeddable":true,"href":"https:\/\/www.europesays.com\/fr\/wp-json\/wp\/v2\/tags?post=465520"}],"curies":[{"name":"wp","href":"https:\/\/api.w.org\/{rel}","templated":true}]}}